{"id":1002,"date":"2011-08-24T09:58:10","date_gmt":"2011-08-24T08:58:10","guid":{"rendered":"http:\/\/www.torrevado.info\/news\/?p=1002"},"modified":"2023-10-09T09:22:35","modified_gmt":"2023-10-09T07:22:35","slug":"presentiamoci-notizie-morcianesi-1983","status":"publish","type":"post","link":"https:\/\/www.torrevado.info\/news\/index.php\/2011\/08\/presentiamoci-notizie-morcianesi-1983.html","title":{"rendered":"Presentiamoci &#8211; Notizie Morcianesi 1983"},"content":{"rendered":"<p>Prima Uscita AVIS, pagina 2, Febbraio 1983 &#8211; Notizie Morcianesi<\/p>\n<p><strong>Presentiamoci<\/strong><\/p>\n<p>&#8220;Notizie Morcianesi&#8221; \u00e8 un foglio ciclostilato, nato dall&#8217;esigenza di parlare tra noi di cose di casa nostra, dei nostri problemi, delle nostre speranze.<br \/>\nIn un primo momento si pensava solo a un bollettino della sez. comunale AVIS Morcianese. Questa funzione abbiamo pensato di conservarla, accanto a quella di una informazione di fatti, commenti della nostra comunit\u00e0.<br \/>\nUn foglio quindi, strettamente legato al nostro campanile,&nbsp; limitato nelle argomentazioni. Nel periodo di stra-potere dei mass media nel quale i commenti di carattere nazionale o mondiale occupano gran parte delle nostre attenzioni, dei nostri commenti, crediamo che non faccia assolutamente male rivolgere lo sguardo ai fatti che, pur avendo accanto a noi, spesso ci sfuggono.<\/p>\n<div id=\"attachment_1229\" style=\"width: 604px\" class=\"wp-caption alignleft\"><a href=\"https:\/\/www.torrevado.info\/news\/wp-content\/uploads\/2011\/07\/notizie-morcianesi.jpg\" data-rel=\"lightbox-gallery-SThtjioH\" data-rl_title=\"notizie-morcianesi\" data-rl_caption=\"\"><img loading=\"lazy\" decoding=\"async\" aria-describedby=\"caption-attachment-1229\" class=\"size-full wp-image-1229\" title=\"notizie-morcianesi\" src=\"https:\/\/www.torrevado.info\/news\/wp-content\/uploads\/2011\/07\/notizie-morcianesi.jpg\" alt=\"Vito De Giorgi Con Notizie Morcianesi\" width=\"594\" height=\"427\" srcset=\"https:\/\/www.torrevado.info\/news\/wp-content\/uploads\/2011\/07\/notizie-morcianesi.jpg 698w, https:\/\/www.torrevado.info\/news\/wp-content\/uploads\/2011\/07\/notizie-morcianesi-300x215.jpg 300w\" sizes=\"auto, (max-width: 594px) 100vw, 594px\" \/><\/a><p id=\"caption-attachment-1229\" class=\"wp-caption-text\">Vito De Giorgi Con Notizie Morcianesi<\/p><\/div>\n<p>Un giornalino, quindi, ricco di commenti pi\u00f9 che di fatti. E di commenti sulla vita morcianese, come sulla vita di ogni piccolo o grande comune, crediamo che ce ne siano da fare. L&#8217;AVIS cura la redazione, mette a disposizione gli scarsi mezzi ha, la sua organizzazione, cercher\u00e0 di dare spazio a chi voglia esprimere proprie opinioni; cercher\u00e0 di mantenere un&#8217;autonomia la pi\u00f9 ampia possibile del foglio, perch\u00e8 il rischio di farlo cadere in mano a una componente o all&#8217;altra esiste e ne comprometterebbe la vita stessa. Per il momenti usciremo quando sar\u00e0 possibile senza stabilire scadenze fisse.<\/p>\n<p>Quello di cui abbiamo bisogno: della solidariet\u00e0 di tutti, perch\u00e8 ci rivolgiamo a&nbsp; tutti. Senza questo fondamentale apporto, il discorso che intendiamo cominciare \u00e8 destinato a morire.<br \/>\nIl Direttore<br \/>\n(Vito Degiorgi)<\/p>\n","protected":false},"excerpt":{"rendered":"<p>Prima Uscita AVIS, pagina 2, Febbraio 1983 &#8211; Notizie Morcianesi Presentiamoci &#8220;Notizie Morcianesi&#8221; \u00e8 un foglio ciclostilato, nato dall&#8217;esigenza di parlare tra noi di cose di casa nostra, dei nostri problemi, delle nostre speranze. In un primo momento si pensava solo a un bollettino della sez. comunale AVIS Morcianese. Questa funzione abbiamo pensato di conservarla, accanto a quella di una informazione di fatti, commenti della nostra comunit\u00e0. Un foglio quindi, strettamente legato al nostro campanile,&nbsp; limitato nelle argomentazioni. Nel periodo [&hellip;]<\/p>\n","protected":false},"author":13,"featured_media":0,"comment_status":"open","ping_status":"closed","sticky":false,"template":"","format":"standard","meta":{"footnotes":""},"categories":[492],"tags":[],"class_list":["post-1002","post","type-post","status-publish","format-standard","hentry","category-notizie-morcianesi"],"yoast_head":"<!-- This site is optimized with the Yoast SEO plugin v24.7 - https:\/\/yoast.com\/wordpress\/plugins\/seo\/ -->\r\n<title>Presentiamoci - Notizie Morcianesi 1983<\/title>\r\n<meta name=\"description\" content=\"Nel periodo di stra-potere dei mass media, non fa male rivolgere lo sguardo ai fatti che spesso sfuggono, al di l\u00e0 di qualsiasi coinvolgimento politico.\" \/>\r\n<meta name=\"robots\" content=\"index, follow, max-snippet:-1, max-image-preview:large, max-video-preview:-1\" \/>\r\n<link rel=\"canonical\" href=\"https:\/\/www.torrevado.info\/news\/index.php\/2011\/08\/presentiamoci-notizie-morcianesi-1983.html\" \/>\r\n<meta property=\"og:locale\" content=\"it_IT\" \/>\r\n<meta property=\"og:type\" content=\"article\" \/>\r\n<meta property=\"og:title\" content=\"Presentiamoci - Notizie Morcianesi 1983\" \/>\r\n<meta property=\"og:description\" content=\"Nel periodo di stra-potere dei mass media, non fa male rivolgere lo sguardo ai fatti che spesso sfuggono, al di l\u00e0 di qualsiasi coinvolgimento politico.\" \/>\r\n<meta property=\"og:url\" content=\"https:\/\/www.torrevado.info\/news\/index.php\/2011\/08\/presentiamoci-notizie-morcianesi-1983.html\" \/>\r\n<meta property=\"og:site_name\" content=\"Eventi e Notizie del Salento\" \/>\r\n<meta property=\"article:published_time\" content=\"2011-08-24T08:58:10+00:00\" \/>\r\n<meta property=\"article:modified_time\" content=\"2023-10-09T07:22:35+00:00\" \/>\r\n<meta property=\"og:image\" content=\"https:\/\/www.torrevado.info\/news\/wp-content\/uploads\/2011\/07\/notizie-morcianesi.jpg\" \/>\r\n<meta name=\"author\" content=\"raffy\" \/>\r\n<meta name=\"twitter:card\" content=\"summary_large_image\" \/>\r\n<meta name=\"twitter:label1\" content=\"Scritto da\" \/>\n\t<meta name=\"twitter:data1\" content=\"raffy\" \/>\n\t<meta name=\"twitter:label2\" content=\"Tempo di lettura stimato\" \/>\n\t<meta name=\"twitter:data2\" content=\"1 minuto\" \/>\r\n<script type=\"application\/ld+json\" class=\"yoast-schema-graph\">{\"@context\":\"https:\/\/schema.org\",\"@graph\":[{\"@type\":\"WebPage\",\"@id\":\"https:\/\/www.torrevado.info\/news\/index.php\/2011\/08\/presentiamoci-notizie-morcianesi-1983.html\",\"url\":\"https:\/\/www.torrevado.info\/news\/index.php\/2011\/08\/presentiamoci-notizie-morcianesi-1983.html\",\"name\":\"Presentiamoci - Notizie Morcianesi 1983\",\"isPartOf\":{\"@id\":\"https:\/\/www.torrevado.info\/news\/#website\"},\"primaryImageOfPage\":{\"@id\":\"https:\/\/www.torrevado.info\/news\/index.php\/2011\/08\/presentiamoci-notizie-morcianesi-1983.html#primaryimage\"},\"image\":{\"@id\":\"https:\/\/www.torrevado.info\/news\/index.php\/2011\/08\/presentiamoci-notizie-morcianesi-1983.html#primaryimage\"},\"thumbnailUrl\":\"https:\/\/www.torrevado.info\/news\/wp-content\/uploads\/2011\/07\/notizie-morcianesi.jpg\",\"datePublished\":\"2011-08-24T08:58:10+00:00\",\"dateModified\":\"2023-10-09T07:22:35+00:00\",\"author\":{\"@id\":\"https:\/\/www.torrevado.info\/news\/#\/schema\/person\/fcfd9d5b101b9944a67e3d8c7a527073\"},\"description\":\"Nel periodo di stra-potere dei mass media, non fa male rivolgere lo sguardo ai fatti che spesso sfuggono, al di l\u00e0 di qualsiasi coinvolgimento politico.\",\"breadcrumb\":{\"@id\":\"https:\/\/www.torrevado.info\/news\/index.php\/2011\/08\/presentiamoci-notizie-morcianesi-1983.html#breadcrumb\"},\"inLanguage\":\"it-IT\",\"potentialAction\":[{\"@type\":\"ReadAction\",\"target\":[\"https:\/\/www.torrevado.info\/news\/index.php\/2011\/08\/presentiamoci-notizie-morcianesi-1983.html\"]}]},{\"@type\":\"ImageObject\",\"inLanguage\":\"it-IT\",\"@id\":\"https:\/\/www.torrevado.info\/news\/index.php\/2011\/08\/presentiamoci-notizie-morcianesi-1983.html#primaryimage\",\"url\":\"https:\/\/www.torrevado.info\/news\/wp-content\/uploads\/2011\/07\/notizie-morcianesi.jpg\",\"contentUrl\":\"https:\/\/www.torrevado.info\/news\/wp-content\/uploads\/2011\/07\/notizie-morcianesi.jpg\"},{\"@type\":\"BreadcrumbList\",\"@id\":\"https:\/\/www.torrevado.info\/news\/index.php\/2011\/08\/presentiamoci-notizie-morcianesi-1983.html#breadcrumb\",\"itemListElement\":[{\"@type\":\"ListItem\",\"position\":1,\"name\":\"Home\",\"item\":\"https:\/\/www.torrevado.info\/news\"},{\"@type\":\"ListItem\",\"position\":2,\"name\":\"Presentiamoci &#8211; Notizie Morcianesi 1983\"}]},{\"@type\":\"WebSite\",\"@id\":\"https:\/\/www.torrevado.info\/news\/#website\",\"url\":\"https:\/\/www.torrevado.info\/news\/\",\"name\":\"Eventi e Notizie del Salento\",\"description\":\"\",\"potentialAction\":[{\"@type\":\"SearchAction\",\"target\":{\"@type\":\"EntryPoint\",\"urlTemplate\":\"https:\/\/www.torrevado.info\/news\/?s={search_term_string}\"},\"query-input\":{\"@type\":\"PropertyValueSpecification\",\"valueRequired\":true,\"valueName\":\"search_term_string\"}}],\"inLanguage\":\"it-IT\"},{\"@type\":\"Person\",\"@id\":\"https:\/\/www.torrevado.info\/news\/#\/schema\/person\/fcfd9d5b101b9944a67e3d8c7a527073\",\"name\":\"raffy\"}]}<\/script>\r\n<!-- \/ Yoast SEO plugin. -->","yoast_head_json":{"title":"Presentiamoci - Notizie Morcianesi 1983","description":"Nel periodo di stra-potere dei mass media, non fa male rivolgere lo sguardo ai fatti che spesso sfuggono, al di l\u00e0 di qualsiasi coinvolgimento politico.","robots":{"index":"index","follow":"follow","max-snippet":"max-snippet:-1","max-image-preview":"max-image-preview:large","max-video-preview":"max-video-preview:-1"},"canonical":"https:\/\/www.torrevado.info\/news\/index.php\/2011\/08\/presentiamoci-notizie-morcianesi-1983.html","og_locale":"it_IT","og_type":"article","og_title":"Presentiamoci - Notizie Morcianesi 1983","og_description":"Nel periodo di stra-potere dei mass media, non fa male rivolgere lo sguardo ai fatti che spesso sfuggono, al di l\u00e0 di qualsiasi coinvolgimento politico.","og_url":"https:\/\/www.torrevado.info\/news\/index.php\/2011\/08\/presentiamoci-notizie-morcianesi-1983.html","og_site_name":"Eventi e Notizie del Salento","article_published_time":"2011-08-24T08:58:10+00:00","article_modified_time":"2023-10-09T07:22:35+00:00","og_image":[{"url":"https:\/\/www.torrevado.info\/news\/wp-content\/uploads\/2011\/07\/notizie-morcianesi.jpg","type":"","width":"","height":""}],"author":"raffy","twitter_card":"summary_large_image","twitter_misc":{"Scritto da":"raffy","Tempo di lettura stimato":"1 minuto"},"schema":{"@context":"https:\/\/schema.org","@graph":[{"@type":"WebPage","@id":"https:\/\/www.torrevado.info\/news\/index.php\/2011\/08\/presentiamoci-notizie-morcianesi-1983.html","url":"https:\/\/www.torrevado.info\/news\/index.php\/2011\/08\/presentiamoci-notizie-morcianesi-1983.html","name":"Presentiamoci - Notizie Morcianesi 1983","isPartOf":{"@id":"https:\/\/www.torrevado.info\/news\/#website"},"primaryImageOfPage":{"@id":"https:\/\/www.torrevado.info\/news\/index.php\/2011\/08\/presentiamoci-notizie-morcianesi-1983.html#primaryimage"},"image":{"@id":"https:\/\/www.torrevado.info\/news\/index.php\/2011\/08\/presentiamoci-notizie-morcianesi-1983.html#primaryimage"},"thumbnailUrl":"https:\/\/www.torrevado.info\/news\/wp-content\/uploads\/2011\/07\/notizie-morcianesi.jpg","datePublished":"2011-08-24T08:58:10+00:00","dateModified":"2023-10-09T07:22:35+00:00","author":{"@id":"https:\/\/www.torrevado.info\/news\/#\/schema\/person\/fcfd9d5b101b9944a67e3d8c7a527073"},"description":"Nel periodo di stra-potere dei mass media, non fa male rivolgere lo sguardo ai fatti che spesso sfuggono, al di l\u00e0 di qualsiasi coinvolgimento politico.","breadcrumb":{"@id":"https:\/\/www.torrevado.info\/news\/index.php\/2011\/08\/presentiamoci-notizie-morcianesi-1983.html#breadcrumb"},"inLanguage":"it-IT","potentialAction":[{"@type":"ReadAction","target":["https:\/\/www.torrevado.info\/news\/index.php\/2011\/08\/presentiamoci-notizie-morcianesi-1983.html"]}]},{"@type":"ImageObject","inLanguage":"it-IT","@id":"https:\/\/www.torrevado.info\/news\/index.php\/2011\/08\/presentiamoci-notizie-morcianesi-1983.html#primaryimage","url":"https:\/\/www.torrevado.info\/news\/wp-content\/uploads\/2011\/07\/notizie-morcianesi.jpg","contentUrl":"https:\/\/www.torrevado.info\/news\/wp-content\/uploads\/2011\/07\/notizie-morcianesi.jpg"},{"@type":"BreadcrumbList","@id":"https:\/\/www.torrevado.info\/news\/index.php\/2011\/08\/presentiamoci-notizie-morcianesi-1983.html#breadcrumb","itemListElement":[{"@type":"ListItem","position":1,"name":"Home","item":"https:\/\/www.torrevado.info\/news"},{"@type":"ListItem","position":2,"name":"Presentiamoci &#8211; Notizie Morcianesi 1983"}]},{"@type":"WebSite","@id":"https:\/\/www.torrevado.info\/news\/#website","url":"https:\/\/www.torrevado.info\/news\/","name":"Eventi e Notizie del Salento","description":"","potentialAction":[{"@type":"SearchAction","target":{"@type":"EntryPoint","urlTemplate":"https:\/\/www.torrevado.info\/news\/?s={search_term_string}"},"query-input":{"@type":"PropertyValueSpecification","valueRequired":true,"valueName":"search_term_string"}}],"inLanguage":"it-IT"},{"@type":"Person","@id":"https:\/\/www.torrevado.info\/news\/#\/schema\/person\/fcfd9d5b101b9944a67e3d8c7a527073","name":"raffy"}]}},"_links":{"self":[{"href":"https:\/\/www.torrevado.info\/news\/index.php\/wp-json\/wp\/v2\/posts\/1002","targetHints":{"allow":["GET"]}}],"collection":[{"href":"https:\/\/www.torrevado.info\/news\/index.php\/wp-json\/wp\/v2\/posts"}],"about":[{"href":"https:\/\/www.torrevado.info\/news\/index.php\/wp-json\/wp\/v2\/types\/post"}],"author":[{"embeddable":true,"href":"https:\/\/www.torrevado.info\/news\/index.php\/wp-json\/wp\/v2\/users\/13"}],"replies":[{"embeddable":true,"href":"https:\/\/www.torrevado.info\/news\/index.php\/wp-json\/wp\/v2\/comments?post=1002"}],"version-history":[{"count":1,"href":"https:\/\/www.torrevado.info\/news\/index.php\/wp-json\/wp\/v2\/posts\/1002\/revisions"}],"predecessor-version":[{"id":3216,"href":"https:\/\/www.torrevado.info\/news\/index.php\/wp-json\/wp\/v2\/posts\/1002\/revisions\/3216"}],"wp:attachment":[{"href":"https:\/\/www.torrevado.info\/news\/index.php\/wp-json\/wp\/v2\/media?parent=1002"}],"wp:term":[{"taxonomy":"category","embeddable":true,"href":"https:\/\/www.torrevado.info\/news\/index.php\/wp-json\/wp\/v2\/categories?post=1002"},{"taxonomy":"post_tag","embeddable":true,"href":"https:\/\/www.torrevado.info\/news\/index.php\/wp-json\/wp\/v2\/tags?post=1002"}],"curies":[{"name":"wp","href":"https:\/\/api.w.org\/{rel}","templated":true}]}}