{"id":1116,"date":"2011-07-14T16:35:07","date_gmt":"2011-07-14T15:35:07","guid":{"rendered":"http:\/\/www.torrevado.info\/news\/?p=1116"},"modified":"2023-10-09T09:28:19","modified_gmt":"2023-10-09T07:28:19","slug":"30-agosto-1942-il-giorno-dellapocalisse-a-torre-vado-ma-cera-anche-una-spia","status":"publish","type":"post","link":"https:\/\/www.torrevado.info\/news\/index.php\/2011\/07\/30-agosto-1942-il-giorno-dellapocalisse-a-torre-vado-ma-cera-anche-una-spia.html","title":{"rendered":"30 Agosto 1942: il giorno dell&#8217;apocalisse a Torre Vado. Ma c&#8217;era anche una spia?"},"content":{"rendered":"<p>Articolo: 30 Agosto 1942: il giorno dell&#8217;apocalisse a Torre Vado. Ma c&#8217;era anche una spia?<br \/>\nDal supplemento di &#8220;Notizie morcianesi&#8221; dell&#8217;8 Febbraio 1987 &#8211; Pagina 2<\/p>\n<p>Il giorno dell&#8217;apocalisse a Torre Vado. Ma c&#8217;era anche una spia?<\/p>\n<p><a href=\"https:\/\/www.torrevado.info\/news\/wp-content\/uploads\/2011\/07\/affondamento.jpg\" data-rel=\"lightbox-gallery-awwkLexc\" data-rl_title=\"affondamento\" data-rl_caption=\"\"><img loading=\"lazy\" decoding=\"async\" class=\"size-full wp-image-1244 alignnone\" title=\"affondamento\" src=\"https:\/\/www.torrevado.info\/news\/wp-content\/uploads\/2011\/07\/affondamento.jpg\" alt=\"\" width=\"598\" height=\"414\" srcset=\"https:\/\/www.torrevado.info\/news\/wp-content\/uploads\/2011\/07\/affondamento.jpg 598w, https:\/\/www.torrevado.info\/news\/wp-content\/uploads\/2011\/07\/affondamento-300x207.jpg 300w\" sizes=\"auto, (max-width: 598px) 100vw, 598px\" \/><\/a><\/p>\n<p>La giornata era particolarmente calda, il mare era piatto e il sole alto nel cielo terso, picchiava sulle teste dei pescatori che rientravano dalla pesca. Alcune barche avevano gi\u00e0 raggiunto il porto, altre che rientravano si tenevano prudentemente alla larga dalla nave, una petroliera, e dai cacciatorpediniere che erano di scorta. Alcuni curiosi da terra seguivano con attenzione il passaggio del convoglio: nessuno immaginava che da l\u00ec a poco sarebbe stato testimone dell&#8217;unico episodio di guerra consumato in questo pezzo di mare.<\/p>\n<p>All&#8217;improvviso si scaten\u00f2 il finimondo: uno stormo di aerei sbucato dal nulla attacc\u00f2 la nave; le acque calme del mare ribollirono sotto una gragnuola di bombe e raffiche di mitragliatrici; il cielo parve oscurarsi, le ombre degli aerei nemici percorsero veloci le acque. Qualcuno a riva grid\u00f2: &#8220;Curriti! Curriti! Salvaviti!&#8221; e tutti corsero verso la salita che dalla Torre portava al paese. Pochi riuscirono a vedere la nave colpita esplodere e la macabra colonna di fumo levarsi la cielo, ma chi l&#8217;ha visto non ha mai pi\u00f9 dimenticato l&#8217;unico giorno di guerra a Torre Vado, il 30 agosto del 1942.<\/p>\n<p>Stando al contenuto del rapporto redatto due giorni dopo dal contrammiraglio Calleri di Sala, il convoglio aveva lasciato il porto di Taranto alle 5.45 dello stesso giorno, diretto al Pireo, in Grecia e procedeva con rotta radente costiera nei paraggi tra le secche di Ugento ed alle 14.15 si trovava ad un miglio di distanza per 214\u00b0 da Torre Vado. Il Sanandrea, questo il nome della petroliera procedeva a 9 miglia di velocit\u00e0 scortato di prora dal caccia Antares che zigzagava a 12 miglia. Il convoglio aveva sulla dritta di prora un Cant Z.501 in scorta antisommergibile e due CA.314 in scorta antisiluranti; inoltre erano di scorta due o tre aerei da caccia tedeschi tipo &#8220;Junker 88&#8221; e &#8220;arado&#8221; e tre &#8220;Macchi 200&#8221;.<\/p>\n<p>Alle 14.15 furono avvistati a bassissima quota aerei nemici (inglesi) del tipo &#8220;Bristol Beaufighter&#8221; in numero superiore a 12 che dirigevano a est. Fu dato l&#8217;allarme. La formazione avversaria era riunita; furono notati nella stessa direzione i cacciatori italiani. Fu giudicato che per l&#8217;attacco degli aerei tedeschi la formazione inglese si aprisse a ventaglio. L\u2019Antares non inizi\u00f2 subito il fuoco con le artiglierie per la presenza degli aerei tedeschi e italiani. Una parte della formazione nemica diresse sul convoglio, l&#8217;altra si allontan\u00f2. Le distanze erano gi\u00e0 breci e l&#8217;Antares inizi\u00f2 il fuoco con pezzi da 100 mm, ma lo sospese subito mettendo inazione le mitragliatrici a causa del rapido avvicinamento. Si portarono quindi all&#8217;attacco quasi contemporaneamente un terzo ed un quarto aereo inglese che con lancio di bombe colpirono il Sanandrea che si incendi\u00f2. Pochi istanti dopo l&#8217;attacco, anche l&#8217;Antares fu attaccato con raffiche di mitragliatrici da 20 e da 7 mm da un aereo a bassa quota sul alto destro, e da un altro sul lato sinistro. L&#8217;aero a destra, allontanandosi pass\u00f2 vicino al Cant Z.501 e lo mitragli\u00f2; il nostro aereo rispose al fuoco e tent\u00f2 di inseguirlo. All&#8217;inseguimento si lanciarono i tre Macchi 200 e anche l&#8217;Antares spar\u00f2 qualche colpo di cannone. Lo stesso Sanandrea fece fuoco con le proprie mitragliatrici contro gli aerei attaccanti. Da <a href=\"https:\/\/www.torrevado.info\/news\/index.php\/una-vacanza-a-gallipoli-tra-spiagge-natura-e-storia\">Gallipoli<\/a> accorsero subito il dragamine 54 e da Taranto l&#8217;Istria e i rimorchiatore Tenace, per prestare assistenza alla nave colpita, ma fu impossibile qualsiasi forma di soccorso salvo il recupero dei pochi superstiti feriti. Alle 18.40 la nave cisterna affond\u00f2 nel punto a M=mg1 per 214\u00b0 da Torre Vado in fondali di 26 metri.<\/p>\n<p>I resti della nave continuarono a bruciare per pi\u00f9 di una settimana e il fumo era visibile fin da Morciano. Nei giorni successivi il mare port\u00f2 a riva i corpi straziati e irriconoscibili di molti marinai, altri furono recuperati dai pescatori.<\/p>\n<p>Sin qui il rapporto ufficiale. Dal racconto di alcuni testimoni diretti dell&#8217;attacco emerge un dato che non viene riportato dagli archivi di guerra. Tra i sopravvissuti, dicono alcuni, c&#8217;era una spia che poco prima dell&#8217;attacco si gett\u00f2 in mare ed aveva quasi raggiunto la riva quando la nave fu colpita. Lo stesso era gi\u00e0 scampato all&#8217;affondamento di altre due navi ma come gi\u00e0 detto del fatto non si trova riscontro in atti ufficiali e la notizia quindi non pu\u00f2 godere del carisma dell&#8217;attendibilit\u00e0.<\/p>\n<p>E&#8217; doveroso sottolineare che, nella redazione dell&#8217;articolo, ci siamo avvalsi di un documento contenuto in un opuscolo edito dallo Studio Grafico Pubblicitario &#8220;Due Gi Pubblicit\u00e0&#8221; con il contributo della impresa Pepe s.r.l. di Salve, e della testimonianza del sig. Cosimo Renzo, autore del dipinto, tra l&#8217;altro, che ritrae gli ultimi istanti dell&#8217;affondamento del Sanandrea.<\/p>\n<p><strong>di Vito De Giorgi<\/strong><\/p>\n","protected":false},"excerpt":{"rendered":"<p>Articolo: 30 Agosto 1942: il giorno dell&#8217;apocalisse a Torre Vado. Ma c&#8217;era anche una spia? Dal supplemento di &#8220;Notizie morcianesi&#8221; dell&#8217;8 Febbraio 1987 &#8211; Pagina 2 Il giorno dell&#8217;apocalisse a Torre Vado. Ma c&#8217;era anche una spia? La giornata era particolarmente calda, il mare era piatto e il sole alto nel cielo terso, picchiava sulle teste dei pescatori che rientravano dalla pesca. Alcune barche avevano gi\u00e0 raggiunto il porto, altre che rientravano si tenevano prudentemente alla larga dalla nave, una [&hellip;]<\/p>\n","protected":false},"author":13,"featured_media":0,"comment_status":"open","ping_status":"closed","sticky":false,"template":"","format":"standard","meta":{"footnotes":""},"categories":[492],"tags":[],"class_list":["post-1116","post","type-post","status-publish","format-standard","hentry","category-notizie-morcianesi"],"yoast_head":"<!-- This site is optimized with the Yoast SEO plugin v24.7 - https:\/\/yoast.com\/wordpress\/plugins\/seo\/ -->\r\n<title>30 Agosto 1942: il giorno dell&#039;apocalisse a Torre Vado. Ma c&#039;era anche una spia?<\/title>\r\n<meta name=\"description\" content=\"L&#039;affondamento della petroliera Sanandrea al largo di Torre Vado, nel 1942, e l&#039;ipotesi che a bordo ci fosse una spia.\" \/>\r\n<meta name=\"robots\" content=\"index, follow, max-snippet:-1, max-image-preview:large, max-video-preview:-1\" \/>\r\n<link rel=\"canonical\" href=\"https:\/\/www.torrevado.info\/news\/index.php\/2011\/07\/30-agosto-1942-il-giorno-dellapocalisse-a-torre-vado-ma-cera-anche-una-spia.html\" \/>\r\n<meta property=\"og:locale\" content=\"it_IT\" \/>\r\n<meta property=\"og:type\" content=\"article\" \/>\r\n<meta property=\"og:title\" content=\"30 Agosto 1942: il giorno dell&#039;apocalisse a Torre Vado. Ma c&#039;era anche una spia?\" \/>\r\n<meta property=\"og:description\" content=\"L&#039;affondamento della petroliera Sanandrea al largo di Torre Vado, nel 1942, e l&#039;ipotesi che a bordo ci fosse una spia.\" \/>\r\n<meta property=\"og:url\" content=\"https:\/\/www.torrevado.info\/news\/index.php\/2011\/07\/30-agosto-1942-il-giorno-dellapocalisse-a-torre-vado-ma-cera-anche-una-spia.html\" \/>\r\n<meta property=\"og:site_name\" content=\"Eventi e Notizie del Salento\" \/>\r\n<meta property=\"article:published_time\" content=\"2011-07-14T15:35:07+00:00\" \/>\r\n<meta property=\"article:modified_time\" content=\"2023-10-09T07:28:19+00:00\" \/>\r\n<meta property=\"og:image\" content=\"https:\/\/www.torrevado.info\/news\/wp-content\/uploads\/2011\/07\/affondamento.jpg\" \/>\r\n<meta name=\"author\" content=\"raffy\" \/>\r\n<meta name=\"twitter:card\" content=\"summary_large_image\" \/>\r\n<meta name=\"twitter:label1\" content=\"Scritto da\" \/>\n\t<meta name=\"twitter:data1\" content=\"raffy\" \/>\n\t<meta name=\"twitter:label2\" content=\"Tempo di lettura stimato\" \/>\n\t<meta name=\"twitter:data2\" content=\"4 minuti\" \/>\r\n<script type=\"application\/ld+json\" class=\"yoast-schema-graph\">{\"@context\":\"https:\/\/schema.org\",\"@graph\":[{\"@type\":\"WebPage\",\"@id\":\"https:\/\/www.torrevado.info\/news\/index.php\/2011\/07\/30-agosto-1942-il-giorno-dellapocalisse-a-torre-vado-ma-cera-anche-una-spia.html\",\"url\":\"https:\/\/www.torrevado.info\/news\/index.php\/2011\/07\/30-agosto-1942-il-giorno-dellapocalisse-a-torre-vado-ma-cera-anche-una-spia.html\",\"name\":\"30 Agosto 1942: il giorno dell'apocalisse a Torre Vado. Ma c'era anche una spia?\",\"isPartOf\":{\"@id\":\"https:\/\/www.torrevado.info\/news\/#website\"},\"primaryImageOfPage\":{\"@id\":\"https:\/\/www.torrevado.info\/news\/index.php\/2011\/07\/30-agosto-1942-il-giorno-dellapocalisse-a-torre-vado-ma-cera-anche-una-spia.html#primaryimage\"},\"image\":{\"@id\":\"https:\/\/www.torrevado.info\/news\/index.php\/2011\/07\/30-agosto-1942-il-giorno-dellapocalisse-a-torre-vado-ma-cera-anche-una-spia.html#primaryimage\"},\"thumbnailUrl\":\"https:\/\/www.torrevado.info\/news\/wp-content\/uploads\/2011\/07\/affondamento.jpg\",\"datePublished\":\"2011-07-14T15:35:07+00:00\",\"dateModified\":\"2023-10-09T07:28:19+00:00\",\"author\":{\"@id\":\"https:\/\/www.torrevado.info\/news\/#\/schema\/person\/fcfd9d5b101b9944a67e3d8c7a527073\"},\"description\":\"L'affondamento della petroliera Sanandrea al largo di Torre Vado, nel 1942, e l'ipotesi che a bordo ci fosse una spia.\",\"breadcrumb\":{\"@id\":\"https:\/\/www.torrevado.info\/news\/index.php\/2011\/07\/30-agosto-1942-il-giorno-dellapocalisse-a-torre-vado-ma-cera-anche-una-spia.html#breadcrumb\"},\"inLanguage\":\"it-IT\",\"potentialAction\":[{\"@type\":\"ReadAction\",\"target\":[\"https:\/\/www.torrevado.info\/news\/index.php\/2011\/07\/30-agosto-1942-il-giorno-dellapocalisse-a-torre-vado-ma-cera-anche-una-spia.html\"]}]},{\"@type\":\"ImageObject\",\"inLanguage\":\"it-IT\",\"@id\":\"https:\/\/www.torrevado.info\/news\/index.php\/2011\/07\/30-agosto-1942-il-giorno-dellapocalisse-a-torre-vado-ma-cera-anche-una-spia.html#primaryimage\",\"url\":\"https:\/\/www.torrevado.info\/news\/wp-content\/uploads\/2011\/07\/affondamento.jpg\",\"contentUrl\":\"https:\/\/www.torrevado.info\/news\/wp-content\/uploads\/2011\/07\/affondamento.jpg\"},{\"@type\":\"BreadcrumbList\",\"@id\":\"https:\/\/www.torrevado.info\/news\/index.php\/2011\/07\/30-agosto-1942-il-giorno-dellapocalisse-a-torre-vado-ma-cera-anche-una-spia.html#breadcrumb\",\"itemListElement\":[{\"@type\":\"ListItem\",\"position\":1,\"name\":\"Home\",\"item\":\"https:\/\/www.torrevado.info\/news\"},{\"@type\":\"ListItem\",\"position\":2,\"name\":\"30 Agosto 1942: il giorno dell&#8217;apocalisse a Torre Vado. Ma c&#8217;era anche una spia?\"}]},{\"@type\":\"WebSite\",\"@id\":\"https:\/\/www.torrevado.info\/news\/#website\",\"url\":\"https:\/\/www.torrevado.info\/news\/\",\"name\":\"Eventi e Notizie del Salento\",\"description\":\"\",\"potentialAction\":[{\"@type\":\"SearchAction\",\"target\":{\"@type\":\"EntryPoint\",\"urlTemplate\":\"https:\/\/www.torrevado.info\/news\/?s={search_term_string}\"},\"query-input\":{\"@type\":\"PropertyValueSpecification\",\"valueRequired\":true,\"valueName\":\"search_term_string\"}}],\"inLanguage\":\"it-IT\"},{\"@type\":\"Person\",\"@id\":\"https:\/\/www.torrevado.info\/news\/#\/schema\/person\/fcfd9d5b101b9944a67e3d8c7a527073\",\"name\":\"raffy\"}]}<\/script>\r\n<!-- \/ Yoast SEO plugin. -->","yoast_head_json":{"title":"30 Agosto 1942: il giorno dell'apocalisse a Torre Vado. Ma c'era anche una spia?","description":"L'affondamento della petroliera Sanandrea al largo di Torre Vado, nel 1942, e l'ipotesi che a bordo ci fosse una spia.","robots":{"index":"index","follow":"follow","max-snippet":"max-snippet:-1","max-image-preview":"max-image-preview:large","max-video-preview":"max-video-preview:-1"},"canonical":"https:\/\/www.torrevado.info\/news\/index.php\/2011\/07\/30-agosto-1942-il-giorno-dellapocalisse-a-torre-vado-ma-cera-anche-una-spia.html","og_locale":"it_IT","og_type":"article","og_title":"30 Agosto 1942: il giorno dell'apocalisse a Torre Vado. Ma c'era anche una spia?","og_description":"L'affondamento della petroliera Sanandrea al largo di Torre Vado, nel 1942, e l'ipotesi che a bordo ci fosse una spia.","og_url":"https:\/\/www.torrevado.info\/news\/index.php\/2011\/07\/30-agosto-1942-il-giorno-dellapocalisse-a-torre-vado-ma-cera-anche-una-spia.html","og_site_name":"Eventi e Notizie del Salento","article_published_time":"2011-07-14T15:35:07+00:00","article_modified_time":"2023-10-09T07:28:19+00:00","og_image":[{"url":"https:\/\/www.torrevado.info\/news\/wp-content\/uploads\/2011\/07\/affondamento.jpg","type":"","width":"","height":""}],"author":"raffy","twitter_card":"summary_large_image","twitter_misc":{"Scritto da":"raffy","Tempo di lettura stimato":"4 minuti"},"schema":{"@context":"https:\/\/schema.org","@graph":[{"@type":"WebPage","@id":"https:\/\/www.torrevado.info\/news\/index.php\/2011\/07\/30-agosto-1942-il-giorno-dellapocalisse-a-torre-vado-ma-cera-anche-una-spia.html","url":"https:\/\/www.torrevado.info\/news\/index.php\/2011\/07\/30-agosto-1942-il-giorno-dellapocalisse-a-torre-vado-ma-cera-anche-una-spia.html","name":"30 Agosto 1942: il giorno dell'apocalisse a Torre Vado. Ma c'era anche una spia?","isPartOf":{"@id":"https:\/\/www.torrevado.info\/news\/#website"},"primaryImageOfPage":{"@id":"https:\/\/www.torrevado.info\/news\/index.php\/2011\/07\/30-agosto-1942-il-giorno-dellapocalisse-a-torre-vado-ma-cera-anche-una-spia.html#primaryimage"},"image":{"@id":"https:\/\/www.torrevado.info\/news\/index.php\/2011\/07\/30-agosto-1942-il-giorno-dellapocalisse-a-torre-vado-ma-cera-anche-una-spia.html#primaryimage"},"thumbnailUrl":"https:\/\/www.torrevado.info\/news\/wp-content\/uploads\/2011\/07\/affondamento.jpg","datePublished":"2011-07-14T15:35:07+00:00","dateModified":"2023-10-09T07:28:19+00:00","author":{"@id":"https:\/\/www.torrevado.info\/news\/#\/schema\/person\/fcfd9d5b101b9944a67e3d8c7a527073"},"description":"L'affondamento della petroliera Sanandrea al largo di Torre Vado, nel 1942, e l'ipotesi che a bordo ci fosse una spia.","breadcrumb":{"@id":"https:\/\/www.torrevado.info\/news\/index.php\/2011\/07\/30-agosto-1942-il-giorno-dellapocalisse-a-torre-vado-ma-cera-anche-una-spia.html#breadcrumb"},"inLanguage":"it-IT","potentialAction":[{"@type":"ReadAction","target":["https:\/\/www.torrevado.info\/news\/index.php\/2011\/07\/30-agosto-1942-il-giorno-dellapocalisse-a-torre-vado-ma-cera-anche-una-spia.html"]}]},{"@type":"ImageObject","inLanguage":"it-IT","@id":"https:\/\/www.torrevado.info\/news\/index.php\/2011\/07\/30-agosto-1942-il-giorno-dellapocalisse-a-torre-vado-ma-cera-anche-una-spia.html#primaryimage","url":"https:\/\/www.torrevado.info\/news\/wp-content\/uploads\/2011\/07\/affondamento.jpg","contentUrl":"https:\/\/www.torrevado.info\/news\/wp-content\/uploads\/2011\/07\/affondamento.jpg"},{"@type":"BreadcrumbList","@id":"https:\/\/www.torrevado.info\/news\/index.php\/2011\/07\/30-agosto-1942-il-giorno-dellapocalisse-a-torre-vado-ma-cera-anche-una-spia.html#breadcrumb","itemListElement":[{"@type":"ListItem","position":1,"name":"Home","item":"https:\/\/www.torrevado.info\/news"},{"@type":"ListItem","position":2,"name":"30 Agosto 1942: il giorno dell&#8217;apocalisse a Torre Vado. Ma c&#8217;era anche una spia?"}]},{"@type":"WebSite","@id":"https:\/\/www.torrevado.info\/news\/#website","url":"https:\/\/www.torrevado.info\/news\/","name":"Eventi e Notizie del Salento","description":"","potentialAction":[{"@type":"SearchAction","target":{"@type":"EntryPoint","urlTemplate":"https:\/\/www.torrevado.info\/news\/?s={search_term_string}"},"query-input":{"@type":"PropertyValueSpecification","valueRequired":true,"valueName":"search_term_string"}}],"inLanguage":"it-IT"},{"@type":"Person","@id":"https:\/\/www.torrevado.info\/news\/#\/schema\/person\/fcfd9d5b101b9944a67e3d8c7a527073","name":"raffy"}]}},"_links":{"self":[{"href":"https:\/\/www.torrevado.info\/news\/index.php\/wp-json\/wp\/v2\/posts\/1116","targetHints":{"allow":["GET"]}}],"collection":[{"href":"https:\/\/www.torrevado.info\/news\/index.php\/wp-json\/wp\/v2\/posts"}],"about":[{"href":"https:\/\/www.torrevado.info\/news\/index.php\/wp-json\/wp\/v2\/types\/post"}],"author":[{"embeddable":true,"href":"https:\/\/www.torrevado.info\/news\/index.php\/wp-json\/wp\/v2\/users\/13"}],"replies":[{"embeddable":true,"href":"https:\/\/www.torrevado.info\/news\/index.php\/wp-json\/wp\/v2\/comments?post=1116"}],"version-history":[{"count":1,"href":"https:\/\/www.torrevado.info\/news\/index.php\/wp-json\/wp\/v2\/posts\/1116\/revisions"}],"predecessor-version":[{"id":3227,"href":"https:\/\/www.torrevado.info\/news\/index.php\/wp-json\/wp\/v2\/posts\/1116\/revisions\/3227"}],"wp:attachment":[{"href":"https:\/\/www.torrevado.info\/news\/index.php\/wp-json\/wp\/v2\/media?parent=1116"}],"wp:term":[{"taxonomy":"category","embeddable":true,"href":"https:\/\/www.torrevado.info\/news\/index.php\/wp-json\/wp\/v2\/categories?post=1116"},{"taxonomy":"post_tag","embeddable":true,"href":"https:\/\/www.torrevado.info\/news\/index.php\/wp-json\/wp\/v2\/tags?post=1116"}],"curies":[{"name":"wp","href":"https:\/\/api.w.org\/{rel}","templated":true}]}}