{"id":1166,"date":"2011-08-16T09:22:53","date_gmt":"2011-08-16T08:22:53","guid":{"rendered":"http:\/\/www.torrevado.info\/news\/?p=1166"},"modified":"2023-10-09T09:23:48","modified_gmt":"2023-10-09T07:23:48","slug":"don-antonio-ciurlia-nuovo-parroco-di-morciano-notizie-morcianesi-1987","status":"publish","type":"post","link":"https:\/\/www.torrevado.info\/news\/index.php\/2011\/08\/don-antonio-ciurlia-nuovo-parroco-di-morciano-notizie-morcianesi-1987.html","title":{"rendered":"Don Antonio Ciurlia, nuovo parroco di Morciano &#8211; Notizie Morcianesi 1987"},"content":{"rendered":"<p>Articolo: Don Antonio Ciurlia, nuovo parroco di Morciano<br \/>\n<strong>Dal supplemento di &#8220;Notizie morcianesi&#8221; del 15 Novembre 1987&nbsp; &#8211; Pagina 1<\/strong><\/p>\n<p>La sostituzione di un parroco in un paese delle dimensioni di Morciano, costituisce un evento storico. Il nostro monisgnor Pippi, dopo decenni di apostolato, \u00e8 andato in pensione. Domenica 18 Ottobre in una cerimonia suggestiva, alla presenza del vescovo, il vecchio parroco ha dato l&#8217;addio ai Morcianesi e sotto i suoi spessi occhiali \u00e8 spuntata qualche lacrima, cos\u00ec come sotto gli occhi di tanta gente alla quale don Pippi era legato da decenni.<br \/>\nMa nella vita gli addii, pur dolorosi, sono di breve durata soprattutto se, come in questo caso, il posto viene preso da un prete con energie pi\u00f9 fresche da spendere per Morciano.<\/p>\n<p>Si chiama Don Antonio Ciurlia, \u00e8 nato a Taurisano nel 1940, ed \u00e8 sacerdote dal 1972. E&#8217; astato viceparroco a Taurisano e negli ultimi anni ad Acquarica. E&#8217; l&#8217;ultimo di una famiglia di otto figli. Queste notizie di carattere personale le abbiamo cavate fuori coi denti, quando ci siamo recati per una intervista nella quale ha preferito parlare del piano di lavoro su Morciano.<br \/>\nQuello che colpisce in questo prete, \u00e8 la puntualit\u00e0 nell&#8217;esposizione, a volte eccessiva come quando quasi con stizza ci ha ripresi sull&#8217;uso del termine &#8220;cambio di guardia&#8221; da noi usato a proposito dell&#8217;avvicendamento nella direzione della parrocchia. &#8220;La guardia d\u00e0 l&#8217;idea che non \u00e8 quella del pastore delle anime&#8221; ci ha detto &#8220;e inoltre l&#8217;azione pastorale di un parroco viene continuata dal successore&#8221;.<\/p>\n<p><a href=\"https:\/\/www.torrevado.info\/notizie-morcianesi-1983\/Notizie-morcianesi-15-nov-1987-1.asp\" target=\"_blank\" rel=\"noopener\"><img loading=\"lazy\" decoding=\"async\" class=\"size-full wp-image-1279 alignleft\" title=\"1-15-novembre-1987\" src=\"https:\/\/www.torrevado.info\/news\/wp-content\/uploads\/2011\/05\/1-15-novembre-1987.jpg\" alt=\"\" width=\"129\" height=\"190\"\/><\/a>Una bacchettata sulle dita anche a proposito dell&#8217;uso, secondo don Antonio improprio, del concetto del prete che va in pensione: &#8220;Un sacerdote rimane tale fino ala fine dei suoi giorni, anche se non ha la responsabilit\u00e0 di una parrocchia&#8221;.<br \/>\nMa questa impressione inziale di pignoleria si \u00e8 dissolta man mano che il colloquio \u00e8 andato avanti. Non potevamo non far presente al nostro parroco lo scollamento che esiste, nel nostro come in altri comuni, tra societ\u00e0 e Chiesa. Ha ammesso con grande franchezza la difficolt\u00e0 che la chiesa incontra nella societ\u00e0 italiana, anzi ha precisato che in Italia il prete \u00e8 come in una terra di missione. &#8220;Tuttavia -ha aggiunto- queste difficolt\u00e0 rafforzano la volont\u00e0 di un sacerdote di venire in una comunit\u00e0 per portare la voce di Dio con la parola e la testimonianza. Il settore d&#8217;azione \u00e8 molto ampio e la priorit\u00e0 va data ai giovani, al mondo della scuola, agli anziani, agli handicappati ed emarginati&#8221;.<\/p>\n<p>Ed ecco come la pensa don Antonio circa le questioni della politica amministrativa: &#8220;Non importa che in Morciano l&#8217;Amministrazione sia di sinistra. Mi interessa l&#8217;uomo, non il suo credo politico. Ho gi\u00e0 avuto un colloquio col sindaco che \u00e8 comunista, e gli ho espresso le mie vedute: tu sei autorit\u00e0 politica e io religiosa, e abbiamo lo stesso obiettivo, di fare il bene collettivo anche se con mezzi differenti. Il prete non deve interessarsi di politica ma dell&#8217;annuncio evangelico, il pastore deve orientare i fedeli a una scelta saggia dei governanti: scegliete in buona fede le persone che meglio vi aggradano.&#8221;<br \/>\nE su questa equidistanza sulle questioni politiche c&#8217;\u00e8 da credergli: in Acquarica e Taurisano non si sono avuti sospetti di ingerenza da parte di Don Antonio.<\/p>\n<p>Dalle pagine di questo giornale ci ha incaricato di rivolgere un messaggio:<br \/>\n&#8220;Ci sono delle esigenze immediate per la nostra parrocchia, perch\u00e8 il parroco possa svolgere la propria missione in favore della comunit\u00e0. La prima, carenza di locali per la catechesi: non chiedo la costruzione di palazzi, ma aiutatemi a ristrutturare la casa canonica, dove vivr\u00f2 solo e dove mi basta una stanza per dormire. Gli altri locali voglio metterli a disposizione dei giovani. Per il momento ho incominciato con le mie mani a intonacare, stuccare, pitturare, e ho bisogno dell&#8217;aiuto di volontari per portare avanti il lavoro. Chiedo un aiuto agli amministratori e ai cittadini interessati al bene dei loro figli. Da parte mia, rinuncio alle comodit\u00e0 di una grande casa per darla ai giovani&#8221;.<\/p>\n<p>La seconda: &#8220;I locali della sagrestia sono inadeguati per svolgere un minimo di apostolato. Mi hanno detto che alle spalle ci sono dei locali chiusi da tempo, chiedo la disponibilit\u00e0 di uno spazio sufficiente per un piccolo ufficio, che \u00e8 il minimo perch\u00e8 un parroco possa lavorare&#8221;.<\/p>\n<p>Il colloquio \u00e8 durato a lungo e ha toccato molti temi. Tentare di farne un resoconto ci porterebbe via uno spazio che in questo numero non abbiamo. A noi \u00e8 piaciuta l&#8217;immagine di questo prete che come un qualsiasi povero cristo, non avendo i soldi per riparare la casa, si arma di malta, mattoni e stucco e fa da solo. E l&#8217;immagine della Chiesa migliore (quella povera) e come tale vicina alla gente.<\/p>\n<p>Franco Sanapo.<\/p>\n","protected":false},"excerpt":{"rendered":"<p>Articolo: Don Antonio Ciurlia, nuovo parroco di Morciano Dal supplemento di &#8220;Notizie morcianesi&#8221; del 15 Novembre 1987&nbsp; &#8211; Pagina 1 La sostituzione di un parroco in un paese delle dimensioni di Morciano, costituisce un evento storico. Il nostro monisgnor Pippi, dopo decenni di apostolato, \u00e8 andato in pensione. Domenica 18 Ottobre in una cerimonia suggestiva, alla presenza del vescovo, il vecchio parroco ha dato l&#8217;addio ai Morcianesi e sotto i suoi spessi occhiali \u00e8 spuntata qualche lacrima, cos\u00ec come sotto [&hellip;]<\/p>\n","protected":false},"author":13,"featured_media":0,"comment_status":"open","ping_status":"closed","sticky":false,"template":"","format":"standard","meta":{"footnotes":""},"categories":[492],"tags":[],"class_list":["post-1166","post","type-post","status-publish","format-standard","hentry","category-notizie-morcianesi"],"yoast_head":"<!-- This site is optimized with the Yoast SEO plugin v24.7 - https:\/\/yoast.com\/wordpress\/plugins\/seo\/ -->\r\n<title>Don Antonio Ciurlia, nuovo parroco di Morciano - Notizie Morcianesi 1987<\/title>\r\n<meta name=\"description\" content=\"Il nuovo parroco: l&#039;impresione inziale di pignoleria si \u00e8 dissolta man mano che il colloquio \u00e8 andato avanti, tra perle di saggezza e umilt\u00e0.\" \/>\r\n<meta name=\"robots\" content=\"index, follow, max-snippet:-1, max-image-preview:large, max-video-preview:-1\" \/>\r\n<link rel=\"canonical\" href=\"https:\/\/www.torrevado.info\/news\/index.php\/2011\/08\/don-antonio-ciurlia-nuovo-parroco-di-morciano-notizie-morcianesi-1987.html\" \/>\r\n<meta property=\"og:locale\" content=\"it_IT\" \/>\r\n<meta property=\"og:type\" content=\"article\" \/>\r\n<meta property=\"og:title\" content=\"Don Antonio Ciurlia, nuovo parroco di Morciano - Notizie Morcianesi 1987\" \/>\r\n<meta property=\"og:description\" content=\"Il nuovo parroco: l&#039;impresione inziale di pignoleria si \u00e8 dissolta man mano che il colloquio \u00e8 andato avanti, tra perle di saggezza e umilt\u00e0.\" \/>\r\n<meta property=\"og:url\" content=\"https:\/\/www.torrevado.info\/news\/index.php\/2011\/08\/don-antonio-ciurlia-nuovo-parroco-di-morciano-notizie-morcianesi-1987.html\" \/>\r\n<meta property=\"og:site_name\" content=\"Eventi e Notizie del Salento\" \/>\r\n<meta property=\"article:published_time\" content=\"2011-08-16T08:22:53+00:00\" \/>\r\n<meta property=\"article:modified_time\" content=\"2023-10-09T07:23:48+00:00\" \/>\r\n<meta property=\"og:image\" content=\"https:\/\/www.torrevado.info\/news\/wp-content\/uploads\/2011\/05\/1-15-novembre-1987.jpg\" \/>\r\n<meta name=\"author\" content=\"raffy\" \/>\r\n<meta name=\"twitter:card\" content=\"summary_large_image\" \/>\r\n<meta name=\"twitter:label1\" content=\"Scritto da\" \/>\n\t<meta name=\"twitter:data1\" content=\"raffy\" \/>\n\t<meta name=\"twitter:label2\" content=\"Tempo di lettura stimato\" \/>\n\t<meta name=\"twitter:data2\" content=\"4 minuti\" \/>\r\n<script type=\"application\/ld+json\" class=\"yoast-schema-graph\">{\"@context\":\"https:\/\/schema.org\",\"@graph\":[{\"@type\":\"WebPage\",\"@id\":\"https:\/\/www.torrevado.info\/news\/index.php\/2011\/08\/don-antonio-ciurlia-nuovo-parroco-di-morciano-notizie-morcianesi-1987.html\",\"url\":\"https:\/\/www.torrevado.info\/news\/index.php\/2011\/08\/don-antonio-ciurlia-nuovo-parroco-di-morciano-notizie-morcianesi-1987.html\",\"name\":\"Don Antonio Ciurlia, nuovo parroco di Morciano - Notizie Morcianesi 1987\",\"isPartOf\":{\"@id\":\"https:\/\/www.torrevado.info\/news\/#website\"},\"primaryImageOfPage\":{\"@id\":\"https:\/\/www.torrevado.info\/news\/index.php\/2011\/08\/don-antonio-ciurlia-nuovo-parroco-di-morciano-notizie-morcianesi-1987.html#primaryimage\"},\"image\":{\"@id\":\"https:\/\/www.torrevado.info\/news\/index.php\/2011\/08\/don-antonio-ciurlia-nuovo-parroco-di-morciano-notizie-morcianesi-1987.html#primaryimage\"},\"thumbnailUrl\":\"https:\/\/www.torrevado.info\/news\/wp-content\/uploads\/2011\/05\/1-15-novembre-1987.jpg\",\"datePublished\":\"2011-08-16T08:22:53+00:00\",\"dateModified\":\"2023-10-09T07:23:48+00:00\",\"author\":{\"@id\":\"https:\/\/www.torrevado.info\/news\/#\/schema\/person\/fcfd9d5b101b9944a67e3d8c7a527073\"},\"description\":\"Il nuovo parroco: l'impresione inziale di pignoleria si \u00e8 dissolta man mano che il colloquio \u00e8 andato avanti, tra perle di saggezza e umilt\u00e0.\",\"breadcrumb\":{\"@id\":\"https:\/\/www.torrevado.info\/news\/index.php\/2011\/08\/don-antonio-ciurlia-nuovo-parroco-di-morciano-notizie-morcianesi-1987.html#breadcrumb\"},\"inLanguage\":\"it-IT\",\"potentialAction\":[{\"@type\":\"ReadAction\",\"target\":[\"https:\/\/www.torrevado.info\/news\/index.php\/2011\/08\/don-antonio-ciurlia-nuovo-parroco-di-morciano-notizie-morcianesi-1987.html\"]}]},{\"@type\":\"ImageObject\",\"inLanguage\":\"it-IT\",\"@id\":\"https:\/\/www.torrevado.info\/news\/index.php\/2011\/08\/don-antonio-ciurlia-nuovo-parroco-di-morciano-notizie-morcianesi-1987.html#primaryimage\",\"url\":\"https:\/\/www.torrevado.info\/news\/wp-content\/uploads\/2011\/05\/1-15-novembre-1987.jpg\",\"contentUrl\":\"https:\/\/www.torrevado.info\/news\/wp-content\/uploads\/2011\/05\/1-15-novembre-1987.jpg\"},{\"@type\":\"BreadcrumbList\",\"@id\":\"https:\/\/www.torrevado.info\/news\/index.php\/2011\/08\/don-antonio-ciurlia-nuovo-parroco-di-morciano-notizie-morcianesi-1987.html#breadcrumb\",\"itemListElement\":[{\"@type\":\"ListItem\",\"position\":1,\"name\":\"Home\",\"item\":\"https:\/\/www.torrevado.info\/news\"},{\"@type\":\"ListItem\",\"position\":2,\"name\":\"Don Antonio Ciurlia, nuovo parroco di Morciano &#8211; Notizie Morcianesi 1987\"}]},{\"@type\":\"WebSite\",\"@id\":\"https:\/\/www.torrevado.info\/news\/#website\",\"url\":\"https:\/\/www.torrevado.info\/news\/\",\"name\":\"Eventi e Notizie del Salento\",\"description\":\"\",\"potentialAction\":[{\"@type\":\"SearchAction\",\"target\":{\"@type\":\"EntryPoint\",\"urlTemplate\":\"https:\/\/www.torrevado.info\/news\/?s={search_term_string}\"},\"query-input\":{\"@type\":\"PropertyValueSpecification\",\"valueRequired\":true,\"valueName\":\"search_term_string\"}}],\"inLanguage\":\"it-IT\"},{\"@type\":\"Person\",\"@id\":\"https:\/\/www.torrevado.info\/news\/#\/schema\/person\/fcfd9d5b101b9944a67e3d8c7a527073\",\"name\":\"raffy\"}]}<\/script>\r\n<!-- \/ Yoast SEO plugin. -->","yoast_head_json":{"title":"Don Antonio Ciurlia, nuovo parroco di Morciano - Notizie Morcianesi 1987","description":"Il nuovo parroco: l'impresione inziale di pignoleria si \u00e8 dissolta man mano che il colloquio \u00e8 andato avanti, tra perle di saggezza e umilt\u00e0.","robots":{"index":"index","follow":"follow","max-snippet":"max-snippet:-1","max-image-preview":"max-image-preview:large","max-video-preview":"max-video-preview:-1"},"canonical":"https:\/\/www.torrevado.info\/news\/index.php\/2011\/08\/don-antonio-ciurlia-nuovo-parroco-di-morciano-notizie-morcianesi-1987.html","og_locale":"it_IT","og_type":"article","og_title":"Don Antonio Ciurlia, nuovo parroco di Morciano - Notizie Morcianesi 1987","og_description":"Il nuovo parroco: l'impresione inziale di pignoleria si \u00e8 dissolta man mano che il colloquio \u00e8 andato avanti, tra perle di saggezza e umilt\u00e0.","og_url":"https:\/\/www.torrevado.info\/news\/index.php\/2011\/08\/don-antonio-ciurlia-nuovo-parroco-di-morciano-notizie-morcianesi-1987.html","og_site_name":"Eventi e Notizie del Salento","article_published_time":"2011-08-16T08:22:53+00:00","article_modified_time":"2023-10-09T07:23:48+00:00","og_image":[{"url":"https:\/\/www.torrevado.info\/news\/wp-content\/uploads\/2011\/05\/1-15-novembre-1987.jpg","type":"","width":"","height":""}],"author":"raffy","twitter_card":"summary_large_image","twitter_misc":{"Scritto da":"raffy","Tempo di lettura stimato":"4 minuti"},"schema":{"@context":"https:\/\/schema.org","@graph":[{"@type":"WebPage","@id":"https:\/\/www.torrevado.info\/news\/index.php\/2011\/08\/don-antonio-ciurlia-nuovo-parroco-di-morciano-notizie-morcianesi-1987.html","url":"https:\/\/www.torrevado.info\/news\/index.php\/2011\/08\/don-antonio-ciurlia-nuovo-parroco-di-morciano-notizie-morcianesi-1987.html","name":"Don Antonio Ciurlia, nuovo parroco di Morciano - Notizie Morcianesi 1987","isPartOf":{"@id":"https:\/\/www.torrevado.info\/news\/#website"},"primaryImageOfPage":{"@id":"https:\/\/www.torrevado.info\/news\/index.php\/2011\/08\/don-antonio-ciurlia-nuovo-parroco-di-morciano-notizie-morcianesi-1987.html#primaryimage"},"image":{"@id":"https:\/\/www.torrevado.info\/news\/index.php\/2011\/08\/don-antonio-ciurlia-nuovo-parroco-di-morciano-notizie-morcianesi-1987.html#primaryimage"},"thumbnailUrl":"https:\/\/www.torrevado.info\/news\/wp-content\/uploads\/2011\/05\/1-15-novembre-1987.jpg","datePublished":"2011-08-16T08:22:53+00:00","dateModified":"2023-10-09T07:23:48+00:00","author":{"@id":"https:\/\/www.torrevado.info\/news\/#\/schema\/person\/fcfd9d5b101b9944a67e3d8c7a527073"},"description":"Il nuovo parroco: l'impresione inziale di pignoleria si \u00e8 dissolta man mano che il colloquio \u00e8 andato avanti, tra perle di saggezza e umilt\u00e0.","breadcrumb":{"@id":"https:\/\/www.torrevado.info\/news\/index.php\/2011\/08\/don-antonio-ciurlia-nuovo-parroco-di-morciano-notizie-morcianesi-1987.html#breadcrumb"},"inLanguage":"it-IT","potentialAction":[{"@type":"ReadAction","target":["https:\/\/www.torrevado.info\/news\/index.php\/2011\/08\/don-antonio-ciurlia-nuovo-parroco-di-morciano-notizie-morcianesi-1987.html"]}]},{"@type":"ImageObject","inLanguage":"it-IT","@id":"https:\/\/www.torrevado.info\/news\/index.php\/2011\/08\/don-antonio-ciurlia-nuovo-parroco-di-morciano-notizie-morcianesi-1987.html#primaryimage","url":"https:\/\/www.torrevado.info\/news\/wp-content\/uploads\/2011\/05\/1-15-novembre-1987.jpg","contentUrl":"https:\/\/www.torrevado.info\/news\/wp-content\/uploads\/2011\/05\/1-15-novembre-1987.jpg"},{"@type":"BreadcrumbList","@id":"https:\/\/www.torrevado.info\/news\/index.php\/2011\/08\/don-antonio-ciurlia-nuovo-parroco-di-morciano-notizie-morcianesi-1987.html#breadcrumb","itemListElement":[{"@type":"ListItem","position":1,"name":"Home","item":"https:\/\/www.torrevado.info\/news"},{"@type":"ListItem","position":2,"name":"Don Antonio Ciurlia, nuovo parroco di Morciano &#8211; Notizie Morcianesi 1987"}]},{"@type":"WebSite","@id":"https:\/\/www.torrevado.info\/news\/#website","url":"https:\/\/www.torrevado.info\/news\/","name":"Eventi e Notizie del Salento","description":"","potentialAction":[{"@type":"SearchAction","target":{"@type":"EntryPoint","urlTemplate":"https:\/\/www.torrevado.info\/news\/?s={search_term_string}"},"query-input":{"@type":"PropertyValueSpecification","valueRequired":true,"valueName":"search_term_string"}}],"inLanguage":"it-IT"},{"@type":"Person","@id":"https:\/\/www.torrevado.info\/news\/#\/schema\/person\/fcfd9d5b101b9944a67e3d8c7a527073","name":"raffy"}]}},"_links":{"self":[{"href":"https:\/\/www.torrevado.info\/news\/index.php\/wp-json\/wp\/v2\/posts\/1166","targetHints":{"allow":["GET"]}}],"collection":[{"href":"https:\/\/www.torrevado.info\/news\/index.php\/wp-json\/wp\/v2\/posts"}],"about":[{"href":"https:\/\/www.torrevado.info\/news\/index.php\/wp-json\/wp\/v2\/types\/post"}],"author":[{"embeddable":true,"href":"https:\/\/www.torrevado.info\/news\/index.php\/wp-json\/wp\/v2\/users\/13"}],"replies":[{"embeddable":true,"href":"https:\/\/www.torrevado.info\/news\/index.php\/wp-json\/wp\/v2\/comments?post=1166"}],"version-history":[{"count":1,"href":"https:\/\/www.torrevado.info\/news\/index.php\/wp-json\/wp\/v2\/posts\/1166\/revisions"}],"predecessor-version":[{"id":3218,"href":"https:\/\/www.torrevado.info\/news\/index.php\/wp-json\/wp\/v2\/posts\/1166\/revisions\/3218"}],"wp:attachment":[{"href":"https:\/\/www.torrevado.info\/news\/index.php\/wp-json\/wp\/v2\/media?parent=1166"}],"wp:term":[{"taxonomy":"category","embeddable":true,"href":"https:\/\/www.torrevado.info\/news\/index.php\/wp-json\/wp\/v2\/categories?post=1166"},{"taxonomy":"post_tag","embeddable":true,"href":"https:\/\/www.torrevado.info\/news\/index.php\/wp-json\/wp\/v2\/tags?post=1166"}],"curies":[{"name":"wp","href":"https:\/\/api.w.org\/{rel}","templated":true}]}}