{"id":1212,"date":"2011-06-06T20:04:45","date_gmt":"2011-06-06T19:04:45","guid":{"rendered":"http:\/\/www.torrevado.info\/news\/?p=1212"},"modified":"2022-10-27T11:27:29","modified_gmt":"2022-10-27T09:27:29","slug":"guida-alla-cedolare-secca-la-disciplina-della-cedolare-secca-decreto-leg-23-2011","status":"publish","type":"post","link":"https:\/\/www.torrevado.info\/news\/index.php\/2011\/06\/guida-alla-cedolare-secca-la-disciplina-della-cedolare-secca-decreto-leg-23-2011.html","title":{"rendered":"Guida alla Cedolare Secca &#8211; La disciplina della cedolare secca \u2013 decreto legislativo 23 del 14-3-2011"},"content":{"rendered":"<h2><strong>Guida alla Cedolare Secca &#8211; La disciplina della cedolare secca \u2013 decreto legislativo 23 del 14-3-2011<\/strong><\/h2>\n<p><strong><span style=\"text-decoration: underline;\">La disciplina della cedolare secca \u2013 decreto legislativo n. 23 del 14\/3\/11<\/span><\/strong><\/p>\n<p style=\"text-align: center;\"><strong><span style=\"text-decoration: underline;\"><a href=\"https:\/\/www.torrevado.info\/news\/wp-content\/uploads\/2011\/06\/affitti-dimora.jpg\" data-rel=\"lightbox-gallery-l5O07MMz\" data-rl_title=\"affitti-dimora\" data-rl_caption=\"\"><img loading=\"lazy\" decoding=\"async\" class=\"aligncenter size-full wp-image-1213\" style=\"border: 1px solid black;\" title=\"affitti-dimora\" src=\"https:\/\/www.torrevado.info\/news\/wp-content\/uploads\/2011\/06\/affitti-dimora.jpg\" alt=\"\" width=\"600\" height=\"402\" srcset=\"https:\/\/www.torrevado.info\/news\/wp-content\/uploads\/2011\/06\/affitti-dimora.jpg 600w, https:\/\/www.torrevado.info\/news\/wp-content\/uploads\/2011\/06\/affitti-dimora-300x201.jpg 300w\" sizes=\"auto, (max-width: 600px) 100vw, 600px\" \/><\/a><\/span><\/strong> <a href=\"https:\/\/www.Torrevado.info\" target=\"_blank\" rel=\"noopener noreferrer\">www.Torrevado.info<\/a><\/p>\n<p><strong>Introduzione<\/strong><\/p>\n<p>&nbsp;<\/p>\n<p>Questo documento si propone, di fare rapidamente chiarezza sulle novit\u00e0 apportate dall\u2019introduzione nel panorama fiscale italiano dalla cosiddetta <strong>\u201c<em>cedolare secca sugli immobili\u201d<\/em><\/strong>, un imposta sostitutiva <strong><em>\u201cpiatta\u201d<\/em><\/strong> applicata sui redditi delle persone fisiche derivanti da contratti di locazione, anche per <a href=\"https:\/\/www.torrevado.info\/affitti_salento\/\" target=\"_blank\" rel=\"noopener noreferrer\"><strong>case vacanze di privati<\/strong><\/a>.<\/p>\n<p>Buona lettura!<\/p>\n<p><strong><em>a cura di Alessandro Quaranta<\/em><\/strong><em> &#8211;&nbsp; ragioniere commercialista \u2013 revisore dei conti \u2013 consulente del lavoro in Morciano di Leuca (Le) &#8211; luned\u00ec 06 giugno 2011 <\/em><\/p>\n<p>\u00c8 stata introdotta a partire dal 2011 la \u201c<strong>cedolare secca sugli affitti<\/strong>\u201d (art. 3 del decreto legislativo 23\/2011). Si tratta di un imposta che sostituisce quelle attualmente dovute sulle locazioni. \u00c8 un regime <strong>facoltativo<\/strong> e si applica in alternativa a quello ordinario.<\/p>\n<p>Questa nuova modalit\u00e0 di tassazione prevista per le locazioni immobiliari, che oltre ad agire in ottica \u201cfederalismo\u201d ha l\u2019obbiettivo soprattutto di far emergere i redditi occultati in tutto o in parte derivanti dalle locazioni di immobili.<\/p>\n<ol>\n<li><strong>ambito soggettivo<\/strong><\/li>\n<\/ol>\n<p>Possono optare per regime della \u201ccedolare secca\u201d le persone fisiche titolari del diritto di propriet\u00e0 o del diritto reale di godimento (per esempio usufrutto) su unit\u00e0 abitative locate.<\/p>\n<p>L\u2019opzione non pu\u00f2 essere effettuata nell\u2019esercizio di attivit\u00e0 di impresa o di arti e professioni.<\/p>\n<p>Non possono aderire al nuovo regime le societ\u00e0 e gli enti non commerciali.<\/p>\n<p><strong>Contitolarit\u00e0<\/strong><\/p>\n<p>In caso di contitolarit\u00e0 dell\u2019immobile l\u2019opzione deve essere esercitata distintamente da ciascun locatore<\/p>\n<p>Pertanto, i locatori contitolari che non esercitano l\u2019opzione sono tenuti al versamento dell\u2019imposta di registro calcolata sulla parte del canone di locazione loro imputabile in base alle quote di possesso. Deve essere comunque versata l\u2019imposta di bollo sul contratto di locazione.<\/p>\n<p>L\u2019imposta di registro deve essere versata per l\u2019intero importo stabilito nei casi in cui la norma fissa l\u2019ammontare minimo dell\u2019imposta dovuta.<\/p>\n<ol>\n<li><strong>ambito oggettivo<\/strong><\/li>\n<\/ol>\n<p>l\u2019opzione pu\u00f2 essere esercitata in relazione a ciascuna unit\u00e0 immobiliare ad uso abitativo e alle relative pertinenze locate congiuntamente all\u2019abitazione.<\/p>\n<p>Sono interessate quindi, soltanto:<\/p>\n<p>a)&nbsp;&nbsp;&nbsp;&nbsp;&nbsp; le unit\u00e0 abitative accatastate nelle categorie da A1 a A11 esclusa l\u2019A10 (uffici o studi privati)<\/p>\n<p>b)&nbsp;&nbsp;&nbsp;&nbsp;&nbsp; le relative pertinenze (solo se locate congiuntamente all\u2019abitazione)<\/p>\n<p>ne deriva, pertanto, che il regime sostitutivo non trova applicazione quando ad esempio, un\u2019unit\u00e0 che, seppur accatastata in A\/2 \u2013 \u201cabitazione civile\u201d viene locata ad uso ufficio. Lo stesso dicasi quando, un\u2019unit\u00e0 accatastata in A\/10, viene locata ad uso abitativo.<\/p>\n<p>L\u2019opzione pu\u00f2 essere esercitata, anche per i contratti di locazione di durata inferiore a trenta giorni nell\u2019anno, per i quali non sussiste l\u2019obbligo di registrazione in termine fisso.<\/p>\n<p>L\u2019opzione per la \u201ccedolare secca\u201d pu\u00f2 essere esercitata da parte del locatore, anche nel caso in cui vi \u00e8 l\u2019intervento di un\u2019agenzia che operi come mero intermediario tra locatore e conduttore.<\/p>\n<p><strong>Contratti misti<\/strong><\/p>\n<p>Se il contratto di locazione ha ad oggetto unit\u00e0 immobiliari abitative per i quali viene esercitata l\u2019opzione per l\u2019applicazione della cedolare secca e altri immobili per i quali non \u00e8 esercitata l\u2019opzione l\u2019imposta di registro \u00e8 calcolata:<\/p>\n<p>a)&nbsp;&nbsp;&nbsp;&nbsp;&nbsp; sui soli canoni riferiti agli immobili per i quali nono \u00e8 stata esercitata l\u2019opzione<\/p>\n<p>b)&nbsp;&nbsp;&nbsp;&nbsp;&nbsp; sulla parte di canone imputabile a ciascun immobile in proporzione alla rendita, se il canone \u00e8 stato pattuito unitariamente<\/p>\n<p><strong>Opzione per la \u201ccedolare secca\u201d<\/strong><\/p>\n<p>Il nuovo istituto della \u201ccedolare secca\u201d si inserisce nell\u2019ordinamento come regime alternativo, scelto in modo facoltativo dal locatore, \u201cin deroga\u201d rispetto al regime ordinario vigente per la tassazione del reddito fondiario ai fini dell\u2019imposta sul reddito delle persone fisiche.<\/p>\n<p>L\u2019opzione vincola il locatore all\u2019applicazione del regime della \u201ccedolare secca\u201d per l\u2019intero periodo di durata del contratto, o della proroga, ovvero per il residuo periodo di durata del contratto nel caso di opzione esercitata nelle annualit\u00e0 successive alla prima.<\/p>\n<p>Il locatore ha la facolt\u00e0 di revocare l\u2019opzione durante ciascuna annualit\u00e0 contrattuale successiva a quella in cui \u00e8 stata esercitata l\u2019opzione.<\/p>\n<p><strong>La revoca<\/strong> deve essere effettuata entro il termine previsto per il pagamento dell\u2019imposta di registro relativa all\u2019annualit\u00e0 di riferimento e obbliga il versamento della stessa imposta.<\/p>\n<p>Resta salva la facolt\u00e0 di esercitare l\u2019opzione nelle annualit\u00e0 successive.<\/p>\n<p><strong>Comunicazione dell\u2019opzione al conduttore<\/strong><\/p>\n<p>L\u2019opzione per la \u201ccedolare secca\u201d , perch\u00e9 sia efficace, va comunicata separatamente, sia all\u2019inquilino che al fisco. Solo se entrambe le comunicazioni verranno effettuate il nuovo regime di imposta sostitutiva potr\u00e0 essere utilizzato.<\/p>\n<ul>\n<li>comunicazione preventiva al conduttore: tramite lettera raccomandata A\/R, rinunciando alla facolt\u00e0 di chiedere, per tutta la durata dell\u2019opzione, l\u2019aggiornamento del canone di locazione, anche se \u00e8 previsto dal contratto, inclusa la variazione accertata dall\u2019ISTAT.<\/li>\n<li>comunicazione al fisco: da esercitare in sede di registrazione del contratto compilando il modello semplificato Siria (approvato con provvedimento del 7\/4\/2011), oppure il modello 69.<\/li>\n<\/ul>\n<p>Per il periodo d\u2019imposta 2011, sui contratti che al 7 aprile 2011 sono gi\u00e0 scaduti, risolti, prorogati o gi\u00e0 registrati, l\u2019opzione si esercita in sede di dichiarazione dei redditi (mod. Unico o 730) da presentare nell\u2019anno 2012.<\/p>\n<p>Inoltre, la raccomandata deve essere inviata all\u2019inquilino nel termine stabilito&nbsp; per il versamento del primo acconto dovuto e quindi:<\/p>\n<ul>\n<li>entro il <strong>6 luglio 2011 <\/strong>se l\u2019acconto \u00e8 dovuto in due rate;<\/li>\n<li>entro il <strong>30 novembre 2011 <\/strong>se l\u2019acconto \u00e8 dovuto in unica rata;<\/li>\n<li>entro il termine di <strong>presentazione della dichiarazione <\/strong>se l\u2019acconto non \u00e8 dovuto.<\/li>\n<\/ul>\n<p><strong>Le aliquote d\u2019imposta <\/strong><\/p>\n<p>Le aliquote d\u2019imposta applicabili, in caso di scelta per la \u201ccedolare secca\u201d, sono:<\/p>\n<p>a)&nbsp;&nbsp;&nbsp;&nbsp;&nbsp; 21% per i contratti a canone libero<\/p>\n<p>b)&nbsp;&nbsp;&nbsp;&nbsp;&nbsp; 19% per i contratti a canone concordato relativi ad abitazioni ubicate:<\/p>\n<ul>\n<li>Nei comuni con carenze di disponibilit\u00e0 abitative (art. 1, lettera a) e b) del dl 551\/1988). Si tratta in pratica dei comuni di Bari, Bologna, Catania, Firenze, Genova, Milano Napoli, Palermo, Roma, Torino e Venezia e dei comuni confinanti con gli stessi nonch\u00e9 gli altri comuni capoluoghi di provincia;<\/li>\n<li>Nei comuni ad alta tensione abitativa (individuati dal Cipe)<\/li>\n<\/ul>\n<p>La base imponibile su cui calcolare l\u2019imposta \u00e8 costituita dall\u2019intero canone di locazione annuo, a differenza di quanto previsto in regime ordinario.<\/p>\n<p><strong>Le imposte sostituite<\/strong><\/p>\n<p>Con la \u201ccedolare secca\u201d sono sostituite le seguenti imposte:<\/p>\n<ul>\n<li>Irpef<\/li>\n<li>Addizionale regionale irpef<\/li>\n<li>Addizionale comunale irpef<\/li>\n<li>Imposta di registro (anche su risoluzioni e proroghe)<\/li>\n<li>Imposta di bollo (anche su risoluzioni e proroghe)<\/li>\n<\/ul>\n<p>Diversamente, in caso di <strong>cessione del contratto<\/strong>, resta ferma l\u2019applicazione del regime ordinario, anche quando si esercita l\u2019opzione per la \u201ccedolare secca\u201d, che non assorbe l\u2019imposta di registro e di bollo dovute in tale ipotesi.<\/p>\n<p><a href=\"https:\/\/www.torrevado.info\/news\/wp-content\/uploads\/2011\/06\/cedolare-secca-locazioni.gif\" data-rel=\"lightbox-gallery-l5O07MMz\" data-rl_title=\"cedolare-secca-locazioni\" data-rl_caption=\"\"><img loading=\"lazy\" decoding=\"async\" class=\"aligncenter size-full wp-image-1214\" title=\"cedolare-secca-locazioni\" src=\"https:\/\/www.torrevado.info\/news\/wp-content\/uploads\/2011\/06\/cedolare-secca-locazioni.gif\" alt=\"\" width=\"608\" height=\"420\" srcset=\"https:\/\/www.torrevado.info\/news\/wp-content\/uploads\/2011\/06\/cedolare-secca-locazioni.gif 608w, https:\/\/www.torrevado.info\/news\/wp-content\/uploads\/2011\/06\/cedolare-secca-locazioni-300x207.gif 300w\" sizes=\"auto, (max-width: 608px) 100vw, 608px\" \/><\/a><\/p>\n<p><strong>Altre caratteristiche<\/strong><\/p>\n<p>La registrazione del contratto assorbe \u201cgli ulteriori obblighi di comunicazione\u201d, incluso quello relativo alla comunicazione alla Pubblica Sicurezza ex art. 12 d.l. n. 59\/78 (conv. Dalla legge n. 191\/78).<\/p>\n<p>Si segnala, inoltre, che anche in caso di esercizio dell\u2019opzione, resta comunque fermo l\u2019obbligo di:<\/p>\n<ul>\n<li>registrazione del contratto (nonch\u00e9 della proroga e risoluzione dello stesso, entro i termini stabiliti dall\u2019art. 17 del dpr 131\/1972<\/li>\n<li>presentazione della dichiarazione dei redditi<\/li>\n<\/ul>\n<p><strong>Modalit\u00e0 di versamento<\/strong><\/p>\n<p>Per quanto riguarda il versamento dell\u2019imposta, la \u201ccedolare secca\u201d deve essere versata entro il termine stabilito per il versamento Irpef (acconti entro il 16 giugno e 30 novembre e saldo entro il 16 giugno dell\u2019anno successivo), inoltre, l\u2019art. 3, co. 4, del d.Lgs 23\/2011 stabilisce che l\u2019acconto sia pari:<\/p>\n<ul>\n<li>Per il 2011, all\u201985% dell\u2019imposta dovuta<\/li>\n<li>dal 2012, al 95% dell\u2019imposta dovuta.<\/li>\n<\/ul>\n<p><strong>Acconto per il 2011<\/strong><\/p>\n<p>Per il 2011, l\u2019acconto deve essere versato nella misura dell\u201985% dell\u2019imposta dovuta, nel modo seguente:<\/p>\n<ul>\n<li>in unica soluzione, entro il 30 novembre 2011, se d\u2019importo inferiore a 257,52 euro;<\/li>\n<li>in 2 rate, se l\u2019importo dovuto \u00e8 pari o superiore&nbsp; ad 257,52 euro, di cui:<\/li>\n<\/ul>\n<ol>\n<li>la prima, nella misura del 40% dell\u2019acconto (34% dell\u2019imposta dovuta), entro il 6 luglio 2011 (ovvero entro il 5 agosto 2011 con la maggiorazione dello 0,40% a titolo di interesse), inoltre, la prima rata dell\u2019acconto della \u201ccedolare secca\u201d pu\u00f2 essere versata ratealmente e sugli importi rateizzati sono dovuti gli interessi, secondo le disposizioni previste per la rateazione dell\u2019Irpef;<\/li>\n<li>la seconda, nella restante misura del 60% dell\u2019acconto (51% dell\u2019imposta dovuta), entro il 30 novembre 2011.<\/li>\n<\/ol>\n<p><strong>Acconto dal 2012<\/strong><\/p>\n<p>Per il 2012, l\u2019acconto deve essere versato nella misura dell\u201995% dell\u2019imposta dovuta, nel modo seguente:<\/p>\n<ul>\n<li>in unica soluzione, entro il 30 novembre di ciascun anno, se d\u2019importo inferiore a 257,52 euro;<\/li>\n<li>in 2 rate, se l\u2019importo dovuto \u00e8 pari o superiore&nbsp; ad 257,52 euro, di cui:<\/li>\n<\/ul>\n<ol>\n<li>la prima, nella misura del 40% dell\u2019acconto (38% dell\u2019imposta dovuta), entro il 16 giugno di ciascun anno (ovvero entro il 18 luglio con la maggiorazione dello 0,40% a titolo di interesse). Inoltre, la prima rata dell\u2019acconto della \u201ccedolare secca\u201d pu\u00f2 essere versata ratealmente e sugli importi rateizzati sono dovuti gli interessi, secondo le disposizioni previste per la rateazione dell\u2019Irpef;<\/li>\n<li>la seconda, nella restante misura del 60% dell\u2019acconto (57% dell\u2019imposta dovuta), entro il 30 novembre.<\/li>\n<\/ol>\n<p><strong>Acconto non dovuto<\/strong><\/p>\n<ul>\n<li>Non \u00e8 dovuto acconto e l\u2019imposta \u00e8 versata a saldo se l\u2019importo se l\u2019importo su cui calcolare l\u2019acconto non supera 51,65 euro.<\/li>\n<li>Non \u00e8 dovuto acconto se il contratto \u00e8 stipulato nel mese in cui cade il termine del versamento. In particolare:<\/li>\n<\/ul>\n<ol>\n<li>l\u2019acconto da versare entro il 16 giugno \u00e8 dovuto per i contratti stipulati entro il 31 maggio e non \u00e8 dovuto per i contratti stipulati a partire dal 1\u00b0 giugno;<\/li>\n<li>l\u2019acconto da versare entro il 30 novembre \u00e8 dovuto se il contratto \u00e8 stipulato entro il 31 ottobre e non \u00e8 dovuto per i contratti stipulati a partire dal 1\u00b0 novembre.<\/li>\n<\/ol>\n<p><strong>Versamento a saldo<\/strong><\/p>\n<p>Anche per il versamento a saldo della \u201ccedolare secca\u201d dovuto entro il 16 giugno dell\u2019anno successivo, si applicano le disposizioni in materia di versamento a saldo dell\u2019Irpef.<\/p>\n<p><strong>Sanzioni<\/strong><\/p>\n<p>L\u2019obiettivo perseguito dal legislatore del federalismo municipale \u00e8 evidente: l\u2019introduzione di un regime di tassazione agevolato sulle locazioni \u00e8 finalizzato anche alla riduzione dell\u2019evasione sugli affitti nei confronti della quale si prevedono sanzioni raddoppiate per i locatori che si ostineranno a non far emergere, in tutto o in parte, i canoni percepiti.<\/p>\n<p>Ci\u00f2 premesso vediamo come sono state modificate le sanzioni amministrative applicabili (<strong>articolo 3, comma 5, d.lgs. n. 23\/2011):<\/strong><\/p>\n<p><strong>sanzioni ai fini Irpef <\/strong><\/p>\n<p>&nbsp;<\/p>\n<ul>\n<li>dal 240% al 480% delle imposte dovute, con un minimo di 516 euro, nell\u2019ipotesi in cui nella dichiarazione dei redditi il canone derivante dalla locazione di abitazioni non venga indicato;<\/li>\n<li>dal 200% al 400% della maggiore imposta dovuta, ove il canone sia indicato in misura inferiore a quello accertato.<\/li>\n<\/ul>\n<p>Inoltre, per i redditi derivanti dalla locazione di immobili residenziali, nel caso di definizione dell\u2019accertamento mediante adesione del contribuente, ovvero rinuncia di questi all\u2019impugnazione dell\u2019accertamento, <strong>si applicano le sanzioni ordinarie<\/strong>, senza riduzione, previste, dall\u2019art. 1, comma 1 \u2013 2, nonch\u00e9&nbsp; dall\u2019art. 13 del D.Lgs 471\/97.<\/p>\n<p>Da notare che, per espresso divieto normativo, per le locazioni di abitazioni effettuate da imprese o da esercenti arti e professioni, non operano n\u00e9 il citato raddoppio delle sanzioni amministrative nell\u2019ipotesi di mancata o parziale indicazione in dichiarazione del canone, n\u00e9 l\u2019inapplicabilit\u00e0 della riduzione delle sanzioni in caso di definizione dell\u2019accertamento mediante adesione del contribuente, o di rinuncia di questi all\u2019impugnazione.<\/p>\n<p><em>Resta, invece, ancora da chiarire l\u2019esatto ambito applicativo del nuovo impianto sanzionatorio. Se non v\u2019\u00e8 dubbio che l\u2019inasprimento delle sanzioni riguardi la locazione delle sole unit\u00e0 immobiliari ad uso abitativo, non appare ancora chiaro se alle nuove regole siano assoggettati tutti i contribuenti persone fisiche, a prescindere dall\u2019effettivo esercizio dell\u2019opzione per la \u201ccedolare secca\u201d.<\/em><\/p>\n<p><strong>Contratti non registrati, registrati per un importo inferiore a quello effettivo e comodati fittizi<\/strong><\/p>\n<p>In caso di contratti non registrati nel termine di legge (art. 3, comma 8 del decreto legislativo nr. 23\/2011), laddove gli stessi vengono acquisiti d\u2019ufficio oppure vengono registrati su iniziativa <strong>dell\u2019inquilino, <\/strong>trovano applicazione le seguenti conseguenze:<\/p>\n<ul>\n<li>la durata della locazione \u00e8 stabilita in quattro anni a decorrere dalla data di registrazione, volontaria o d\u2019ufficio;<\/li>\n<li>ai primi quattro anni si aggiungono gli ulteriori quattro del rinnovo automatico, di cui all\u2019art. 2, comma 1, legge 431\/98;<\/li>\n<li>a decorrere dalla data di registrazione, l\u2019entit\u00e0 del canone di locazione \u00e8 fissata in misura pari al triplo della rendita catastale. A tale importo si aggiunge, a partire dal secondo anno, il 75% dell\u2019adeguamento Istat. Se il contratto prevede un canone inferiore, continua ad applicarsi il canone contrattuale.<\/li>\n<\/ul>\n<p>\u00c8, altres\u00ec, previsto al comma 9 dello stesso articolo 3 del decreto legislativo nr. 23\/2011 che le medesime disposizioni in materia di nullit\u00e0 del contratto non registrato recate dal comma 346 dell\u2019art. 1 della legge 344 del 2005 e quelle previste dal comma 8&nbsp; dello stesso art. 3, \u201c<em>si applicano anche ai casi in cui:<\/em><\/p>\n<ul>\n<li><em>nel contratto di locazione registrato sia stato indicato un importo inferiore a quello effettivo;<\/em><\/li>\n<li><em>sia stato registrato un contratto di comodato fittizio\u201d.<\/em><\/li>\n<\/ul>\n<p><em><span style=\"text-decoration: underline;\">Come si vede, si tratta di penalizzazioni molto pensanti che si aggiungono e non sostituiscono le sanzioni previste per le violazioni tributarie.<\/span><\/em><\/p>\n<p><strong>Sanzioni ai fini dell\u2019imposta di registro e dell\u2019imposta di bollo<\/strong><\/p>\n<ul>\n<li>per omessa registrazione del contratto, ai sensi dell\u2019art. 69 del dpr 131\/1986, oltre all\u2019obbligo di versare l\u2019imposta di registro evasa, il contribuente \u00e8 assoggettato ad una sanzione amministrativa dal 120% al 240% dell\u2019imposta dovuta;<\/li>\n<li>per il parziale occultamento del canone pattuito, ai sensi dell\u2019art. 72 del dpr 131\/1986, oltre all\u2019accertamento dell\u2019imposta evasa, \u00e8 prevista l\u2019irrogazione di una sanzione amministrativa dal 200% al 400% della maggiore imposta dovuta;<\/li>\n<li>per il tardivo versamento dell\u2019imposta su annualit\u00e0 successive alla prima, ai sensi dell\u2019art. 13 del D.Lgs 471\/1997, si applica una sanzione pari al 30% dell\u2019imposta versata in ritardo.<\/li>\n<\/ul>\n<p>All\u2019imposta e alla sanzione vanno aggiunti anche gli interessi di mora al tasso legale.<\/p>\n<p>Per completezza, si ricorda che, ai fini del bollo, ai sensi dell\u2019art. 25, comma 1, dpr 642\/1972, in caso di omesso od insufficiente pagamento dell\u2019imposta, \u00e8 irrogata, oltre all\u2019obbligo di pagamento del tributo nella misura dovuta, una sanzione amministrativa dal 100% al 500% dell\u2019imposta dovuta.<\/p>\n<p><strong>Riferimenti normativi:<\/strong><\/p>\n<p>a)&nbsp;&nbsp;&nbsp;&nbsp;&nbsp; decreto legislativo nr. 23 del 14 marzo 2011;<\/p>\n<p>b)&nbsp;&nbsp;&nbsp;&nbsp;&nbsp; risoluzione Agenzia Entrate n. 59\/E del 25 maggio 2011;<\/p>\n<p>c)&nbsp;&nbsp;&nbsp;&nbsp;&nbsp; circolare Agenzia Entrate n. 26\/E del 1\u00b0 giugno 2011.<\/p>\n<p>Info: Alessandro Quaranta \u2013 tel. 0833\/743362 \u2013 cell. +39&nbsp; 339\/2423805<\/p>\n<p>e-mail: <a href=\"mailto:quaranta.alex@tiscali.it\">quaranta.alex@tiscali.it<\/a><\/p>\n<p>Allegati<\/p>\n<h2><a href=\"https:\/\/www.torrevado.info\/news\/wp-content\/uploads\/2011\/06\/guida-alla-cedolare-secca-diritti-e-doveri-dlgs-23-2011.pdf\" target=\"_blank\" rel=\"noopener noreferrer\">Scarica la Guida-alla-cedolare-secca-diritti-e-doveri-dlgs-23-2011 PDF<\/a><\/h2>\n<p>vedi anche<\/p>\n<p>&#8211; <a href=\"https:\/\/www.torrevado.info\/affitti_salento\/\" target=\"_blank\" rel=\"noopener noreferrer\">Case vacanze nel Salento<\/a><\/p>\n","protected":false},"excerpt":{"rendered":"<p>Guida alla Cedolare Secca &#8211; La disciplina della cedolare secca \u2013 decreto legislativo 23 del 14-3-2011 La disciplina della cedolare secca \u2013 decreto legislativo n. 23 del 14\/3\/11 www.Torrevado.info Introduzione &nbsp; Questo documento si propone, di fare rapidamente chiarezza sulle novit\u00e0 apportate dall\u2019introduzione nel panorama fiscale italiano dalla cosiddetta \u201ccedolare secca sugli immobili\u201d, un imposta sostitutiva \u201cpiatta\u201d applicata sui redditi delle persone fisiche derivanti da contratti di locazione, anche per case vacanze di privati. Buona lettura! a cura di Alessandro [&hellip;]<\/p>\n","protected":false},"author":1,"featured_media":0,"comment_status":"open","ping_status":"closed","sticky":false,"template":"","format":"standard","meta":{"footnotes":""},"categories":[9],"tags":[],"class_list":["post-1212","post","type-post","status-publish","format-standard","hentry","category-puglia"],"yoast_head":"<!-- This site is optimized with the Yoast SEO plugin v24.7 - https:\/\/yoast.com\/wordpress\/plugins\/seo\/ -->\r\n<title>Guida alla Cedolare Secca - La disciplina della cedolare secca \u2013 decreto legislativo 23 del 14-3-2011<\/title>\r\n<meta name=\"description\" content=\"Questo documento si propone, di fare rapidamente chiarezza sulle novit\u00e0 apportate dall\u2019introduzione nel panorama fiscale italiano dalla cosiddetta \u201ccedolare secca sugli immobili\u201d, un imposta sostitutiva \u201cpiatta\u201d applicata sui redditi delle persone fisiche derivanti da contratti di locazione.\" \/>\r\n<meta name=\"robots\" content=\"index, follow, max-snippet:-1, max-image-preview:large, max-video-preview:-1\" \/>\r\n<link rel=\"canonical\" href=\"https:\/\/www.torrevado.info\/news\/index.php\/2011\/06\/guida-alla-cedolare-secca-la-disciplina-della-cedolare-secca-decreto-leg-23-2011.html\" \/>\r\n<meta property=\"og:locale\" content=\"it_IT\" \/>\r\n<meta property=\"og:type\" content=\"article\" \/>\r\n<meta property=\"og:title\" content=\"Guida alla Cedolare Secca - La disciplina della cedolare secca \u2013 decreto legislativo 23 del 14-3-2011\" \/>\r\n<meta property=\"og:description\" content=\"Questo documento si propone, di fare rapidamente chiarezza sulle novit\u00e0 apportate dall\u2019introduzione nel panorama fiscale italiano dalla cosiddetta \u201ccedolare secca sugli immobili\u201d, un imposta sostitutiva \u201cpiatta\u201d applicata sui redditi delle persone fisiche derivanti da contratti di locazione.\" \/>\r\n<meta property=\"og:url\" content=\"https:\/\/www.torrevado.info\/news\/index.php\/2011\/06\/guida-alla-cedolare-secca-la-disciplina-della-cedolare-secca-decreto-leg-23-2011.html\" \/>\r\n<meta property=\"og:site_name\" content=\"Eventi e Notizie del Salento\" \/>\r\n<meta property=\"article:published_time\" content=\"2011-06-06T19:04:45+00:00\" \/>\r\n<meta property=\"article:modified_time\" content=\"2022-10-27T09:27:29+00:00\" \/>\r\n<meta property=\"og:image\" content=\"https:\/\/www.torrevado.info\/news\/wp-content\/uploads\/2011\/06\/affitti-dimora.jpg\" \/>\r\n<meta name=\"author\" content=\"Pantaleo\" \/>\r\n<meta name=\"twitter:card\" content=\"summary_large_image\" \/>\r\n<meta name=\"twitter:label1\" content=\"Scritto da\" \/>\n\t<meta name=\"twitter:data1\" content=\"Pantaleo\" \/>\n\t<meta name=\"twitter:label2\" content=\"Tempo di lettura stimato\" \/>\n\t<meta name=\"twitter:data2\" content=\"13 minuti\" \/>\r\n<script type=\"application\/ld+json\" class=\"yoast-schema-graph\">{\"@context\":\"https:\/\/schema.org\",\"@graph\":[{\"@type\":\"WebPage\",\"@id\":\"https:\/\/www.torrevado.info\/news\/index.php\/2011\/06\/guida-alla-cedolare-secca-la-disciplina-della-cedolare-secca-decreto-leg-23-2011.html\",\"url\":\"https:\/\/www.torrevado.info\/news\/index.php\/2011\/06\/guida-alla-cedolare-secca-la-disciplina-della-cedolare-secca-decreto-leg-23-2011.html\",\"name\":\"Guida alla Cedolare Secca - La disciplina della cedolare secca \u2013 decreto legislativo 23 del 14-3-2011\",\"isPartOf\":{\"@id\":\"https:\/\/www.torrevado.info\/news\/#website\"},\"primaryImageOfPage\":{\"@id\":\"https:\/\/www.torrevado.info\/news\/index.php\/2011\/06\/guida-alla-cedolare-secca-la-disciplina-della-cedolare-secca-decreto-leg-23-2011.html#primaryimage\"},\"image\":{\"@id\":\"https:\/\/www.torrevado.info\/news\/index.php\/2011\/06\/guida-alla-cedolare-secca-la-disciplina-della-cedolare-secca-decreto-leg-23-2011.html#primaryimage\"},\"thumbnailUrl\":\"https:\/\/www.torrevado.info\/news\/wp-content\/uploads\/2011\/06\/affitti-dimora.jpg\",\"datePublished\":\"2011-06-06T19:04:45+00:00\",\"dateModified\":\"2022-10-27T09:27:29+00:00\",\"author\":{\"@id\":\"https:\/\/www.torrevado.info\/news\/#\/schema\/person\/c93221d84694d6dea4b52ec83c18e78d\"},\"description\":\"Questo documento si propone, di fare rapidamente chiarezza sulle novit\u00e0 apportate dall\u2019introduzione nel panorama fiscale italiano dalla cosiddetta \u201ccedolare secca sugli immobili\u201d, un imposta sostitutiva \u201cpiatta\u201d applicata sui redditi delle persone fisiche derivanti da contratti di locazione.\",\"breadcrumb\":{\"@id\":\"https:\/\/www.torrevado.info\/news\/index.php\/2011\/06\/guida-alla-cedolare-secca-la-disciplina-della-cedolare-secca-decreto-leg-23-2011.html#breadcrumb\"},\"inLanguage\":\"it-IT\",\"potentialAction\":[{\"@type\":\"ReadAction\",\"target\":[\"https:\/\/www.torrevado.info\/news\/index.php\/2011\/06\/guida-alla-cedolare-secca-la-disciplina-della-cedolare-secca-decreto-leg-23-2011.html\"]}]},{\"@type\":\"ImageObject\",\"inLanguage\":\"it-IT\",\"@id\":\"https:\/\/www.torrevado.info\/news\/index.php\/2011\/06\/guida-alla-cedolare-secca-la-disciplina-della-cedolare-secca-decreto-leg-23-2011.html#primaryimage\",\"url\":\"https:\/\/www.torrevado.info\/news\/wp-content\/uploads\/2011\/06\/affitti-dimora.jpg\",\"contentUrl\":\"https:\/\/www.torrevado.info\/news\/wp-content\/uploads\/2011\/06\/affitti-dimora.jpg\"},{\"@type\":\"BreadcrumbList\",\"@id\":\"https:\/\/www.torrevado.info\/news\/index.php\/2011\/06\/guida-alla-cedolare-secca-la-disciplina-della-cedolare-secca-decreto-leg-23-2011.html#breadcrumb\",\"itemListElement\":[{\"@type\":\"ListItem\",\"position\":1,\"name\":\"Home\",\"item\":\"https:\/\/www.torrevado.info\/news\"},{\"@type\":\"ListItem\",\"position\":2,\"name\":\"Guida alla Cedolare Secca &#8211; La disciplina della cedolare secca \u2013 decreto legislativo 23 del 14-3-2011\"}]},{\"@type\":\"WebSite\",\"@id\":\"https:\/\/www.torrevado.info\/news\/#website\",\"url\":\"https:\/\/www.torrevado.info\/news\/\",\"name\":\"Eventi e Notizie del Salento\",\"description\":\"\",\"potentialAction\":[{\"@type\":\"SearchAction\",\"target\":{\"@type\":\"EntryPoint\",\"urlTemplate\":\"https:\/\/www.torrevado.info\/news\/?s={search_term_string}\"},\"query-input\":{\"@type\":\"PropertyValueSpecification\",\"valueRequired\":true,\"valueName\":\"search_term_string\"}}],\"inLanguage\":\"it-IT\"},{\"@type\":\"Person\",\"@id\":\"https:\/\/www.torrevado.info\/news\/#\/schema\/person\/c93221d84694d6dea4b52ec83c18e78d\",\"name\":\"Pantaleo\"}]}<\/script>\r\n<!-- \/ Yoast SEO plugin. -->","yoast_head_json":{"title":"Guida alla Cedolare Secca - La disciplina della cedolare secca \u2013 decreto legislativo 23 del 14-3-2011","description":"Questo documento si propone, di fare rapidamente chiarezza sulle novit\u00e0 apportate dall\u2019introduzione nel panorama fiscale italiano dalla cosiddetta \u201ccedolare secca sugli immobili\u201d, un imposta sostitutiva \u201cpiatta\u201d applicata sui redditi delle persone fisiche derivanti da contratti di locazione.","robots":{"index":"index","follow":"follow","max-snippet":"max-snippet:-1","max-image-preview":"max-image-preview:large","max-video-preview":"max-video-preview:-1"},"canonical":"https:\/\/www.torrevado.info\/news\/index.php\/2011\/06\/guida-alla-cedolare-secca-la-disciplina-della-cedolare-secca-decreto-leg-23-2011.html","og_locale":"it_IT","og_type":"article","og_title":"Guida alla Cedolare Secca - La disciplina della cedolare secca \u2013 decreto legislativo 23 del 14-3-2011","og_description":"Questo documento si propone, di fare rapidamente chiarezza sulle novit\u00e0 apportate dall\u2019introduzione nel panorama fiscale italiano dalla cosiddetta \u201ccedolare secca sugli immobili\u201d, un imposta sostitutiva \u201cpiatta\u201d applicata sui redditi delle persone fisiche derivanti da contratti di locazione.","og_url":"https:\/\/www.torrevado.info\/news\/index.php\/2011\/06\/guida-alla-cedolare-secca-la-disciplina-della-cedolare-secca-decreto-leg-23-2011.html","og_site_name":"Eventi e Notizie del Salento","article_published_time":"2011-06-06T19:04:45+00:00","article_modified_time":"2022-10-27T09:27:29+00:00","og_image":[{"url":"https:\/\/www.torrevado.info\/news\/wp-content\/uploads\/2011\/06\/affitti-dimora.jpg","type":"","width":"","height":""}],"author":"Pantaleo","twitter_card":"summary_large_image","twitter_misc":{"Scritto da":"Pantaleo","Tempo di lettura stimato":"13 minuti"},"schema":{"@context":"https:\/\/schema.org","@graph":[{"@type":"WebPage","@id":"https:\/\/www.torrevado.info\/news\/index.php\/2011\/06\/guida-alla-cedolare-secca-la-disciplina-della-cedolare-secca-decreto-leg-23-2011.html","url":"https:\/\/www.torrevado.info\/news\/index.php\/2011\/06\/guida-alla-cedolare-secca-la-disciplina-della-cedolare-secca-decreto-leg-23-2011.html","name":"Guida alla Cedolare Secca - La disciplina della cedolare secca \u2013 decreto legislativo 23 del 14-3-2011","isPartOf":{"@id":"https:\/\/www.torrevado.info\/news\/#website"},"primaryImageOfPage":{"@id":"https:\/\/www.torrevado.info\/news\/index.php\/2011\/06\/guida-alla-cedolare-secca-la-disciplina-della-cedolare-secca-decreto-leg-23-2011.html#primaryimage"},"image":{"@id":"https:\/\/www.torrevado.info\/news\/index.php\/2011\/06\/guida-alla-cedolare-secca-la-disciplina-della-cedolare-secca-decreto-leg-23-2011.html#primaryimage"},"thumbnailUrl":"https:\/\/www.torrevado.info\/news\/wp-content\/uploads\/2011\/06\/affitti-dimora.jpg","datePublished":"2011-06-06T19:04:45+00:00","dateModified":"2022-10-27T09:27:29+00:00","author":{"@id":"https:\/\/www.torrevado.info\/news\/#\/schema\/person\/c93221d84694d6dea4b52ec83c18e78d"},"description":"Questo documento si propone, di fare rapidamente chiarezza sulle novit\u00e0 apportate dall\u2019introduzione nel panorama fiscale italiano dalla cosiddetta \u201ccedolare secca sugli immobili\u201d, un imposta sostitutiva \u201cpiatta\u201d applicata sui redditi delle persone fisiche derivanti da contratti di locazione.","breadcrumb":{"@id":"https:\/\/www.torrevado.info\/news\/index.php\/2011\/06\/guida-alla-cedolare-secca-la-disciplina-della-cedolare-secca-decreto-leg-23-2011.html#breadcrumb"},"inLanguage":"it-IT","potentialAction":[{"@type":"ReadAction","target":["https:\/\/www.torrevado.info\/news\/index.php\/2011\/06\/guida-alla-cedolare-secca-la-disciplina-della-cedolare-secca-decreto-leg-23-2011.html"]}]},{"@type":"ImageObject","inLanguage":"it-IT","@id":"https:\/\/www.torrevado.info\/news\/index.php\/2011\/06\/guida-alla-cedolare-secca-la-disciplina-della-cedolare-secca-decreto-leg-23-2011.html#primaryimage","url":"https:\/\/www.torrevado.info\/news\/wp-content\/uploads\/2011\/06\/affitti-dimora.jpg","contentUrl":"https:\/\/www.torrevado.info\/news\/wp-content\/uploads\/2011\/06\/affitti-dimora.jpg"},{"@type":"BreadcrumbList","@id":"https:\/\/www.torrevado.info\/news\/index.php\/2011\/06\/guida-alla-cedolare-secca-la-disciplina-della-cedolare-secca-decreto-leg-23-2011.html#breadcrumb","itemListElement":[{"@type":"ListItem","position":1,"name":"Home","item":"https:\/\/www.torrevado.info\/news"},{"@type":"ListItem","position":2,"name":"Guida alla Cedolare Secca &#8211; La disciplina della cedolare secca \u2013 decreto legislativo 23 del 14-3-2011"}]},{"@type":"WebSite","@id":"https:\/\/www.torrevado.info\/news\/#website","url":"https:\/\/www.torrevado.info\/news\/","name":"Eventi e Notizie del Salento","description":"","potentialAction":[{"@type":"SearchAction","target":{"@type":"EntryPoint","urlTemplate":"https:\/\/www.torrevado.info\/news\/?s={search_term_string}"},"query-input":{"@type":"PropertyValueSpecification","valueRequired":true,"valueName":"search_term_string"}}],"inLanguage":"it-IT"},{"@type":"Person","@id":"https:\/\/www.torrevado.info\/news\/#\/schema\/person\/c93221d84694d6dea4b52ec83c18e78d","name":"Pantaleo"}]}},"_links":{"self":[{"href":"https:\/\/www.torrevado.info\/news\/index.php\/wp-json\/wp\/v2\/posts\/1212","targetHints":{"allow":["GET"]}}],"collection":[{"href":"https:\/\/www.torrevado.info\/news\/index.php\/wp-json\/wp\/v2\/posts"}],"about":[{"href":"https:\/\/www.torrevado.info\/news\/index.php\/wp-json\/wp\/v2\/types\/post"}],"author":[{"embeddable":true,"href":"https:\/\/www.torrevado.info\/news\/index.php\/wp-json\/wp\/v2\/users\/1"}],"replies":[{"embeddable":true,"href":"https:\/\/www.torrevado.info\/news\/index.php\/wp-json\/wp\/v2\/comments?post=1212"}],"version-history":[{"count":0,"href":"https:\/\/www.torrevado.info\/news\/index.php\/wp-json\/wp\/v2\/posts\/1212\/revisions"}],"wp:attachment":[{"href":"https:\/\/www.torrevado.info\/news\/index.php\/wp-json\/wp\/v2\/media?parent=1212"}],"wp:term":[{"taxonomy":"category","embeddable":true,"href":"https:\/\/www.torrevado.info\/news\/index.php\/wp-json\/wp\/v2\/categories?post=1212"},{"taxonomy":"post_tag","embeddable":true,"href":"https:\/\/www.torrevado.info\/news\/index.php\/wp-json\/wp\/v2\/tags?post=1212"}],"curies":[{"name":"wp","href":"https:\/\/api.w.org\/{rel}","templated":true}]}}