{"id":169,"date":"2008-01-06T19:37:04","date_gmt":"2008-01-06T18:37:04","guid":{"rendered":"http:\/\/www.torrevado.info\/news\/index.php\/2008\/01\/la-befana-una-tradizione-che-fa-parte-della-nostra-cultura.html"},"modified":"2022-12-14T08:13:09","modified_gmt":"2022-12-14T07:13:09","slug":"la-befana-una-tradizione-che-fa-parte-della-nostra-cultura","status":"publish","type":"post","link":"https:\/\/www.torrevado.info\/news\/index.php\/2008\/01\/la-befana-una-tradizione-che-fa-parte-della-nostra-cultura.html","title":{"rendered":"La Befana, una tradizione che fa parte della nostra cultura"},"content":{"rendered":"<p>Questa mattina, nel silenzio della mia casa, ho sentito i passi della mia bimba di tre anni che, quatta quatta, dal suo lettino si \u00e8 diretta al camino del soggiorno&#8230;con le manine appoggiate sulle sue ginocchia si \u00e8 chinata ed ha cercato di sbirciare lungo la canna fumaria&#8230; \u00e8 rimasta l\u00ec qualche secondo&#8230; poi si \u00e8 accorta che la calza era stata riempita&#8230;<br \/>\nE&#8217; passata, mamma, pap\u00e0, \u00e8 passata la Befana (quella buona dice lei)!<\/p>\n<p>E&#8217; stato un attimo di magia &#8230; di una bellezza infinita, infinita come il bene che si pu\u00f2 volere ad un figlio ed ai suoi sogni. Ho rivisto i tempi della mia befana, delle dolci illusioni anche quando, ormai scoperto tutto, insieme alle mie cuginette custodivamo gelosamente il segreto per i fratelli pi\u00f9 piccoli.<\/p>\n<p>Oggi le nuove &#8220;feste&#8221; introdotte dalla moda e dal mondo globalizzato, con ogni evento che diventa un pretesto per il consumismo pi\u00f9 sfrenato, la Befana potrebbe essere la risposta alla crescente necessit\u00e0 che abbiamo di rispolverare le nostre pi\u00f9 antiche tradizioni, tornando anche alla semplicit\u00e0 dei doni che i bimbi si aspettano.<\/p>\n<p>La nascita di questa tradizione dell&#8217;immaginario infantile nasce secondo la leggenda, quando i Re Magi alla ricerca del luogo dove si trovava il piccolo Ges\u00f9, chiesero informazioni ad una vecchietta invitandola a seguirli nella loro ricerca; la vecchietta in un primo moneto si rifiut\u00f2. Subito dopo se ne pent\u00ec e, nella notte, usc\u00ec da casa con un grande sacco pieno di dolci e frutta: distribu\u00ec dolci e doni a tutti i bambini che incontr\u00f2 sperando che uno di loro fosse Ges\u00f9. Da allora ogni anno la notte tra il 5 ed il 6 gennaio, la vecchietta per farsi perdonare prende la sua scopa e ricomincia il giro di tutti i camini del mondo e distribuisce doni a tutti i bambini.<br \/>\nCome tutte le tradizioni che abbiamo ereditato, anche questa della Befana \u00e8 il frutto della fusione di antichi riti pagani<br \/>\ncon i nuovi riti della cultura del Cristianesimo; \u00e8 di origine pagana la tradizione di bruciare alla fine dell&#8217;anno un pupazzo vestito di stracci a simbolo del vecchio che lascia il posto al nuovo. Sicuramente l&#8217;identificazione con la vecchietta vestita di stracci, lo scialle, il fazzoletto in testa e le scarpe rotte nasce da quella tradizione.<\/p>\n<p>Il tempo cambia forse i contenuti ma le emozioni per i bambini devono rimanere sempre le stesse e questo dipende soprattutto da noi adulti.<\/p>\n<p><strong>La Befana di Giovanni Pascoli<\/strong><\/p>\n<p>Viene viene la Befana,<br \/>\nvien dai monti a notte fonda.<br \/>\nCome \u00e8 stanca! la circonda<br \/>\nneve, gelo e tramontana.<br \/>\nViene viene la Befana.<br \/>\nHa le mani al petto in croce,<br \/>\ne la neve \u00e8 il suo mantello,<br \/>\ned il gelo il suo pannello,<br \/>\ned \u00e8 il vento la sua voce.<br \/>\nHa le mani al petto in croce.<\/p>\n<p>E si accosta piano piano<br \/>\nalla villa, al casolare,<br \/>\na guardare, ad ascoltare,<br \/>\nor pi\u00f9 presso or pi\u00f9 lontano.<br \/>\nPiano piano, piano piano.<\/p>\n<p>Che c&#8217;\u00e8 dentro questa villa?<br \/>\nUno stropicc\u00eco leggero.<br \/>\nTutto \u00e8 cheto, tutto \u00e8 nero.<br \/>\nUn lumino passa e brilla.<br \/>\nChe c&#8217;\u00e8 dentro questa villa?<\/p>\n<p>Guarda e guarda\u2026 tre lettini<br \/>\ncon tre bimbi a nanna, buoni.<br \/>\nGuarda e guarda\u2026 ai capitoni<br \/>\nc&#8217;\u00e8 tre calze lunghe e fini.<br \/>\nOh! tre calze e tre lettini\u2026<\/p>\n<p>Il lumino brilla e scende,<br \/>\ne ne scricchiolan le scale:<br \/>\nil lumino brilla e sale,<br \/>\ne ne palpitan le tende.<br \/>\nChi mai sale? Chi mai scende?<\/p>\n<p>Coi suoi doni mamma \u00e8 scesa,<br \/>\nsale con il suo sorriso.<br \/>\nIl lumino le arde in viso<br \/>\ncome lampada di chiesa.<br \/>\nCoi suoi doni mamma \u00e8 scesa.<\/p>\n<p>La Befana alla finestra<br \/>\nsente e vede, e si allontana.<br \/>\nPassa con la tramontana,<br \/>\npassa per la via maestra:<br \/>\ntrema ogni uscio, ogni finestra.<\/p>\n<p>E che c&#8217;\u00e8 nel casolare?<br \/>\nUn sospiro lungo e fioco.<br \/>\nQualche lucciola di fuoco<br \/>\nbrilla ancor nel focolare.<br \/>\nMa che c&#8217;\u00e8 nel casolare?<\/p>\n<p>Guarda e guarda\u2026 tre strapunti<br \/>\ncon tre bimbi a nanna, buoni.<br \/>\nTra le cenere e i carboni<br \/>\nc&#8217;\u00e8 tre zoccoli consunti.<br \/>\nOh! tre scarpe e tre strapunti\u2026<\/p>\n<p>E la mamma veglia e fila<br \/>\nsospirando e singhiozzando,<br \/>\ne rimira a quando a quando<br \/>\noh! quei tre zoccoli in fila\u2026<br \/>\nVeglia e piange, piange e fila.<\/p>\n<p>12. La Befana vede e sente;<br \/>\nfugge al monte, ch&#8217;\u00e8 l&#8217;aurora.<br \/>\nQuella mamma piange ancora<br \/>\nsu quei bimbi senza niente.<br \/>\nLa Befana vede e sente.<\/p>\n<p>13.La Befana sta sul monte.<br \/>\nCi\u00f2 che vede \u00e8 ci\u00f2 che vide:<br \/>\nc\u2019\u00e8 chi piange e c\u2019\u00e8 chi ride:<br \/>\nessa ha nuvoli alla fronte,<br \/>\nmentre sta sul bianco monte.<br \/>\nAnna Maria<\/p>\n","protected":false},"excerpt":{"rendered":"<p>Questa mattina, nel silenzio della mia casa, ho sentito i passi della mia bimba di tre anni che, quatta quatta, dal suo lettino si \u00e8 diretta al camino del soggiorno&#8230;con le manine appoggiate sulle sue ginocchia si \u00e8 chinata ed ha cercato di sbirciare lungo la canna fumaria&#8230; \u00e8 rimasta l\u00ec qualche secondo&#8230; poi si \u00e8 accorta che la calza era stata riempita&#8230; E&#8217; passata, mamma, pap\u00e0, \u00e8 passata la Befana (quella buona dice lei)! E&#8217; stato un attimo di [&hellip;]<\/p>\n","protected":false},"author":2,"featured_media":0,"comment_status":"open","ping_status":"closed","sticky":false,"template":"","format":"standard","meta":{"footnotes":""},"categories":[56],"tags":[498],"class_list":["post-169","post","type-post","status-publish","format-standard","hentry","category-morciano-di-leuca","tag-morciano-di-leuca"],"yoast_head":"<!-- This site is optimized with the Yoast SEO plugin v24.7 - https:\/\/yoast.com\/wordpress\/plugins\/seo\/ -->\r\n<title>La Befana, una tradizione che fa parte della nostra cultura - Eventi e Notizie del Salento<\/title>\r\n<meta name=\"robots\" content=\"index, follow, max-snippet:-1, max-image-preview:large, max-video-preview:-1\" \/>\r\n<link rel=\"canonical\" href=\"https:\/\/www.torrevado.info\/news\/index.php\/2008\/01\/la-befana-una-tradizione-che-fa-parte-della-nostra-cultura.html\" \/>\r\n<meta property=\"og:locale\" content=\"it_IT\" \/>\r\n<meta property=\"og:type\" content=\"article\" \/>\r\n<meta property=\"og:title\" content=\"La Befana, una tradizione che fa parte della nostra cultura - Eventi e Notizie del Salento\" \/>\r\n<meta property=\"og:description\" content=\"Questa mattina, nel silenzio della mia casa, ho sentito i passi della mia bimba di tre anni che, quatta quatta, dal suo lettino si \u00e8 diretta al camino del soggiorno&#8230;con le manine appoggiate sulle sue ginocchia si \u00e8 chinata ed ha cercato di sbirciare lungo la canna fumaria&#8230; \u00e8 rimasta l\u00ec qualche secondo&#8230; poi si \u00e8 accorta che la calza era stata riempita&#8230; E&#8217; passata, mamma, pap\u00e0, \u00e8 passata la Befana (quella buona dice lei)! E&#8217; stato un attimo di [&hellip;]\" \/>\r\n<meta property=\"og:url\" content=\"https:\/\/www.torrevado.info\/news\/index.php\/2008\/01\/la-befana-una-tradizione-che-fa-parte-della-nostra-cultura.html\" \/>\r\n<meta property=\"og:site_name\" content=\"Eventi e Notizie del Salento\" \/>\r\n<meta property=\"article:published_time\" content=\"2008-01-06T18:37:04+00:00\" \/>\r\n<meta property=\"article:modified_time\" content=\"2022-12-14T07:13:09+00:00\" \/>\r\n<meta name=\"author\" content=\"Anna Maria Ciardo\" \/>\r\n<meta name=\"twitter:card\" content=\"summary_large_image\" \/>\r\n<meta name=\"twitter:label1\" content=\"Scritto da\" \/>\n\t<meta name=\"twitter:data1\" content=\"Anna Maria Ciardo\" \/>\n\t<meta name=\"twitter:label2\" content=\"Tempo di lettura stimato\" \/>\n\t<meta name=\"twitter:data2\" content=\"4 minuti\" \/>\r\n<script type=\"application\/ld+json\" class=\"yoast-schema-graph\">{\"@context\":\"https:\/\/schema.org\",\"@graph\":[{\"@type\":\"WebPage\",\"@id\":\"https:\/\/www.torrevado.info\/news\/index.php\/2008\/01\/la-befana-una-tradizione-che-fa-parte-della-nostra-cultura.html\",\"url\":\"https:\/\/www.torrevado.info\/news\/index.php\/2008\/01\/la-befana-una-tradizione-che-fa-parte-della-nostra-cultura.html\",\"name\":\"La Befana, una tradizione che fa parte della nostra cultura - Eventi e Notizie del Salento\",\"isPartOf\":{\"@id\":\"https:\/\/www.torrevado.info\/news\/#website\"},\"datePublished\":\"2008-01-06T18:37:04+00:00\",\"dateModified\":\"2022-12-14T07:13:09+00:00\",\"author\":{\"@id\":\"https:\/\/www.torrevado.info\/news\/#\/schema\/person\/a9363953b66f43d14aee071a8faa0a3d\"},\"breadcrumb\":{\"@id\":\"https:\/\/www.torrevado.info\/news\/index.php\/2008\/01\/la-befana-una-tradizione-che-fa-parte-della-nostra-cultura.html#breadcrumb\"},\"inLanguage\":\"it-IT\",\"potentialAction\":[{\"@type\":\"ReadAction\",\"target\":[\"https:\/\/www.torrevado.info\/news\/index.php\/2008\/01\/la-befana-una-tradizione-che-fa-parte-della-nostra-cultura.html\"]}]},{\"@type\":\"BreadcrumbList\",\"@id\":\"https:\/\/www.torrevado.info\/news\/index.php\/2008\/01\/la-befana-una-tradizione-che-fa-parte-della-nostra-cultura.html#breadcrumb\",\"itemListElement\":[{\"@type\":\"ListItem\",\"position\":1,\"name\":\"Home\",\"item\":\"https:\/\/www.torrevado.info\/news\"},{\"@type\":\"ListItem\",\"position\":2,\"name\":\"La Befana, una tradizione che fa parte della nostra cultura\"}]},{\"@type\":\"WebSite\",\"@id\":\"https:\/\/www.torrevado.info\/news\/#website\",\"url\":\"https:\/\/www.torrevado.info\/news\/\",\"name\":\"Eventi e Notizie del Salento\",\"description\":\"\",\"potentialAction\":[{\"@type\":\"SearchAction\",\"target\":{\"@type\":\"EntryPoint\",\"urlTemplate\":\"https:\/\/www.torrevado.info\/news\/?s={search_term_string}\"},\"query-input\":{\"@type\":\"PropertyValueSpecification\",\"valueRequired\":true,\"valueName\":\"search_term_string\"}}],\"inLanguage\":\"it-IT\"},{\"@type\":\"Person\",\"@id\":\"https:\/\/www.torrevado.info\/news\/#\/schema\/person\/a9363953b66f43d14aee071a8faa0a3d\",\"name\":\"Anna Maria Ciardo\",\"sameAs\":[\"http:\/\/\"]}]}<\/script>\r\n<!-- \/ Yoast SEO plugin. -->","yoast_head_json":{"title":"La Befana, una tradizione che fa parte della nostra cultura - Eventi e Notizie del Salento","robots":{"index":"index","follow":"follow","max-snippet":"max-snippet:-1","max-image-preview":"max-image-preview:large","max-video-preview":"max-video-preview:-1"},"canonical":"https:\/\/www.torrevado.info\/news\/index.php\/2008\/01\/la-befana-una-tradizione-che-fa-parte-della-nostra-cultura.html","og_locale":"it_IT","og_type":"article","og_title":"La Befana, una tradizione che fa parte della nostra cultura - Eventi e Notizie del Salento","og_description":"Questa mattina, nel silenzio della mia casa, ho sentito i passi della mia bimba di tre anni che, quatta quatta, dal suo lettino si \u00e8 diretta al camino del soggiorno&#8230;con le manine appoggiate sulle sue ginocchia si \u00e8 chinata ed ha cercato di sbirciare lungo la canna fumaria&#8230; \u00e8 rimasta l\u00ec qualche secondo&#8230; poi si \u00e8 accorta che la calza era stata riempita&#8230; E&#8217; passata, mamma, pap\u00e0, \u00e8 passata la Befana (quella buona dice lei)! E&#8217; stato un attimo di [&hellip;]","og_url":"https:\/\/www.torrevado.info\/news\/index.php\/2008\/01\/la-befana-una-tradizione-che-fa-parte-della-nostra-cultura.html","og_site_name":"Eventi e Notizie del Salento","article_published_time":"2008-01-06T18:37:04+00:00","article_modified_time":"2022-12-14T07:13:09+00:00","author":"Anna Maria Ciardo","twitter_card":"summary_large_image","twitter_misc":{"Scritto da":"Anna Maria Ciardo","Tempo di lettura stimato":"4 minuti"},"schema":{"@context":"https:\/\/schema.org","@graph":[{"@type":"WebPage","@id":"https:\/\/www.torrevado.info\/news\/index.php\/2008\/01\/la-befana-una-tradizione-che-fa-parte-della-nostra-cultura.html","url":"https:\/\/www.torrevado.info\/news\/index.php\/2008\/01\/la-befana-una-tradizione-che-fa-parte-della-nostra-cultura.html","name":"La Befana, una tradizione che fa parte della nostra cultura - Eventi e Notizie del Salento","isPartOf":{"@id":"https:\/\/www.torrevado.info\/news\/#website"},"datePublished":"2008-01-06T18:37:04+00:00","dateModified":"2022-12-14T07:13:09+00:00","author":{"@id":"https:\/\/www.torrevado.info\/news\/#\/schema\/person\/a9363953b66f43d14aee071a8faa0a3d"},"breadcrumb":{"@id":"https:\/\/www.torrevado.info\/news\/index.php\/2008\/01\/la-befana-una-tradizione-che-fa-parte-della-nostra-cultura.html#breadcrumb"},"inLanguage":"it-IT","potentialAction":[{"@type":"ReadAction","target":["https:\/\/www.torrevado.info\/news\/index.php\/2008\/01\/la-befana-una-tradizione-che-fa-parte-della-nostra-cultura.html"]}]},{"@type":"BreadcrumbList","@id":"https:\/\/www.torrevado.info\/news\/index.php\/2008\/01\/la-befana-una-tradizione-che-fa-parte-della-nostra-cultura.html#breadcrumb","itemListElement":[{"@type":"ListItem","position":1,"name":"Home","item":"https:\/\/www.torrevado.info\/news"},{"@type":"ListItem","position":2,"name":"La Befana, una tradizione che fa parte della nostra cultura"}]},{"@type":"WebSite","@id":"https:\/\/www.torrevado.info\/news\/#website","url":"https:\/\/www.torrevado.info\/news\/","name":"Eventi e Notizie del Salento","description":"","potentialAction":[{"@type":"SearchAction","target":{"@type":"EntryPoint","urlTemplate":"https:\/\/www.torrevado.info\/news\/?s={search_term_string}"},"query-input":{"@type":"PropertyValueSpecification","valueRequired":true,"valueName":"search_term_string"}}],"inLanguage":"it-IT"},{"@type":"Person","@id":"https:\/\/www.torrevado.info\/news\/#\/schema\/person\/a9363953b66f43d14aee071a8faa0a3d","name":"Anna Maria Ciardo","sameAs":["http:\/\/"]}]}},"_links":{"self":[{"href":"https:\/\/www.torrevado.info\/news\/index.php\/wp-json\/wp\/v2\/posts\/169","targetHints":{"allow":["GET"]}}],"collection":[{"href":"https:\/\/www.torrevado.info\/news\/index.php\/wp-json\/wp\/v2\/posts"}],"about":[{"href":"https:\/\/www.torrevado.info\/news\/index.php\/wp-json\/wp\/v2\/types\/post"}],"author":[{"embeddable":true,"href":"https:\/\/www.torrevado.info\/news\/index.php\/wp-json\/wp\/v2\/users\/2"}],"replies":[{"embeddable":true,"href":"https:\/\/www.torrevado.info\/news\/index.php\/wp-json\/wp\/v2\/comments?post=169"}],"version-history":[{"count":1,"href":"https:\/\/www.torrevado.info\/news\/index.php\/wp-json\/wp\/v2\/posts\/169\/revisions"}],"predecessor-version":[{"id":2996,"href":"https:\/\/www.torrevado.info\/news\/index.php\/wp-json\/wp\/v2\/posts\/169\/revisions\/2996"}],"wp:attachment":[{"href":"https:\/\/www.torrevado.info\/news\/index.php\/wp-json\/wp\/v2\/media?parent=169"}],"wp:term":[{"taxonomy":"category","embeddable":true,"href":"https:\/\/www.torrevado.info\/news\/index.php\/wp-json\/wp\/v2\/categories?post=169"},{"taxonomy":"post_tag","embeddable":true,"href":"https:\/\/www.torrevado.info\/news\/index.php\/wp-json\/wp\/v2\/tags?post=169"}],"curies":[{"name":"wp","href":"https:\/\/api.w.org\/{rel}","templated":true}]}}