{"id":187,"date":"2008-01-13T10:52:37","date_gmt":"2008-01-13T09:52:37","guid":{"rendered":"http:\/\/www.torrevado.info\/news\/index.php\/2008\/01\/ex-convento-dei-carmelitani-morciano-di-leuca-visita-virtuale.html"},"modified":"2013-03-19T21:15:04","modified_gmt":"2013-03-19T20:15:04","slug":"ex-convento-dei-carmelitani-morciano-di-leuca-visita-virtuale","status":"publish","type":"post","link":"https:\/\/www.torrevado.info\/news\/index.php\/2008\/01\/ex-convento-dei-carmelitani-morciano-di-leuca-visita-virtuale.html","title":{"rendered":"Ex Convento dei Carmelitani Morciano di Leuca, Visita virtuale"},"content":{"rendered":"<p>Ci sono luoghi che pi\u00f9 di ogni altro sono legati ai ricordi della nostra giovinezza per la loro particolare bellezza o semplicemente per la loro ubicazione. E&#8217; il caso del &#8220;PALAZZU STRAFELLA&#8221; che i nostri genitori ancora ricordano tinteggiato di rosso, facente parte di un tutt&#8217;uno con la Chiesa dei Carmelitani ed il Castello, e dove erano soliti trovarsi a giocare da ragazzini. Fu il Barone Rodolfo Sembiasi che nel lontano 1507 demolendo parte del Castello Feudale con il relativo torrione, diede via alla costruzione del grande complesso del Convento dei Carmelitani. La presenza dell&#8217;Ordine dei Carmelitani a Morciano fu motivo di grande prestigio per il nostro paese: per tutto il cinquecento ed il Seicento Morciano divenne una scuola di cultura e, come scrisse il Maggiulli, qui &#8220;vi fiorirono illustri teologi e filosofi sacri&#8221;.<\/p>\n<p>Negli anni sessanta una parte del <strong>Convento dei Carmelitani<\/strong> veniva irrimediabilmente demolito e sostituito da moderne abitazioni.<\/p>\n<p><a href=\"https:\/\/www.torrevado.info\/immersive\/\" target=\"_blank\"><img decoding=\"async\" src=\"https:\/\/www.torrevado.info\/immersive\/ex-convento-carmelitani-07\/carmelitani-convento.jpg\" alt=\"Visita Virtuale Ex Convento dei Carmelitani Morciano di Leuca\" align=\"left\" \/><\/a><\/p>\n<p>Originariamente era costituito da un piano terra ed un primo piano che si affacciavano da un lato sulla piazza antistante e cio\u00e8 Piazza San<\/p>\n<p>Giovanni e dall&#8217;altro sul chiostro centrale dove aprivano tutti i vani del Convento. Del complesso stesso facevano parte anche gli ambienti al piano terra che erano adibiti ai vari<\/p>\n<p>servizi ed alle varie attivit\u00e0 del Convento oltre a comunicare con la sacrestia della Chiesa dei Carmelitani. La presenza in questi locali di affreschi in parte coperti da calcinacci, testimonia l&#8217;antichit\u00e0 di questa struttura. La parte superiore di questi edifici, ex Palazzo Strafella, oggi di propriet\u00e0 comunale, sono della fine dell&#8217;Ottocento cos\u00ec come la facciata su Via Roma.<br \/>\nOggi, che abbiamo imparato forse ad apprezzare la grandezza del patrimonio artistico costituito da questi palazzi, una grande opera di ristrutturazione ed ampliamento si appresta a portare a nuovo splendore quello che resta del complesso del Convento dei Carmelitani.<\/p>\n<p>Nella Sezione <strong>Visita 360\u00b0 <\/strong>ho inserito una visita <a href=\"https:\/\/www.torrevado.info\/immersive\/\" target=\"_blank\">virtuale del cortile dell&#8217; Ex Convento dei Carmelitani<\/a> come ricordo prima dei lavori di restauto.<\/p>\n<p>Alla Prossima<\/p>\n<p>Pantaleo<\/p>\n","protected":false},"excerpt":{"rendered":"<p>Ci sono luoghi che pi\u00f9 di ogni altro sono legati ai ricordi della nostra giovinezza per la loro particolare bellezza o semplicemente per la loro ubicazione. E&#8217; il caso del &#8220;PALAZZU STRAFELLA&#8221; che i nostri genitori ancora ricordano tinteggiato di rosso, facente parte di un tutt&#8217;uno con la Chiesa dei Carmelitani ed il Castello, e dove erano soliti trovarsi a giocare da ragazzini. Fu il Barone Rodolfo Sembiasi che nel lontano 1507 demolendo parte del Castello Feudale con il relativo [&hellip;]<\/p>\n","protected":false},"author":1,"featured_media":0,"comment_status":"open","ping_status":"closed","sticky":false,"template":"","format":"standard","meta":{"footnotes":""},"categories":[56],"tags":[37,498],"class_list":["post-187","post","type-post","status-publish","format-standard","hentry","category-morciano-di-leuca","tag-morciano","tag-morciano-di-leuca"],"yoast_head":"<!-- This site is optimized with the Yoast SEO plugin v24.7 - https:\/\/yoast.com\/wordpress\/plugins\/seo\/ -->\r\n<title>Ex Convento dei Carmelitani Morciano di Leuca, Visita virtuale - Eventi e Notizie del Salento<\/title>\r\n<meta name=\"robots\" content=\"index, follow, max-snippet:-1, max-image-preview:large, max-video-preview:-1\" \/>\r\n<link rel=\"canonical\" href=\"https:\/\/www.torrevado.info\/news\/index.php\/2008\/01\/ex-convento-dei-carmelitani-morciano-di-leuca-visita-virtuale.html\" \/>\r\n<meta property=\"og:locale\" content=\"it_IT\" \/>\r\n<meta property=\"og:type\" content=\"article\" \/>\r\n<meta property=\"og:title\" content=\"Ex Convento dei Carmelitani Morciano di Leuca, Visita virtuale - Eventi e Notizie del Salento\" \/>\r\n<meta property=\"og:description\" content=\"Ci sono luoghi che pi\u00f9 di ogni altro sono legati ai ricordi della nostra giovinezza per la loro particolare bellezza o semplicemente per la loro ubicazione. E&#8217; il caso del &#8220;PALAZZU STRAFELLA&#8221; che i nostri genitori ancora ricordano tinteggiato di rosso, facente parte di un tutt&#8217;uno con la Chiesa dei Carmelitani ed il Castello, e dove erano soliti trovarsi a giocare da ragazzini. Fu il Barone Rodolfo Sembiasi che nel lontano 1507 demolendo parte del Castello Feudale con il relativo [&hellip;]\" \/>\r\n<meta property=\"og:url\" content=\"https:\/\/www.torrevado.info\/news\/index.php\/2008\/01\/ex-convento-dei-carmelitani-morciano-di-leuca-visita-virtuale.html\" \/>\r\n<meta property=\"og:site_name\" content=\"Eventi e Notizie del Salento\" \/>\r\n<meta property=\"article:published_time\" content=\"2008-01-13T09:52:37+00:00\" \/>\r\n<meta property=\"article:modified_time\" content=\"2013-03-19T20:15:04+00:00\" \/>\r\n<meta property=\"og:image\" content=\"https:\/\/www.torrevado.info\/immersive\/ex-convento-carmelitani-07\/carmelitani-convento.jpg\" \/>\r\n<meta name=\"author\" content=\"Pantaleo\" \/>\r\n<meta name=\"twitter:card\" content=\"summary_large_image\" \/>\r\n<meta name=\"twitter:label1\" content=\"Scritto da\" \/>\n\t<meta name=\"twitter:data1\" content=\"Pantaleo\" \/>\n\t<meta name=\"twitter:label2\" content=\"Tempo di lettura stimato\" \/>\n\t<meta name=\"twitter:data2\" content=\"2 minuti\" \/>\r\n<script type=\"application\/ld+json\" class=\"yoast-schema-graph\">{\"@context\":\"https:\/\/schema.org\",\"@graph\":[{\"@type\":\"WebPage\",\"@id\":\"https:\/\/www.torrevado.info\/news\/index.php\/2008\/01\/ex-convento-dei-carmelitani-morciano-di-leuca-visita-virtuale.html\",\"url\":\"https:\/\/www.torrevado.info\/news\/index.php\/2008\/01\/ex-convento-dei-carmelitani-morciano-di-leuca-visita-virtuale.html\",\"name\":\"Ex Convento dei Carmelitani Morciano di Leuca, Visita virtuale - Eventi e Notizie del Salento\",\"isPartOf\":{\"@id\":\"https:\/\/www.torrevado.info\/news\/#website\"},\"primaryImageOfPage\":{\"@id\":\"https:\/\/www.torrevado.info\/news\/index.php\/2008\/01\/ex-convento-dei-carmelitani-morciano-di-leuca-visita-virtuale.html#primaryimage\"},\"image\":{\"@id\":\"https:\/\/www.torrevado.info\/news\/index.php\/2008\/01\/ex-convento-dei-carmelitani-morciano-di-leuca-visita-virtuale.html#primaryimage\"},\"thumbnailUrl\":\"https:\/\/www.torrevado.info\/immersive\/ex-convento-carmelitani-07\/carmelitani-convento.jpg\",\"datePublished\":\"2008-01-13T09:52:37+00:00\",\"dateModified\":\"2013-03-19T20:15:04+00:00\",\"author\":{\"@id\":\"https:\/\/www.torrevado.info\/news\/#\/schema\/person\/c93221d84694d6dea4b52ec83c18e78d\"},\"breadcrumb\":{\"@id\":\"https:\/\/www.torrevado.info\/news\/index.php\/2008\/01\/ex-convento-dei-carmelitani-morciano-di-leuca-visita-virtuale.html#breadcrumb\"},\"inLanguage\":\"it-IT\",\"potentialAction\":[{\"@type\":\"ReadAction\",\"target\":[\"https:\/\/www.torrevado.info\/news\/index.php\/2008\/01\/ex-convento-dei-carmelitani-morciano-di-leuca-visita-virtuale.html\"]}]},{\"@type\":\"ImageObject\",\"inLanguage\":\"it-IT\",\"@id\":\"https:\/\/www.torrevado.info\/news\/index.php\/2008\/01\/ex-convento-dei-carmelitani-morciano-di-leuca-visita-virtuale.html#primaryimage\",\"url\":\"https:\/\/www.torrevado.info\/immersive\/ex-convento-carmelitani-07\/carmelitani-convento.jpg\",\"contentUrl\":\"https:\/\/www.torrevado.info\/immersive\/ex-convento-carmelitani-07\/carmelitani-convento.jpg\"},{\"@type\":\"BreadcrumbList\",\"@id\":\"https:\/\/www.torrevado.info\/news\/index.php\/2008\/01\/ex-convento-dei-carmelitani-morciano-di-leuca-visita-virtuale.html#breadcrumb\",\"itemListElement\":[{\"@type\":\"ListItem\",\"position\":1,\"name\":\"Home\",\"item\":\"https:\/\/www.torrevado.info\/news\"},{\"@type\":\"ListItem\",\"position\":2,\"name\":\"Ex Convento dei Carmelitani Morciano di Leuca, Visita virtuale\"}]},{\"@type\":\"WebSite\",\"@id\":\"https:\/\/www.torrevado.info\/news\/#website\",\"url\":\"https:\/\/www.torrevado.info\/news\/\",\"name\":\"Eventi e Notizie del Salento\",\"description\":\"\",\"potentialAction\":[{\"@type\":\"SearchAction\",\"target\":{\"@type\":\"EntryPoint\",\"urlTemplate\":\"https:\/\/www.torrevado.info\/news\/?s={search_term_string}\"},\"query-input\":{\"@type\":\"PropertyValueSpecification\",\"valueRequired\":true,\"valueName\":\"search_term_string\"}}],\"inLanguage\":\"it-IT\"},{\"@type\":\"Person\",\"@id\":\"https:\/\/www.torrevado.info\/news\/#\/schema\/person\/c93221d84694d6dea4b52ec83c18e78d\",\"name\":\"Pantaleo\"}]}<\/script>\r\n<!-- \/ Yoast SEO plugin. -->","yoast_head_json":{"title":"Ex Convento dei Carmelitani Morciano di Leuca, Visita virtuale - Eventi e Notizie del Salento","robots":{"index":"index","follow":"follow","max-snippet":"max-snippet:-1","max-image-preview":"max-image-preview:large","max-video-preview":"max-video-preview:-1"},"canonical":"https:\/\/www.torrevado.info\/news\/index.php\/2008\/01\/ex-convento-dei-carmelitani-morciano-di-leuca-visita-virtuale.html","og_locale":"it_IT","og_type":"article","og_title":"Ex Convento dei Carmelitani Morciano di Leuca, Visita virtuale - Eventi e Notizie del Salento","og_description":"Ci sono luoghi che pi\u00f9 di ogni altro sono legati ai ricordi della nostra giovinezza per la loro particolare bellezza o semplicemente per la loro ubicazione. E&#8217; il caso del &#8220;PALAZZU STRAFELLA&#8221; che i nostri genitori ancora ricordano tinteggiato di rosso, facente parte di un tutt&#8217;uno con la Chiesa dei Carmelitani ed il Castello, e dove erano soliti trovarsi a giocare da ragazzini. Fu il Barone Rodolfo Sembiasi che nel lontano 1507 demolendo parte del Castello Feudale con il relativo [&hellip;]","og_url":"https:\/\/www.torrevado.info\/news\/index.php\/2008\/01\/ex-convento-dei-carmelitani-morciano-di-leuca-visita-virtuale.html","og_site_name":"Eventi e Notizie del Salento","article_published_time":"2008-01-13T09:52:37+00:00","article_modified_time":"2013-03-19T20:15:04+00:00","og_image":[{"url":"https:\/\/www.torrevado.info\/immersive\/ex-convento-carmelitani-07\/carmelitani-convento.jpg","type":"","width":"","height":""}],"author":"Pantaleo","twitter_card":"summary_large_image","twitter_misc":{"Scritto da":"Pantaleo","Tempo di lettura stimato":"2 minuti"},"schema":{"@context":"https:\/\/schema.org","@graph":[{"@type":"WebPage","@id":"https:\/\/www.torrevado.info\/news\/index.php\/2008\/01\/ex-convento-dei-carmelitani-morciano-di-leuca-visita-virtuale.html","url":"https:\/\/www.torrevado.info\/news\/index.php\/2008\/01\/ex-convento-dei-carmelitani-morciano-di-leuca-visita-virtuale.html","name":"Ex Convento dei Carmelitani Morciano di Leuca, Visita virtuale - Eventi e Notizie del Salento","isPartOf":{"@id":"https:\/\/www.torrevado.info\/news\/#website"},"primaryImageOfPage":{"@id":"https:\/\/www.torrevado.info\/news\/index.php\/2008\/01\/ex-convento-dei-carmelitani-morciano-di-leuca-visita-virtuale.html#primaryimage"},"image":{"@id":"https:\/\/www.torrevado.info\/news\/index.php\/2008\/01\/ex-convento-dei-carmelitani-morciano-di-leuca-visita-virtuale.html#primaryimage"},"thumbnailUrl":"https:\/\/www.torrevado.info\/immersive\/ex-convento-carmelitani-07\/carmelitani-convento.jpg","datePublished":"2008-01-13T09:52:37+00:00","dateModified":"2013-03-19T20:15:04+00:00","author":{"@id":"https:\/\/www.torrevado.info\/news\/#\/schema\/person\/c93221d84694d6dea4b52ec83c18e78d"},"breadcrumb":{"@id":"https:\/\/www.torrevado.info\/news\/index.php\/2008\/01\/ex-convento-dei-carmelitani-morciano-di-leuca-visita-virtuale.html#breadcrumb"},"inLanguage":"it-IT","potentialAction":[{"@type":"ReadAction","target":["https:\/\/www.torrevado.info\/news\/index.php\/2008\/01\/ex-convento-dei-carmelitani-morciano-di-leuca-visita-virtuale.html"]}]},{"@type":"ImageObject","inLanguage":"it-IT","@id":"https:\/\/www.torrevado.info\/news\/index.php\/2008\/01\/ex-convento-dei-carmelitani-morciano-di-leuca-visita-virtuale.html#primaryimage","url":"https:\/\/www.torrevado.info\/immersive\/ex-convento-carmelitani-07\/carmelitani-convento.jpg","contentUrl":"https:\/\/www.torrevado.info\/immersive\/ex-convento-carmelitani-07\/carmelitani-convento.jpg"},{"@type":"BreadcrumbList","@id":"https:\/\/www.torrevado.info\/news\/index.php\/2008\/01\/ex-convento-dei-carmelitani-morciano-di-leuca-visita-virtuale.html#breadcrumb","itemListElement":[{"@type":"ListItem","position":1,"name":"Home","item":"https:\/\/www.torrevado.info\/news"},{"@type":"ListItem","position":2,"name":"Ex Convento dei Carmelitani Morciano di Leuca, Visita virtuale"}]},{"@type":"WebSite","@id":"https:\/\/www.torrevado.info\/news\/#website","url":"https:\/\/www.torrevado.info\/news\/","name":"Eventi e Notizie del Salento","description":"","potentialAction":[{"@type":"SearchAction","target":{"@type":"EntryPoint","urlTemplate":"https:\/\/www.torrevado.info\/news\/?s={search_term_string}"},"query-input":{"@type":"PropertyValueSpecification","valueRequired":true,"valueName":"search_term_string"}}],"inLanguage":"it-IT"},{"@type":"Person","@id":"https:\/\/www.torrevado.info\/news\/#\/schema\/person\/c93221d84694d6dea4b52ec83c18e78d","name":"Pantaleo"}]}},"_links":{"self":[{"href":"https:\/\/www.torrevado.info\/news\/index.php\/wp-json\/wp\/v2\/posts\/187","targetHints":{"allow":["GET"]}}],"collection":[{"href":"https:\/\/www.torrevado.info\/news\/index.php\/wp-json\/wp\/v2\/posts"}],"about":[{"href":"https:\/\/www.torrevado.info\/news\/index.php\/wp-json\/wp\/v2\/types\/post"}],"author":[{"embeddable":true,"href":"https:\/\/www.torrevado.info\/news\/index.php\/wp-json\/wp\/v2\/users\/1"}],"replies":[{"embeddable":true,"href":"https:\/\/www.torrevado.info\/news\/index.php\/wp-json\/wp\/v2\/comments?post=187"}],"version-history":[{"count":0,"href":"https:\/\/www.torrevado.info\/news\/index.php\/wp-json\/wp\/v2\/posts\/187\/revisions"}],"wp:attachment":[{"href":"https:\/\/www.torrevado.info\/news\/index.php\/wp-json\/wp\/v2\/media?parent=187"}],"wp:term":[{"taxonomy":"category","embeddable":true,"href":"https:\/\/www.torrevado.info\/news\/index.php\/wp-json\/wp\/v2\/categories?post=187"},{"taxonomy":"post_tag","embeddable":true,"href":"https:\/\/www.torrevado.info\/news\/index.php\/wp-json\/wp\/v2\/tags?post=187"}],"curies":[{"name":"wp","href":"https:\/\/api.w.org\/{rel}","templated":true}]}}