{"id":1871,"date":"2014-03-22T11:21:26","date_gmt":"2014-03-22T10:21:26","guid":{"rendered":"http:\/\/www.torrevado.info\/news\/?p=1871"},"modified":"2014-03-23T19:11:06","modified_gmt":"2014-03-23T18:11:06","slug":"oratorio-a-morciano-di-leuca","status":"publish","type":"post","link":"https:\/\/www.torrevado.info\/news\/index.php\/2014\/03\/oratorio-a-morciano-di-leuca.html","title":{"rendered":"Oratorio a Morciano di Leuca"},"content":{"rendered":"<p>Guardando il campo destinato alla realizzazione di quest&#8217;opera, da subito e in modo naturale, mi sono venute in mente queste parole di una famosa canzone di Gianni Morandi.<\/p>\n<p><strong><em>&#8220;C&#8217;\u00e8 un grande prato verde<\/em><\/strong><br \/>\n<strong><em>dovenascono speranze<\/em><\/strong><br \/>\n<strong><em>che si chiamano ragazzi<\/em><\/strong><br \/>\n<strong><em>Quello \u00e8 il grande prato&#8221;&#8230;<\/em><\/strong><br \/>\n<strong><em>dell&#8217;ORATORIO<\/em><\/strong><\/p>\n<div id=\"attachment_1872\" style=\"width: 610px\" class=\"wp-caption aligncenter\"><a href=\"https:\/\/www.torrevado.info\/news\/wp-content\/uploads\/2014\/03\/oratorio-morciano-di-leuca.jpg\" data-rel=\"lightbox-gallery-rfUusLW5\" data-rl_title=\"Volantino oratorio Morciano di Leuca\" data-rl_caption=\"\" title=\"Volantino oratorio Morciano di Leuca\"><img loading=\"lazy\" decoding=\"async\" aria-describedby=\"caption-attachment-1872\" class=\"size-full wp-image-1872\" alt=\"Volantino oratorio Morciano di Leuca\" src=\"https:\/\/www.torrevado.info\/news\/wp-content\/uploads\/2014\/03\/oratorio-morciano-di-leuca.jpg\" width=\"600\" height=\"849\" srcset=\"https:\/\/www.torrevado.info\/news\/wp-content\/uploads\/2014\/03\/oratorio-morciano-di-leuca.jpg 600w, https:\/\/www.torrevado.info\/news\/wp-content\/uploads\/2014\/03\/oratorio-morciano-di-leuca-212x300.jpg 212w\" sizes=\"auto, (max-width: 600px) 100vw, 600px\" \/><\/a><p id=\"caption-attachment-1872\" class=\"wp-caption-text\">Volantino oratorio Morciano di Leuca<\/p><\/div>\n<p>In Diocesi la nostra comunit\u00e0 parrocchiale \u00e8 l&#8217;ultima, forse, a realizzare questo sogno, pensato gi\u00e0 da qualche anno, ma giunto finalmente a trasformarsi in <strong>realt\u00e0 concreta<\/strong>.<\/p>\n<p>La limitatezza degli spazi parrochiali (aule, luoghi per incontri, spazi per gioco e manifestazioni varie&#8230;) ha mortificato e condizionato (e secondo il caso impedito) per molti anni le attivit\u00e0 e ogni iniziativa parrochiale. Questo ha penalizzato sopratutto (ma non solo) i <strong>ragazzi e i giovani!<\/strong><\/p>\n<p><strong>La CEI<\/strong>, Conferenza Episcopale Italiana, ha approvato e finanziato il progetto, che quanto prima, vedremo realizzarsi sotto i nostri occhi, con <strong>l&#8217;impegno, l&#8217;interessamento, il contributo e la collaborazione di ogni Morcianese, perch\u00e8 l&#8217;oratorio sar\u00e0 la casa della Comunit\u00e0 parrochiale e perci\u00f2 la casa accolgiente di tutti.<\/strong><\/p>\n<p>P. Antonio Caccetta<\/p>\n<p><strong>Totale Costo dei Lavori <\/strong><\/p>\n<p><strong>\u20ac 759.725,62 di cui <\/strong><\/p>\n<p><strong>\u20ac 570.000 contributo della CEI<\/strong><br \/>\n<strong>\u20ac 189.725,62 fondi della Parrocchia<\/strong><\/p>\n<p>Per contributi: c\/c n\u00b0 4251056 intestato a: Parrocchia &#8221; San Giovanni Elemosiniere&#8221; Causale: PRO ORATORIO<\/p>\n<div id=\"attachment_1873\" style=\"width: 610px\" class=\"wp-caption aligncenter\"><a href=\"https:\/\/www.torrevado.info\/news\/wp-content\/uploads\/2014\/03\/oratorio-morciano-di-leuca2.jpg\" data-rel=\"lightbox-gallery-rfUusLW5\" data-rl_title=\"Costi Oratorio Morciano di Leuca\" data-rl_caption=\"\" title=\"Costi Oratorio Morciano di Leuca\"><img loading=\"lazy\" decoding=\"async\" aria-describedby=\"caption-attachment-1873\" class=\"size-full wp-image-1873\" alt=\"Costi Oratorio Morciano di Leuca\" src=\"https:\/\/www.torrevado.info\/news\/wp-content\/uploads\/2014\/03\/oratorio-morciano-di-leuca2.jpg\" width=\"600\" height=\"818\" srcset=\"https:\/\/www.torrevado.info\/news\/wp-content\/uploads\/2014\/03\/oratorio-morciano-di-leuca2.jpg 600w, https:\/\/www.torrevado.info\/news\/wp-content\/uploads\/2014\/03\/oratorio-morciano-di-leuca2-220x300.jpg 220w\" sizes=\"auto, (max-width: 600px) 100vw, 600px\" \/><\/a><p id=\"caption-attachment-1873\" class=\"wp-caption-text\">Costi Oratorio Morciano di Leuca<\/p><\/div>\n","protected":false},"excerpt":{"rendered":"<p>Guardando il campo destinato alla realizzazione di quest&#8217;opera, da subito e in modo naturale, mi sono venute in mente queste parole di una famosa canzone di Gianni Morandi. &#8220;C&#8217;\u00e8 un grande prato verde dovenascono speranze che si chiamano ragazzi Quello \u00e8 il grande prato&#8221;&#8230; dell&#8217;ORATORIO In Diocesi la nostra comunit\u00e0 parrocchiale \u00e8 l&#8217;ultima, forse, a realizzare questo sogno, pensato gi\u00e0 da qualche anno, ma giunto finalmente a trasformarsi in realt\u00e0 concreta. La limitatezza degli spazi parrochiali (aule, luoghi per incontri, [&hellip;]<\/p>\n","protected":false},"author":1,"featured_media":0,"comment_status":"open","ping_status":"closed","sticky":false,"template":"","format":"standard","meta":{"footnotes":""},"categories":[56],"tags":[],"class_list":["post-1871","post","type-post","status-publish","format-standard","hentry","category-morciano-di-leuca"],"yoast_head":"<!-- This site is optimized with the Yoast SEO plugin v24.7 - https:\/\/yoast.com\/wordpress\/plugins\/seo\/ -->\r\n<title>Oratorio a Morciano di Leuca<\/title>\r\n<meta name=\"description\" content=\"In Diocesi la nostra comunit\u00e0 parrocchiale \u00e8 l&#039;ultima, forse, a realizzare questo sogno, pensato gi\u00e0 da qualche anno, ma giunto finalmente a trasformarsi in realt\u00e0 concreta.\" \/>\r\n<meta name=\"robots\" content=\"index, follow, max-snippet:-1, max-image-preview:large, max-video-preview:-1\" \/>\r\n<link rel=\"canonical\" href=\"https:\/\/www.torrevado.info\/news\/index.php\/2014\/03\/oratorio-a-morciano-di-leuca.html\" \/>\r\n<meta property=\"og:locale\" content=\"it_IT\" \/>\r\n<meta property=\"og:type\" content=\"article\" \/>\r\n<meta property=\"og:title\" content=\"Oratorio a Morciano di Leuca\" \/>\r\n<meta property=\"og:description\" content=\"In Diocesi la nostra comunit\u00e0 parrocchiale \u00e8 l&#039;ultima, forse, a realizzare questo sogno, pensato gi\u00e0 da qualche anno, ma giunto finalmente a trasformarsi in realt\u00e0 concreta.\" \/>\r\n<meta property=\"og:url\" content=\"https:\/\/www.torrevado.info\/news\/index.php\/2014\/03\/oratorio-a-morciano-di-leuca.html\" \/>\r\n<meta property=\"og:site_name\" content=\"Eventi e Notizie del Salento\" \/>\r\n<meta property=\"article:published_time\" content=\"2014-03-22T10:21:26+00:00\" \/>\r\n<meta property=\"article:modified_time\" content=\"2014-03-23T18:11:06+00:00\" \/>\r\n<meta property=\"og:image\" content=\"https:\/\/www.torrevado.info\/news\/wp-content\/uploads\/2014\/03\/oratorio-morciano-di-leuca.jpg\" \/>\r\n<meta name=\"author\" content=\"Pantaleo\" \/>\r\n<meta name=\"twitter:card\" content=\"summary_large_image\" \/>\r\n<meta name=\"twitter:label1\" content=\"Scritto da\" \/>\n\t<meta name=\"twitter:data1\" content=\"Pantaleo\" \/>\n\t<meta name=\"twitter:label2\" content=\"Tempo di lettura stimato\" \/>\n\t<meta name=\"twitter:data2\" content=\"1 minuto\" \/>\r\n<script type=\"application\/ld+json\" class=\"yoast-schema-graph\">{\"@context\":\"https:\/\/schema.org\",\"@graph\":[{\"@type\":\"WebPage\",\"@id\":\"https:\/\/www.torrevado.info\/news\/index.php\/2014\/03\/oratorio-a-morciano-di-leuca.html\",\"url\":\"https:\/\/www.torrevado.info\/news\/index.php\/2014\/03\/oratorio-a-morciano-di-leuca.html\",\"name\":\"Oratorio a Morciano di Leuca\",\"isPartOf\":{\"@id\":\"https:\/\/www.torrevado.info\/news\/#website\"},\"primaryImageOfPage\":{\"@id\":\"https:\/\/www.torrevado.info\/news\/index.php\/2014\/03\/oratorio-a-morciano-di-leuca.html#primaryimage\"},\"image\":{\"@id\":\"https:\/\/www.torrevado.info\/news\/index.php\/2014\/03\/oratorio-a-morciano-di-leuca.html#primaryimage\"},\"thumbnailUrl\":\"https:\/\/www.torrevado.info\/news\/wp-content\/uploads\/2014\/03\/oratorio-morciano-di-leuca.jpg\",\"datePublished\":\"2014-03-22T10:21:26+00:00\",\"dateModified\":\"2014-03-23T18:11:06+00:00\",\"author\":{\"@id\":\"https:\/\/www.torrevado.info\/news\/#\/schema\/person\/c93221d84694d6dea4b52ec83c18e78d\"},\"description\":\"In Diocesi la nostra comunit\u00e0 parrocchiale \u00e8 l'ultima, forse, a realizzare questo sogno, pensato gi\u00e0 da qualche anno, ma giunto finalmente a trasformarsi in realt\u00e0 concreta.\",\"breadcrumb\":{\"@id\":\"https:\/\/www.torrevado.info\/news\/index.php\/2014\/03\/oratorio-a-morciano-di-leuca.html#breadcrumb\"},\"inLanguage\":\"it-IT\",\"potentialAction\":[{\"@type\":\"ReadAction\",\"target\":[\"https:\/\/www.torrevado.info\/news\/index.php\/2014\/03\/oratorio-a-morciano-di-leuca.html\"]}]},{\"@type\":\"ImageObject\",\"inLanguage\":\"it-IT\",\"@id\":\"https:\/\/www.torrevado.info\/news\/index.php\/2014\/03\/oratorio-a-morciano-di-leuca.html#primaryimage\",\"url\":\"https:\/\/www.torrevado.info\/news\/wp-content\/uploads\/2014\/03\/oratorio-morciano-di-leuca.jpg\",\"contentUrl\":\"https:\/\/www.torrevado.info\/news\/wp-content\/uploads\/2014\/03\/oratorio-morciano-di-leuca.jpg\"},{\"@type\":\"BreadcrumbList\",\"@id\":\"https:\/\/www.torrevado.info\/news\/index.php\/2014\/03\/oratorio-a-morciano-di-leuca.html#breadcrumb\",\"itemListElement\":[{\"@type\":\"ListItem\",\"position\":1,\"name\":\"Home\",\"item\":\"https:\/\/www.torrevado.info\/news\"},{\"@type\":\"ListItem\",\"position\":2,\"name\":\"Oratorio a Morciano di Leuca\"}]},{\"@type\":\"WebSite\",\"@id\":\"https:\/\/www.torrevado.info\/news\/#website\",\"url\":\"https:\/\/www.torrevado.info\/news\/\",\"name\":\"Eventi e Notizie del Salento\",\"description\":\"\",\"potentialAction\":[{\"@type\":\"SearchAction\",\"target\":{\"@type\":\"EntryPoint\",\"urlTemplate\":\"https:\/\/www.torrevado.info\/news\/?s={search_term_string}\"},\"query-input\":{\"@type\":\"PropertyValueSpecification\",\"valueRequired\":true,\"valueName\":\"search_term_string\"}}],\"inLanguage\":\"it-IT\"},{\"@type\":\"Person\",\"@id\":\"https:\/\/www.torrevado.info\/news\/#\/schema\/person\/c93221d84694d6dea4b52ec83c18e78d\",\"name\":\"Pantaleo\"}]}<\/script>\r\n<!-- \/ Yoast SEO plugin. -->","yoast_head_json":{"title":"Oratorio a Morciano di Leuca","description":"In Diocesi la nostra comunit\u00e0 parrocchiale \u00e8 l'ultima, forse, a realizzare questo sogno, pensato gi\u00e0 da qualche anno, ma giunto finalmente a trasformarsi in realt\u00e0 concreta.","robots":{"index":"index","follow":"follow","max-snippet":"max-snippet:-1","max-image-preview":"max-image-preview:large","max-video-preview":"max-video-preview:-1"},"canonical":"https:\/\/www.torrevado.info\/news\/index.php\/2014\/03\/oratorio-a-morciano-di-leuca.html","og_locale":"it_IT","og_type":"article","og_title":"Oratorio a Morciano di Leuca","og_description":"In Diocesi la nostra comunit\u00e0 parrocchiale \u00e8 l'ultima, forse, a realizzare questo sogno, pensato gi\u00e0 da qualche anno, ma giunto finalmente a trasformarsi in realt\u00e0 concreta.","og_url":"https:\/\/www.torrevado.info\/news\/index.php\/2014\/03\/oratorio-a-morciano-di-leuca.html","og_site_name":"Eventi e Notizie del Salento","article_published_time":"2014-03-22T10:21:26+00:00","article_modified_time":"2014-03-23T18:11:06+00:00","og_image":[{"url":"https:\/\/www.torrevado.info\/news\/wp-content\/uploads\/2014\/03\/oratorio-morciano-di-leuca.jpg","type":"","width":"","height":""}],"author":"Pantaleo","twitter_card":"summary_large_image","twitter_misc":{"Scritto da":"Pantaleo","Tempo di lettura stimato":"1 minuto"},"schema":{"@context":"https:\/\/schema.org","@graph":[{"@type":"WebPage","@id":"https:\/\/www.torrevado.info\/news\/index.php\/2014\/03\/oratorio-a-morciano-di-leuca.html","url":"https:\/\/www.torrevado.info\/news\/index.php\/2014\/03\/oratorio-a-morciano-di-leuca.html","name":"Oratorio a Morciano di Leuca","isPartOf":{"@id":"https:\/\/www.torrevado.info\/news\/#website"},"primaryImageOfPage":{"@id":"https:\/\/www.torrevado.info\/news\/index.php\/2014\/03\/oratorio-a-morciano-di-leuca.html#primaryimage"},"image":{"@id":"https:\/\/www.torrevado.info\/news\/index.php\/2014\/03\/oratorio-a-morciano-di-leuca.html#primaryimage"},"thumbnailUrl":"https:\/\/www.torrevado.info\/news\/wp-content\/uploads\/2014\/03\/oratorio-morciano-di-leuca.jpg","datePublished":"2014-03-22T10:21:26+00:00","dateModified":"2014-03-23T18:11:06+00:00","author":{"@id":"https:\/\/www.torrevado.info\/news\/#\/schema\/person\/c93221d84694d6dea4b52ec83c18e78d"},"description":"In Diocesi la nostra comunit\u00e0 parrocchiale \u00e8 l'ultima, forse, a realizzare questo sogno, pensato gi\u00e0 da qualche anno, ma giunto finalmente a trasformarsi in realt\u00e0 concreta.","breadcrumb":{"@id":"https:\/\/www.torrevado.info\/news\/index.php\/2014\/03\/oratorio-a-morciano-di-leuca.html#breadcrumb"},"inLanguage":"it-IT","potentialAction":[{"@type":"ReadAction","target":["https:\/\/www.torrevado.info\/news\/index.php\/2014\/03\/oratorio-a-morciano-di-leuca.html"]}]},{"@type":"ImageObject","inLanguage":"it-IT","@id":"https:\/\/www.torrevado.info\/news\/index.php\/2014\/03\/oratorio-a-morciano-di-leuca.html#primaryimage","url":"https:\/\/www.torrevado.info\/news\/wp-content\/uploads\/2014\/03\/oratorio-morciano-di-leuca.jpg","contentUrl":"https:\/\/www.torrevado.info\/news\/wp-content\/uploads\/2014\/03\/oratorio-morciano-di-leuca.jpg"},{"@type":"BreadcrumbList","@id":"https:\/\/www.torrevado.info\/news\/index.php\/2014\/03\/oratorio-a-morciano-di-leuca.html#breadcrumb","itemListElement":[{"@type":"ListItem","position":1,"name":"Home","item":"https:\/\/www.torrevado.info\/news"},{"@type":"ListItem","position":2,"name":"Oratorio a Morciano di Leuca"}]},{"@type":"WebSite","@id":"https:\/\/www.torrevado.info\/news\/#website","url":"https:\/\/www.torrevado.info\/news\/","name":"Eventi e Notizie del Salento","description":"","potentialAction":[{"@type":"SearchAction","target":{"@type":"EntryPoint","urlTemplate":"https:\/\/www.torrevado.info\/news\/?s={search_term_string}"},"query-input":{"@type":"PropertyValueSpecification","valueRequired":true,"valueName":"search_term_string"}}],"inLanguage":"it-IT"},{"@type":"Person","@id":"https:\/\/www.torrevado.info\/news\/#\/schema\/person\/c93221d84694d6dea4b52ec83c18e78d","name":"Pantaleo"}]}},"_links":{"self":[{"href":"https:\/\/www.torrevado.info\/news\/index.php\/wp-json\/wp\/v2\/posts\/1871","targetHints":{"allow":["GET"]}}],"collection":[{"href":"https:\/\/www.torrevado.info\/news\/index.php\/wp-json\/wp\/v2\/posts"}],"about":[{"href":"https:\/\/www.torrevado.info\/news\/index.php\/wp-json\/wp\/v2\/types\/post"}],"author":[{"embeddable":true,"href":"https:\/\/www.torrevado.info\/news\/index.php\/wp-json\/wp\/v2\/users\/1"}],"replies":[{"embeddable":true,"href":"https:\/\/www.torrevado.info\/news\/index.php\/wp-json\/wp\/v2\/comments?post=1871"}],"version-history":[{"count":0,"href":"https:\/\/www.torrevado.info\/news\/index.php\/wp-json\/wp\/v2\/posts\/1871\/revisions"}],"wp:attachment":[{"href":"https:\/\/www.torrevado.info\/news\/index.php\/wp-json\/wp\/v2\/media?parent=1871"}],"wp:term":[{"taxonomy":"category","embeddable":true,"href":"https:\/\/www.torrevado.info\/news\/index.php\/wp-json\/wp\/v2\/categories?post=1871"},{"taxonomy":"post_tag","embeddable":true,"href":"https:\/\/www.torrevado.info\/news\/index.php\/wp-json\/wp\/v2\/tags?post=1871"}],"curies":[{"name":"wp","href":"https:\/\/api.w.org\/{rel}","templated":true}]}}