{"id":2226,"date":"2018-10-03T16:51:41","date_gmt":"2018-10-03T15:51:41","guid":{"rendered":"http:\/\/www.torrevado.info\/news\/?p=2226"},"modified":"2025-04-08T19:02:10","modified_gmt":"2025-04-08T17:02:10","slug":"visita-a-leuca-piccola-santa-maria-di-leuca-del-belvedere-e-vora-grande-nel-salento","status":"publish","type":"post","link":"https:\/\/www.torrevado.info\/news\/index.php\/2018\/10\/visita-a-leuca-piccola-santa-maria-di-leuca-del-belvedere-e-vora-grande-nel-salento.html","title":{"rendered":"Visita a Leuca Piccola &#8220;Santa Maria di Leuca del Belvedere&#8221; e Vora Grande nel Salento"},"content":{"rendered":"\n<h1 class=\"wp-block-heading\">Leuca Piccola, penultima tappa sul cammino Leucadense<\/h1>\n\n\n\n<p>A Barbarano del Capo, un piccolo centro abitato all&#8217;estremit\u00e0 del Salento, si trova uno dei complessi monumentali pi\u00f9 conosciuti del territorio, quello di Leuca Piccola o Santa Maria di Leuca del Belvedere.<\/p>\n\n\n\n<p>Un posto unico nel suo genere, un\u2019autentica scoperta per chi ceder\u00e0 alla curiosit\u00e0 di fermarsi, strappando una manciata del proprio tempo alle corse quotidiane che portano su percorsi sempre pi\u00f9 frettolosi e disattenti.<\/p>\n\n\n\n<p>Snodo centrale e crocevia degli antichi tratturi che solcavano in lungo ed in largo il Salento, Leuca Piccola rappresent\u00f2 per secoli il punto di arrivo sulla strada del pellegrinaggio mariano verso de finibus Terrae: penultima tappa, la pi\u00f9 desiderata di tutto il cammino, attraverso la quale i pellegrini pregustavano gi\u00e0 la felicit\u00e0 e la soddisfazione per la conquista della meta finale, il Santuario di <a href=\"https:\/\/www.leuca.info\/\" target=\"_blank\" rel=\"noreferrer noopener\">Santa Maria di Leuca<\/a>.<\/p>\n\n\n<div class=\"wp-block-image\">\n<figure class=\"aligncenter\"><img loading=\"lazy\" decoding=\"async\" width=\"887\" height=\"588\" src=\"https:\/\/www.torrevado.info\/news\/wp-content\/uploads\/2018\/10\/esterno-leuca-piccola.jpg\" alt=\"esterno leuca piccola\" class=\"wp-image-2250\" srcset=\"https:\/\/www.torrevado.info\/news\/wp-content\/uploads\/2018\/10\/esterno-leuca-piccola.jpg 887w, https:\/\/www.torrevado.info\/news\/wp-content\/uploads\/2018\/10\/esterno-leuca-piccola-300x199.jpg 300w, https:\/\/www.torrevado.info\/news\/wp-content\/uploads\/2018\/10\/esterno-leuca-piccola-768x509.jpg 768w\" sizes=\"auto, (max-width: 887px) 100vw, 887px\" \/><\/figure><\/div>\n\n\n<h3 class=\"wp-block-heading\">I pozzi del Salento, la sosta alla ricerca dell\u2019acqua<\/h3>\n\n\n\n<p>Quasi certamente, come sempre \u00e8 accaduto nella storia dell\u2019uomo, la presenza di tre grandi pozzi di acqua fresca e dolce, contribu\u00ec in modo fondamentale allo sviluppo del sito, non solo luogo di ritrovo quotidiano per la gente del piccolo borgo di Barbarano, ma anche fonte di rifornimento prezioso per i numerosi viandanti. Sulle orme di chi aveva gi\u00e0 percorso la via Leucadense, i pellegrini erano a conoscenza che la candida e bella Leuca adagiata sulle bianche rocce, di acqua non ne aveva.<\/p>\n\n\n\n<p>I tre grandi pozzi furono scavati in epoca pi\u00f9 antica, intercettando la ricca falda di acqua sorgiva in un pianoro di natura carsica; ci troviamo infatti a pochi passi dalla Vora Grande, l\u2019inghiottitoio naturale dalle cui profondit\u00e0 ancora oggi si pu\u00f2 ascoltare lo scorrere lento dell\u2019acqua verso i profondi meandri bui e sotterranei della terra.<\/p>\n\n\n\n<p>Ed i pozzi di Barbarano erano molto generosi e le soste dei pellegrini sempre pi\u00f9 frequenti.<\/p>\n\n\n<div class=\"wp-block-image\">\n<figure class=\"aligncenter\"><img loading=\"lazy\" decoding=\"async\" width=\"887\" height=\"588\" src=\"https:\/\/www.torrevado.info\/news\/wp-content\/uploads\/2018\/10\/pozzo-leuca-piccola-barbarano-del-capo.jpg\" alt=\"pozzo leuca piccola barbarano del capo\" class=\"wp-image-2273\" srcset=\"https:\/\/www.torrevado.info\/news\/wp-content\/uploads\/2018\/10\/pozzo-leuca-piccola-barbarano-del-capo.jpg 887w, https:\/\/www.torrevado.info\/news\/wp-content\/uploads\/2018\/10\/pozzo-leuca-piccola-barbarano-del-capo-300x199.jpg 300w, https:\/\/www.torrevado.info\/news\/wp-content\/uploads\/2018\/10\/pozzo-leuca-piccola-barbarano-del-capo-768x509.jpg 768w\" sizes=\"auto, (max-width: 887px) 100vw, 887px\" \/><\/figure><\/div>\n\n\n<p>Non ci sono pervenuti molti documenti circa la via Leucadense ma sappiamo che il culto per la Madonna di Leuca nacque, con ogni probabilit\u00e0, nel Medioevo per intensificarsi nel XVII secolo quando, secondo le fonti, i pellegrini per Leuca erano migliaia ogni anno e provenivano da ogni parte d\u2019Italia e d\u2019Europa. Ci\u00f2 che sappiamo per certo \u00e8 che lungo le varie direttrici che conducevano all&#8217;estremit\u00e0 del Salento, il viandante poteva fare sosta e trovare ospitalit\u00e0 e ristoro presso piccoli centri, a volte monasteri, in cambio di denaro o piccoli lavori. Ne sono una testimonianza il vicino Convento dei Carmelitani a Morciano di Leuca ed il Complesso di San Francesco a Gagliano del Capo a due passi da Leuca.<\/p>\n\n\n\n<p>A Barbarano era prevista una di queste piccole tappe dove nel corso del XVI secolo, probabilmente sui resti di un antico e precedente luogo di culto, fu eretta la chiesetta insieme agli ambienti retrostanti: la chiesetta di Leuca Piccola, l\u2019edificio che riproduceva in scala ridotta, la facciata del Santuario di Leuca.<\/p>\n\n\n\n<h3 class=\"wp-block-heading\">Il Barone Capece e la sua idea di ospitalit\u00e0 nel Salento<\/h3>\n\n\n\n<p>Ma la vera svolta per il piccolo sito di Barbarano si ebbe nel 1685 con il Barone Capece, il sacerdote Don Annibale il quale animato da un profondo spirito religioso, ma spinto anche da un forte desiderio di dare maggior lustro alla propria casata, volle realizzare questo complesso, un\u2019autentica opera di accoglienza ed ospitalit\u00e0 che segn\u00f2 un periodo di importante popolarit\u00e0 per questo piccolo borgo all&#8217;estremit\u00e0 del Salento.<\/p>\n\n\n\n<p>Il Barone Capece non si risparmi\u00f2 nel commissionare i lavori di ampliamento del sito e riusc\u00ec perfettamente nel suo intento che era quello di destare meraviglia, stupore e gratitudine nel cuore di ciascun pellegrino.<\/p>\n\n\n\n<p>Con la lungimiranza di un ottimo \u201cimprenditore\u201d questo piccolo punto di sosta e di preghiera divenne qualcosa di pi\u00f9 grande. Furono realizzati il pronao in stile neoclassico, le botteghe, la locanda, i locali con le mangiatoie per il ricovero degli animali, il maniscalco, le scuderie, gli ambienti sotterranei per dormire; le meravigliose arcate con l\u2019imponente porta centrale racchiudevano l\u2019intera piazza come un grande abbraccio.<\/p>\n\n\n\n<p>Sul lato ovest della chiesa, a ridosso delle distese di pregiati vigneti autoctoni, pare ci fosse un antico palmento di cui oggi per\u00f2 non c\u2019\u00e8 traccia; il passaggio della \u201cmoderna\u201d strada provinciale ha sacrificato nel tempo tre delle dieci arcate esistenti interrompendo l\u2019armonia dell\u2019intera piazza.<\/p>\n\n\n<div class=\"wp-block-image\">\n<figure class=\"aligncenter\"><img loading=\"lazy\" decoding=\"async\" width=\"887\" height=\"588\" src=\"https:\/\/www.torrevado.info\/news\/wp-content\/uploads\/2018\/10\/stemma-capece-leuca-piccola.jpg\" alt=\"stemma capece leuca piccola\" class=\"wp-image-2290\" srcset=\"https:\/\/www.torrevado.info\/news\/wp-content\/uploads\/2018\/10\/stemma-capece-leuca-piccola.jpg 887w, https:\/\/www.torrevado.info\/news\/wp-content\/uploads\/2018\/10\/stemma-capece-leuca-piccola-300x199.jpg 300w, https:\/\/www.torrevado.info\/news\/wp-content\/uploads\/2018\/10\/stemma-capece-leuca-piccola-768x509.jpg 768w\" sizes=\"auto, (max-width: 887px) 100vw, 887px\" \/><\/figure><\/div>\n\n\n<p>Dell\u2019intero complesso attualmente rimane la chiesa con il pronao, sette delle dieci arcate, diversi locali adibiti a mangiatoie, l\u2019antica officina del maniscalco; i vecchi locali destinati alle botteghe, oggi ormai in disuso, conservano ancora la struttura edilizia di un tempo\u2026 ingressi ad arco, volte a stella o a botte, anche tetti piani con il classico sistema di raccolta delle acque, oppure piccole coperture a spiovente ricoperte da coppi o irmici (tegole in terracotta). Tra le rovine dell\u2019antica locanda si ergono ancora i resti dei comignoli che svettano verso il cielo, quasi a voler sfidare l\u2019oblio dell\u2019inesorabile scorrere del tempo.<\/p>\n\n\n\n<p>Il restauro voluto dal Comune di Morciano, che nel frattempo ha acquisito gran parte del complesso, ci ha restituito parte della bellezza e del fascino di un bene storico-culturale senza eguali.<\/p>\n\n\n\n<p>L\u2019importanza del complesso, dalla sua costruzione e per i decenni successivi, si rivel\u00f2 un\u2019opera di notevole successo: per gran parte dell\u2019anno, il piccolo centro di Barbarano brulicava di gente, era un viavai di pellegrini, mercanti, cavalli, asini, operai, contadini, cuochi e garzoni. Era diventato un punto di sosta cos\u00ec importante da confondere i viandanti i quali, di fronte alla maestosit\u00e0 del posto, riprendevano soddisfatti il viaggio di ritorno, convinti di essere arrivati alla meta. Ne nacque una controversia tra le due diocesi di appartenenza, Ugento ed Alessano, che si risolse solo con l\u2019intervento del Vaticano e la conseguente, diplomatica decisione, di dare al complesso Santa Maria di Leuca del Belvedere, Leuca Piccola per distinguerla dal Santuario di Santa Maria di Leuca.<\/p>\n\n\n<div class=\"wp-block-image\">\n<figure class=\"aligncenter\"><img loading=\"lazy\" decoding=\"async\" width=\"887\" height=\"588\" src=\"https:\/\/www.torrevado.info\/news\/wp-content\/uploads\/2018\/10\/arcate-seicentesche-leuca-piccola-morciano-di-leuca.jpg\" alt=\"arcate seicentesche leuca piccola morciano di leuca\" class=\"wp-image-2239\" srcset=\"https:\/\/www.torrevado.info\/news\/wp-content\/uploads\/2018\/10\/arcate-seicentesche-leuca-piccola-morciano-di-leuca.jpg 887w, https:\/\/www.torrevado.info\/news\/wp-content\/uploads\/2018\/10\/arcate-seicentesche-leuca-piccola-morciano-di-leuca-300x199.jpg 300w, https:\/\/www.torrevado.info\/news\/wp-content\/uploads\/2018\/10\/arcate-seicentesche-leuca-piccola-morciano-di-leuca-768x509.jpg 768w\" sizes=\"auto, (max-width: 887px) 100vw, 887px\" \/><\/figure><\/div>\n\n\n<p>Ma, come spesso accade, anche per questo monumento arriv\u00f2 il periodo della decadenza. Molti degli edifici furono adibiti ad altri scopi. La chiesa, ormai sconsacrata, divenne prima la fucina per la vicina officina, in seguito il deposito per la paglia dei pastori. Gli ambienti ipogei si rivelarono invece un ambiente ideale per la conversione in frantoi destinati alla molitura delle olive. Tra tutti l\u2019attivit\u00e0 del maniscalco \u00e8 giunta sino ai giorni nostri, sopravvissuta alla storia sino a pochi anni fa con l\u2019ultimo suo protagonista, mastro Fanciullo Giovannino, per tutto il capo di Leuca Mesciu Giuvannino.<\/p>\n\n\n\n<p>Parte del complesso monumentale fu acquisito dal comune di Morciano di Leuca negli anni ottanta. Grazie alla perseveranza del sindaco Cesare Daquino ed il suo amore per la storia del proprio paese, questo piccolo tesoro ora appartiene a tutti: l\u2019accurata opera di restauro ha permesso di rivedere gli affreschi della chiesa, tutelare l\u2019ipogeo, salvaguardare le splendide arcate, mentre la suggestiva illuminazione serale restituisce all&#8217;intera piazza parte del suo grande fascino.<\/p>\n\n\n\n<h2 class=\"wp-block-heading\">Possiamo visitare il complesso di Leuca Piccola?<\/h2>\n\n\n\n<p>L\u2019intero complesso e la vicina Vora si possono visitare durante tutto l\u2019anno. Nei mesi estivi le aperture pomeridiane sono garantite tutti i giorni, mentre durante i mesi invernali solitamente solo i festivi e su richiesta anche durante la settimana. Attualmente della gestione del Complesso si occupa l\u2019Associazione Pro Loco Torre Vado e per le visite guidate, anche nel territorio, l\u2019Associazione Arches di Marco Cavalera guida turistica abilitata dalla Regione Puglia.<\/p>\n\n\n\n<p>Ogni anno il primo di maggio si celebra la festa della Madonna di Leuca Piccola, come da tradizione la grande fiera mercato che apre le porte all&#8217;estate, \u00e8 un evento ormai atteso in tutto il capo di Leuca.<\/p>\n\n\n\n<p>Nei giorni che precedono la Pasqua, come vuole la tradizione locale, \u00e8 consuetudine allestire i \u201cSabburchi\u201d (i Sepolcri) con l\u2019esposizione della Croce e i simboli dell\u2019Eucaristia avvolti da una nuvola di piante dalle foglie bianche (coltivate per 40 giorni al riparo dalla luce).<\/p>\n\n\n\n<p>Il complesso di Leuca Piccola \u00e8 stato di recente inserito anche nei cammini delle Vie Francigene -Leucadense e quindi meta di tanti pellegrini e camminatori appassionati.<\/p>\n\n\n\n<p>Arrivano a Leuca Piccola camminatori solitari, gruppi di preghiera, compagnie di bikers e motoclicisti, cultori del trekking lento e patiti di jogging che non rinunciano mai alla piccola sosta alla fontanella.<\/p>\n\n\n<div class=\"wp-block-image\">\n<figure class=\"aligncenter\"><img loading=\"lazy\" decoding=\"async\" width=\"887\" height=\"588\" src=\"https:\/\/www.torrevado.info\/news\/wp-content\/uploads\/2018\/10\/arcate-leuca-piccola-vicino-torre-vado.jpg\" alt=\"arcate leuca piccola vicino torre vado\" class=\"wp-image-2238\" srcset=\"https:\/\/www.torrevado.info\/news\/wp-content\/uploads\/2018\/10\/arcate-leuca-piccola-vicino-torre-vado.jpg 887w, https:\/\/www.torrevado.info\/news\/wp-content\/uploads\/2018\/10\/arcate-leuca-piccola-vicino-torre-vado-300x199.jpg 300w, https:\/\/www.torrevado.info\/news\/wp-content\/uploads\/2018\/10\/arcate-leuca-piccola-vicino-torre-vado-768x509.jpg 768w\" sizes=\"auto, (max-width: 887px) 100vw, 887px\" \/><\/figure><\/div>\n\n\n<h3 class=\"wp-block-heading\"><strong>Visitiamo ora insieme il complesso monumentale di Santa Maria di Leuca del Belvedere.<\/strong><\/h3>\n\n\n\n<p>Osservando dall&#8217;esterno la struttura della chiesa, ci si rende subito conto di essere di fronte ad un edificio antico la cui facciata, in tempi successivi, \u00e8 stata incorporata dall&#8217;austero pronao neoclassico. La chiesetta risalente al XVI secolo, probabilmente eretta su un preesistente luogo di culto destinato a San Lazzaro, era composta dal corpo principale ed altri due o tre ambienti destinati a sacrestia e alloggi per i religiosi. Le piccole finestre visibili dall&#8217;esterno rendono l\u2019idea della originaria grandezza dell\u2019edificio che attualmente \u00e8 in parte di propriet\u00e0 privata: la parte acquisita dal Comune comprende la chiesa ed uno solo degli ambienti retrostanti.<\/p>\n\n\n<div class=\"wp-block-image\">\n<figure class=\"aligncenter\"><img loading=\"lazy\" decoding=\"async\" width=\"887\" height=\"588\" src=\"https:\/\/www.torrevado.info\/news\/wp-content\/uploads\/2018\/10\/piazza-leuca-piccola.jpg\" alt=\"piazza leuca piccola in Puglia\" class=\"wp-image-2270\" srcset=\"https:\/\/www.torrevado.info\/news\/wp-content\/uploads\/2018\/10\/piazza-leuca-piccola.jpg 887w, https:\/\/www.torrevado.info\/news\/wp-content\/uploads\/2018\/10\/piazza-leuca-piccola-300x199.jpg 300w, https:\/\/www.torrevado.info\/news\/wp-content\/uploads\/2018\/10\/piazza-leuca-piccola-768x509.jpg 768w\" sizes=\"auto, (max-width: 887px) 100vw, 887px\" \/><\/figure><\/div>\n\n\n<p>Cerchiamo dunque di immaginarci il sito prima dell\u2019opera di \u201cammodernamento\u201d voluta dal Barone Capece a partire dal 1685. Immaginiamo il crocevia di sentieri che in questo punto confluivano per dirigersi verso il capo di Santa Maria di Leuca: piccoli passaggi tra una campagna e l\u2019altra delimitati da muretti a secco, solcati da profondi tratturi e alternati da punti di sosta, come quello di Leuca Piccola. Qui sorgeva la chiesetta dallo stile sobrio il cui prospetto riprendeva in proporzioni ridotte, quello del Santuario di Leuca prima della sua ennesima distruzione nel XVII; il Santuario che oggi ammiriamo a Leuca infatti, \u00e8 quello ricostruito, a partire dal 1720 dal Vescovo Giannelli, che lo volle realizzare in modo da non farla sembrare una chiesa ma una fortezza, austera ed inespugnabile.<\/p>\n\n\n\n<p>La chiesetta di Leuca Piccola rispecchia le tipiche costruzioni fortificate dell\u2019epoca, una chiesa-torre destinata alla salvezza dell\u2019anima ma anche luogo di riparo in caso di incursione. La scala interna, stretta e ripida, porta all\u2019ambiente del piano superiore, una sorta di capanna dotata di feritoie e finestre protette da grate, il tetto a doppio spiovente con trave centrale in legno e cannizzo. Dal terrazzo che sovrasta il pronao, oltre al meraviglioso belvedere \u00e8 possibile ammirare da vicino il prospetto originario della chiesetta, un quadro d\u2019insieme di incantevole bellezza nella sua disarmante semplicit\u00e0.<\/p>\n\n\n<div class=\"wp-block-image\">\n<figure class=\"aligncenter\"><img loading=\"lazy\" decoding=\"async\" width=\"887\" height=\"588\" src=\"https:\/\/www.torrevado.info\/news\/wp-content\/uploads\/2018\/10\/tetto-a-cannizzo-chiesa-leuca-piccola.jpg\" alt=\"tetto a cannizzo chiesa leuca piccola\" class=\"wp-image-2291\" srcset=\"https:\/\/www.torrevado.info\/news\/wp-content\/uploads\/2018\/10\/tetto-a-cannizzo-chiesa-leuca-piccola.jpg 887w, https:\/\/www.torrevado.info\/news\/wp-content\/uploads\/2018\/10\/tetto-a-cannizzo-chiesa-leuca-piccola-300x199.jpg 300w, https:\/\/www.torrevado.info\/news\/wp-content\/uploads\/2018\/10\/tetto-a-cannizzo-chiesa-leuca-piccola-768x509.jpg 768w\" sizes=\"auto, (max-width: 887px) 100vw, 887px\" \/><\/figure><\/div>\n\n\n<p>Ritornando al piano terra, l\u2019ambiente si presenta ad un\u2019unica navata le cui pareti originariamente non erano affrescate; in seguito al restauro degli anni 80 \u00e8 emersa una sinopia di quello che doveva essere la rappresentazione del quadro della Madonna di Leuca, probabilmente l\u2019immagine pi\u00f9 antica pervenutaci ad oggi. Nel locale retrostante adibito a sacrestia di particolare pregio \u00e8 la chiave di volta e le \u201cmpise\u201d modellate in carparo locale, una pila per le oblazioni del sacerdote e i due confessionali (uno per lato) interamente scavati nelle pareti: quella dei confessionali \u00e8 uno degli elementi pi\u00f9 interessanti dell\u2019intero complesso e che raramente troviamo in altre chiese dove solitamente si presentano chiusi ed in legno d\u2019ulivo.<\/p>\n\n\n\n<p>Sulle pareti si possono ammirare anche una serie di affreschi settecenteschi in gran parte recuperati con il restauro. Sulla parete frontale ai due lati della sinopia mariana, si possono ammirare San Francesco da Paola e San Leonardo con le sue catene. Queste due opere appartengono probabilmente allo stesso artista. Gli affreschi delle restanti pareti e della volta sarebbero di manifattura diversa. Si riconoscono in successione San Gennaro con l\u2019ampolla, Santa Lucia, San Pasquale de Baylon, San Lazzaro con la sua borsa, Santa Barbara, due figure non riconoscibili, Santa Marina e Sant&#8217;Oronzo. Sulla volta gli affreschi dei quattro Evangelisti colpiscono per la loro pregevole fattura.<\/p>\n\n\n<div class=\"wp-block-image\">\n<figure class=\"aligncenter\"><img loading=\"lazy\" decoding=\"async\" width=\"887\" height=\"588\" src=\"https:\/\/www.torrevado.info\/news\/wp-content\/uploads\/2018\/10\/chiesa-leuca-piccola-affreschi.jpg\" alt=\"Interno chiesa leuca piccola affreschi\" class=\"wp-image-2244\" srcset=\"https:\/\/www.torrevado.info\/news\/wp-content\/uploads\/2018\/10\/chiesa-leuca-piccola-affreschi.jpg 887w, https:\/\/www.torrevado.info\/news\/wp-content\/uploads\/2018\/10\/chiesa-leuca-piccola-affreschi-300x199.jpg 300w, https:\/\/www.torrevado.info\/news\/wp-content\/uploads\/2018\/10\/chiesa-leuca-piccola-affreschi-768x509.jpg 768w\" sizes=\"auto, (max-width: 887px) 100vw, 887px\" \/><\/figure><\/div>\n\n\n<p>Accanto alla porta di ingresso l\u2019acquasantiera \u00e8 stata ricavata da un antico capitello rinvenuto nelle vicinanze e quindi non attinente al complesso. Sulla porta di ingresso, al di sotto del pronao l\u2019originaria finestra che dava luce alla parete frontale, \u00e8 stato sostituita dallo stemma della casata dei Capece, il leone rampante, ed il resto della facciata affrescato anch&#8217;esso con temi religiosi.<\/p>\n\n\n\n<h3 class=\"wp-block-heading\">Dove dormivano i pellegrini?<\/h3>\n\n\n\n<p>All&#8217;esterno della chiesa all&#8217;ombra di un maestoso albero di carrubo, una rampa conduce agli ipogei, degli ambienti sotterranei ricavati scavando intorno ai pozzi gi\u00e0 esistenti; nel loro interno si possono ammirare le nicchie che i pellegrini utilizzavano per riposarsi, i grandi pozzi dove i pellegrini attingevano l\u2019acqua, gli incavi anneriti dal fumo delle lampade ad olio. Un lungo corridoio sotterraneo attraversa tutto il versante della strada per intercettare il terzo pozzo, quello meno profondo ma ugualmente maestoso. Dai tre pozzi era possibile attingere l\u2019acqua sia dall&#8217;esterno che dall&#8217;interno degli ipogei dove le bocche erano state prolungate.<\/p>\n\n\n<div class=\"wp-block-image\">\n<figure class=\"aligncenter\"><img loading=\"lazy\" decoding=\"async\" width=\"887\" height=\"588\" src=\"https:\/\/www.torrevado.info\/news\/wp-content\/uploads\/2018\/10\/ipogei-leuca-piccola-salento.jpg\" alt=\"\" class=\"wp-image-2262\" srcset=\"https:\/\/www.torrevado.info\/news\/wp-content\/uploads\/2018\/10\/ipogei-leuca-piccola-salento.jpg 887w, https:\/\/www.torrevado.info\/news\/wp-content\/uploads\/2018\/10\/ipogei-leuca-piccola-salento-300x199.jpg 300w, https:\/\/www.torrevado.info\/news\/wp-content\/uploads\/2018\/10\/ipogei-leuca-piccola-salento-768x509.jpg 768w\" sizes=\"auto, (max-width: 887px) 100vw, 887px\" \/><\/figure><\/div>\n\n\n<p>In questi ambienti, ai quali si accedeva percorrendo la rampa di ingresso (oggi una scalinata) spesso in compagnia dei loro animali, i pellegrini trovavano una temperatura costante che rendeva il riposo fresco in estate e confortevole in inverno.<\/p>\n\n\n\n<h3 class=\"wp-block-heading\">Tutta la piazza al servizio del pellegrino<\/h3>\n\n\n\n<p>Risalendo e portandoci nuovamente sulla piazza, la nostra attenzione si posa sulle pareti delle grandi arcate dove oggi possiamo ancora scorgere delle croci incise dai pellegrini durante la loro sosta, forse per lasciare un segno del loro passaggio o per il bisogno di segnare sulla pietra una loro preghiera.<\/p>\n\n\n\n<p>Il grande arco sormontato da una pregevole decorazione, dava l\u2019accesso all&#8217;ampio spazio dedicato alla fiera degli animali, uno degli eventi pi\u00f9 importanti che si alternava durante l\u2019anno fondendosi con il flusso frequente dei pellegrini.<\/p>\n\n\n<div class=\"wp-block-image\">\n<figure class=\"aligncenter\"><img loading=\"lazy\" decoding=\"async\" width=\"588\" height=\"887\" src=\"https:\/\/www.torrevado.info\/news\/wp-content\/uploads\/2018\/10\/incisioni-antiche-leuca-piccola-salento.jpg\" alt=\"incisioni antiche leuca piccola salento\" class=\"wp-image-2258\" srcset=\"https:\/\/www.torrevado.info\/news\/wp-content\/uploads\/2018\/10\/incisioni-antiche-leuca-piccola-salento.jpg 588w, https:\/\/www.torrevado.info\/news\/wp-content\/uploads\/2018\/10\/incisioni-antiche-leuca-piccola-salento-199x300.jpg 199w\" sizes=\"auto, (max-width: 588px) 100vw, 588px\" \/><\/figure><\/div>\n\n\n<p>Oggi la piazza \u00e8 avvolta dal silenzio mentre un tempo brulicava di gente. Le scuderie erano piene di cavalli e di asini, il maniscalco era perennemente occupato a ferrare cavalli o riparare le ruote dei carri; i commercianti pronti a smerciare le loro mercanzie ed i locandieri si affaccendavano a preparare i pasti caldi accompagnati dall&#8217;ottimo vino locale, ovviamente per i pellegrini che se lo potevano permettere. Nella chiesa c\u2019era sempre qualcuno raccolto in preghiera ed un religioso pronto a dare sostegno.<\/p>\n\n\n\n<h3 class=\"wp-block-heading\">Quante epigrafi a Leuca Piccola!<\/h3>\n\n\n\n<p>Sulle pareti esterne del complesso di Santa Maria di Leuca del Belvedere, possiamo notare diverse epigrafi volute probabilmente dal Barone Capece al completamento dell\u2019opera.<\/p>\n\n\n\n<p>La pi\u00f9 curiosa e quella pi\u00f9 famosa \u00e8 senz&#8217;altro quella delle 10P. Purtroppo l\u2019originale \u00e8 stata trafugata ma non cancellata dalla memoria della popolazione locale; in occasione del restauro fu applicata una copia riportante le famose 10 P: Parole Poco Pensate Portano Pena Perci\u00f2 Prima Pensa Poi Parla. Questa era senz&#8217;altro un invito alla moderazione lungo tutto il cammino che prima di tutto era spirituale.<\/p>\n\n\n<div class=\"wp-block-image\">\n<figure class=\"aligncenter\"><img loading=\"lazy\" decoding=\"async\" width=\"900\" height=\"596\" src=\"https:\/\/www.torrevado.info\/news\/wp-content\/uploads\/2018\/10\/parole-poco-pensate-portano-pena-percio-prima-pensa-poi-parla.jpg\" alt=\"Le 10 p parole poco pensate portano pena percio prima pensa poi parla\" class=\"wp-image-2268\" srcset=\"https:\/\/www.torrevado.info\/news\/wp-content\/uploads\/2018\/10\/parole-poco-pensate-portano-pena-percio-prima-pensa-poi-parla.jpg 900w, https:\/\/www.torrevado.info\/news\/wp-content\/uploads\/2018\/10\/parole-poco-pensate-portano-pena-percio-prima-pensa-poi-parla-300x199.jpg 300w, https:\/\/www.torrevado.info\/news\/wp-content\/uploads\/2018\/10\/parole-poco-pensate-portano-pena-percio-prima-pensa-poi-parla-768x509.jpg 768w\" sizes=\"auto, (max-width: 900px) 100vw, 900px\" \/><\/figure><\/div>\n\n\n<p>Con un\u2019 epigrafe posta all&#8217;ingresso della locanda leggiamo l\u2019invito del Barone Annibale Capece rivolto ai pellegrini di passaggio:<\/p>\n\n\n\n<p>\u201cFerma il pi\u00e8 passegger<br \/>Non dar pi\u00f9 passo che qui<br \/>Trovi comode rimesse<br \/>Don Annibal Capece, il qual ci eresse<br \/>Ci destin\u00f2 pel forestier in spasso\u201d<\/p>\n\n\n<div class=\"wp-block-image\">\n<figure class=\"aligncenter\"><img loading=\"lazy\" decoding=\"async\" width=\"887\" height=\"588\" src=\"https:\/\/www.torrevado.info\/news\/wp-content\/uploads\/2018\/10\/epigrafe-leuca-piccola-barbarano-del-capo.jpg\" alt=\"epigrafe leuca piccola barbarano del capo\" class=\"wp-image-2248\" srcset=\"https:\/\/www.torrevado.info\/news\/wp-content\/uploads\/2018\/10\/epigrafe-leuca-piccola-barbarano-del-capo.jpg 887w, https:\/\/www.torrevado.info\/news\/wp-content\/uploads\/2018\/10\/epigrafe-leuca-piccola-barbarano-del-capo-300x199.jpg 300w, https:\/\/www.torrevado.info\/news\/wp-content\/uploads\/2018\/10\/epigrafe-leuca-piccola-barbarano-del-capo-768x509.jpg 768w\" sizes=\"auto, (max-width: 887px) 100vw, 887px\" \/><\/figure><\/div>\n\n\n<p>Sulle pareti del pronao della chiesa, l\u2019epigrafe a tema religioso si presenta un po&#8217; danneggiata dal tempo ma \u00e8 chiaro l\u2019invito alla preghiera.<\/p>\n\n\n\n<p>All&#8217;ingresso degli ambienti sotterranei, l\u2019epigrafe che sovrasta la porta invece recita cos\u00ec:<\/p>\n\n\n\n<p>Don Annibale Capece or mi feconda<br \/>Se un tempo sviscerar fece il mio seno;<br \/>entra qui, dunque,e ti trattenga almeno<br \/>l\u2019ombra, il fresco, la mensa, il vino e l\u2019onda.<\/p>\n\n\n\n<h2 class=\"wp-block-heading\">Da Leuca Piccola alla Vora di Barbarano<\/h2>\n\n\n\n<p>A circa 200 metri dalla Chiesa di Leuca Piccola, imboccando anche a piedi, la stradina che costeggia il retro, si arriva ad una zona completamente recintata. Siamo alla <a href=\"https:\/\/www.torrevado.info\/salento\/vore-barbarano.asp\" target=\"_blank\" rel=\"noopener noreferrer\">Vora grande un inghiottitoio di origine naturale<\/a> e che si addentra nelle viscere del terreno carsico tipico del territorio.<\/p>\n\n\n\n<p>La presenza di queste voragini (in dialetto locale Vore), dalle oscure profondit\u00e0, ha sempre suscitato nella popolazione locale un certo timore; tante le leggende legate alla loro origine voluta dai demoni o quelle associate ad eventi catastrofici. Ogni motivazione aveva come scopo quello di tenere lontani dalle vore adulti e sopratutto bambini.<\/p>\n\n\n\n<p>Gli inghiottitoi sono in realt\u00e0 due, la vora grande che \u00e8 visitabile in quanto area comunale appositamente recintata per motivi di sicurezza, e quella piccola ubicata invece in un terreno privato.<\/p>\n\n\n\n<p>La visita a tutto il complesso unitamente alle vore \u00e8 una delle cose da fare durante la vacanza nel Salento.<\/p>\n\n\n\n<h2 class=\"wp-block-heading\">Moneta Da collezione Leuca Piccola<\/h2>\n\n\n\n<p>Una nuova moneta da collezione di <strong>Leuca Piccola &#8211; Barbarano del Capo<\/strong> &#8211; Morciano di Leuca<\/p>\n\n\n\n<p>&#8220;Santuario Leuca Piccola A.D. 1685&#8221;<br \/>Nome originario : Madonna di Leuca del Belvedere<br \/>L&#8217;antichissimo plesso sacro rappresentava l&#8217;ultima tappa dei pellegrini che si recavano a S.Maria di Leuca, distante pochi km.<br \/>Nel suggestivo sotterraneo, potevano riposarsi per la notte.<br \/>Dal punto di vista architettonico era la copia in scala ridotta, della Basilica Maggiore di quel tempo. Fu completamente ristrutturata alla fine del XVII secolo. .<\/p>\n\n\n\n<figure class=\"wp-block-image size-full\"><img loading=\"lazy\" decoding=\"async\" width=\"1000\" height=\"454\" src=\"https:\/\/www.torrevado.info\/news\/wp-content\/uploads\/2022\/10\/moneta-da-collezione-leuca-piccola.jpg\" alt=\"\" class=\"wp-image-2959\" srcset=\"https:\/\/www.torrevado.info\/news\/wp-content\/uploads\/2022\/10\/moneta-da-collezione-leuca-piccola.jpg 1000w, https:\/\/www.torrevado.info\/news\/wp-content\/uploads\/2022\/10\/moneta-da-collezione-leuca-piccola-300x136.jpg 300w, https:\/\/www.torrevado.info\/news\/wp-content\/uploads\/2022\/10\/moneta-da-collezione-leuca-piccola-768x349.jpg 768w\" sizes=\"auto, (max-width: 1000px) 100vw, 1000px\" \/><figcaption class=\"wp-element-caption\">Foto Moneta da collezione Leuca Piccola<\/figcaption><\/figure>\n\n\n\n<p>Qui, sono riportati i luoghi in cui la moneta \u00e8, per ora, Disponibile:<\/p>\n\n\n\n<p>&#8211; Museo di Paleontologia e Biblioteca Comunale &#8221; L&#8217; Alca&#8221; di Maglie<br \/>&#8211;&nbsp;<strong>Comune di Morciano di Leuca (Le)<\/strong><br \/>&#8211;&nbsp;<strong>Complesso Leuca Piccola e Parrocchia Barbarano del Capo (Le)<\/strong><br \/>&#8211; MUSEO ACHEOLOGICO NAZIONALE DI TARANTO Palazzo Pantaleo &#8211; Lungomare Vittorio Emanuele II<br \/>&#8211; MUSEO NAZIONALE DI EGNAZIA Via Degli Scavi Archgeologici . Savelletri &#8211; Fasano (BR)<br \/>&#8211; Maspas &#8211; Casarano (Le)<br \/>&#8211; Museo Diocesano di <a href=\"https:\/\/www.torrevado.info\/news\/index.php\/una-vacanza-a-gallipoli-tra-spiagge-natura-e-storia\">Gallipoli<\/a><br \/>&#8211; Museo Diocesano di <a href=\"https:\/\/www.torrevado.info\/news\/index.php\/otranto-la-vacanza-piu-ad-oriente-della-puglia\">Otranto<\/a><\/p>\n\n\n\n<h2 class=\"wp-block-heading\">Ricostruito L\u2019antico Pozzo Di Leuca Piccola<\/h2>\n\n\n\n<p>\u00c8 stato ricostruito l\u2019antico pozzo di Leuca Piccola, andato distrutto all&#8217;inizio del 2016 a causa di un sinistro stradale. L\u2019intervento \u00e8 stato effettuato in accordo con la Soprintendenza dei Beni Culturali di Lecce, e con i fondi messi a disposizione dall&#8217;assicurazione del veicolo che purtroppo lo aveva letteralmente raso al suolo nell&#8217;impatto.<\/p>\n\n\n\n<figure class=\"wp-block-image size-large\"><img loading=\"lazy\" decoding=\"async\" width=\"1024\" height=\"576\" src=\"https:\/\/www.torrevado.info\/news\/wp-content\/uploads\/2022\/10\/POZZO-RICOSTRUITO-BARBARANO5-1024x576.jpg\" alt=\"\" class=\"wp-image-2936\" srcset=\"https:\/\/www.torrevado.info\/news\/wp-content\/uploads\/2022\/10\/POZZO-RICOSTRUITO-BARBARANO5-1024x576.jpg 1024w, https:\/\/www.torrevado.info\/news\/wp-content\/uploads\/2022\/10\/POZZO-RICOSTRUITO-BARBARANO5-300x169.jpg 300w, https:\/\/www.torrevado.info\/news\/wp-content\/uploads\/2022\/10\/POZZO-RICOSTRUITO-BARBARANO5-768x432.jpg 768w, https:\/\/www.torrevado.info\/news\/wp-content\/uploads\/2022\/10\/POZZO-RICOSTRUITO-BARBARANO5-1536x864.jpg 1536w, https:\/\/www.torrevado.info\/news\/wp-content\/uploads\/2022\/10\/POZZO-RICOSTRUITO-BARBARANO5.jpg 1600w\" sizes=\"auto, (max-width: 1024px) 100vw, 1024px\" \/><figcaption class=\"wp-element-caption\">Dicembre 2016 ricostruito antico pozzo di Leuca Piccola<\/figcaption><\/figure>\n\n\n\n<p><em><strong>Anna Maria Ciardo<\/strong><\/em><\/p>\n\n\n\n<figure class=\"wp-block-gallery has-nested-images columns-4 is-cropped wp-block-gallery-1 is-layout-flex wp-block-gallery-is-layout-flex\">\n<figure class=\"wp-block-image size-large\"><a href=\"https:\/\/www.torrevado.info\/news\/wp-content\/uploads\/2018\/10\/santa-maria-di-leuca-del-belvedere-vicino-torre-vado.jpg\" data-rel=\"lightbox-gallery-sWeDcZ2U\" data-rl_title=\"santa maria di leuca del belvedere vicino torre vado\" data-rl_caption=\"\" title=\"santa maria di leuca del belvedere vicino torre vado\"><img loading=\"lazy\" decoding=\"async\" width=\"887\" height=\"588\" data-id=\"2283\" src=\"https:\/\/www.torrevado.info\/news\/wp-content\/uploads\/2018\/10\/santa-maria-di-leuca-del-belvedere-vicino-torre-vado.jpg\" alt=\"santa maria di leuca del belvedere vicino torre vado\" class=\"wp-image-2283\" srcset=\"https:\/\/www.torrevado.info\/news\/wp-content\/uploads\/2018\/10\/santa-maria-di-leuca-del-belvedere-vicino-torre-vado.jpg 887w, https:\/\/www.torrevado.info\/news\/wp-content\/uploads\/2018\/10\/santa-maria-di-leuca-del-belvedere-vicino-torre-vado-300x199.jpg 300w, https:\/\/www.torrevado.info\/news\/wp-content\/uploads\/2018\/10\/santa-maria-di-leuca-del-belvedere-vicino-torre-vado-768x509.jpg 768w\" sizes=\"auto, (max-width: 887px) 100vw, 887px\" \/><\/a><\/figure>\n\n\n\n<figure class=\"wp-block-image size-large\"><a href=\"https:\/\/www.torrevado.info\/news\/wp-content\/uploads\/2018\/10\/santa-maria-di-leuca-belvedere-barbarano.jpg\" data-rel=\"lightbox-gallery-sWeDcZ2U\" data-rl_title=\"santa maria di leuca belvedere barbarano Puglia\" data-rl_caption=\"\" title=\"santa maria di leuca belvedere barbarano Puglia\"><img loading=\"lazy\" decoding=\"async\" width=\"887\" height=\"588\" data-id=\"2281\" src=\"https:\/\/www.torrevado.info\/news\/wp-content\/uploads\/2018\/10\/santa-maria-di-leuca-belvedere-barbarano.jpg\" alt=\"santa maria di leuca belvedere barbarano Puglia\" class=\"wp-image-2281\" srcset=\"https:\/\/www.torrevado.info\/news\/wp-content\/uploads\/2018\/10\/santa-maria-di-leuca-belvedere-barbarano.jpg 887w, https:\/\/www.torrevado.info\/news\/wp-content\/uploads\/2018\/10\/santa-maria-di-leuca-belvedere-barbarano-300x199.jpg 300w, https:\/\/www.torrevado.info\/news\/wp-content\/uploads\/2018\/10\/santa-maria-di-leuca-belvedere-barbarano-768x509.jpg 768w\" sizes=\"auto, (max-width: 887px) 100vw, 887px\" \/><\/a><\/figure>\n\n\n\n<figure class=\"wp-block-image size-large\"><a href=\"https:\/\/www.torrevado.info\/news\/wp-content\/uploads\/2018\/10\/complesso-monumentale-leuca-piccola.jpg\" data-rel=\"lightbox-gallery-sWeDcZ2U\" data-rl_title=\"complesso monumentale leuca piccola\" data-rl_caption=\"\" title=\"complesso monumentale leuca piccola\"><img loading=\"lazy\" decoding=\"async\" width=\"887\" height=\"588\" data-id=\"2247\" src=\"https:\/\/www.torrevado.info\/news\/wp-content\/uploads\/2018\/10\/complesso-monumentale-leuca-piccola.jpg\" alt=\"complesso monumentale leuca piccola\" class=\"wp-image-2247\" srcset=\"https:\/\/www.torrevado.info\/news\/wp-content\/uploads\/2018\/10\/complesso-monumentale-leuca-piccola.jpg 887w, https:\/\/www.torrevado.info\/news\/wp-content\/uploads\/2018\/10\/complesso-monumentale-leuca-piccola-300x199.jpg 300w, https:\/\/www.torrevado.info\/news\/wp-content\/uploads\/2018\/10\/complesso-monumentale-leuca-piccola-768x509.jpg 768w\" sizes=\"auto, (max-width: 887px) 100vw, 887px\" \/><\/a><\/figure>\n\n\n\n<figure class=\"wp-block-image size-large\"><a href=\"https:\/\/www.torrevado.info\/news\/wp-content\/uploads\/2018\/10\/pronao-leuca-piccola.jpg\" data-rel=\"lightbox-gallery-sWeDcZ2U\" data-rl_title=\"pronao leuca piccola\" data-rl_caption=\"\" title=\"pronao leuca piccola\"><img loading=\"lazy\" decoding=\"async\" width=\"588\" height=\"887\" data-id=\"2276\" src=\"https:\/\/www.torrevado.info\/news\/wp-content\/uploads\/2018\/10\/pronao-leuca-piccola.jpg\" alt=\"pronao leuca piccola\" class=\"wp-image-2276\" srcset=\"https:\/\/www.torrevado.info\/news\/wp-content\/uploads\/2018\/10\/pronao-leuca-piccola.jpg 588w, https:\/\/www.torrevado.info\/news\/wp-content\/uploads\/2018\/10\/pronao-leuca-piccola-199x300.jpg 199w\" sizes=\"auto, (max-width: 588px) 100vw, 588px\" \/><\/a><\/figure>\n\n\n\n<figure class=\"wp-block-image size-large\"><a href=\"https:\/\/www.torrevado.info\/news\/wp-content\/uploads\/2018\/10\/piazza-leuca-piccola.jpg\" data-rel=\"lightbox-gallery-sWeDcZ2U\" data-rl_title=\"piazza leuca piccola in Puglia\" data-rl_caption=\"\" title=\"piazza leuca piccola in Puglia\"><img loading=\"lazy\" decoding=\"async\" width=\"887\" height=\"588\" data-id=\"2270\" src=\"https:\/\/www.torrevado.info\/news\/wp-content\/uploads\/2018\/10\/piazza-leuca-piccola.jpg\" alt=\"piazza leuca piccola in Puglia\" class=\"wp-image-2270\" srcset=\"https:\/\/www.torrevado.info\/news\/wp-content\/uploads\/2018\/10\/piazza-leuca-piccola.jpg 887w, https:\/\/www.torrevado.info\/news\/wp-content\/uploads\/2018\/10\/piazza-leuca-piccola-300x199.jpg 300w, https:\/\/www.torrevado.info\/news\/wp-content\/uploads\/2018\/10\/piazza-leuca-piccola-768x509.jpg 768w\" sizes=\"auto, (max-width: 887px) 100vw, 887px\" \/><\/a><\/figure>\n\n\n\n<figure class=\"wp-block-image size-large\"><a href=\"https:\/\/www.torrevado.info\/news\/wp-content\/uploads\/2018\/10\/esterno-leuca-piccola-barbarano.jpg\" data-rel=\"lightbox-gallery-sWeDcZ2U\" data-rl_title=\"esterno leuca piccola barbarano\" data-rl_caption=\"\" title=\"esterno leuca piccola barbarano\"><img loading=\"lazy\" decoding=\"async\" width=\"887\" height=\"588\" data-id=\"2251\" src=\"https:\/\/www.torrevado.info\/news\/wp-content\/uploads\/2018\/10\/esterno-leuca-piccola-barbarano.jpg\" alt=\"esterno leuca piccola barbarano\" class=\"wp-image-2251\" srcset=\"https:\/\/www.torrevado.info\/news\/wp-content\/uploads\/2018\/10\/esterno-leuca-piccola-barbarano.jpg 887w, https:\/\/www.torrevado.info\/news\/wp-content\/uploads\/2018\/10\/esterno-leuca-piccola-barbarano-300x199.jpg 300w, https:\/\/www.torrevado.info\/news\/wp-content\/uploads\/2018\/10\/esterno-leuca-piccola-barbarano-768x509.jpg 768w\" sizes=\"auto, (max-width: 887px) 100vw, 887px\" \/><\/a><\/figure>\n\n\n\n<figure class=\"wp-block-image size-large\"><a href=\"https:\/\/www.torrevado.info\/news\/wp-content\/uploads\/2018\/10\/abbeveratoio-antico-salento-barbarano.jpg\" data-rel=\"lightbox-gallery-sWeDcZ2U\" data-rl_title=\"abbeveratoio antico salento barbarano\" data-rl_caption=\"\" title=\"abbeveratoio antico salento barbarano\"><img loading=\"lazy\" decoding=\"async\" width=\"588\" height=\"887\" data-id=\"2229\" src=\"https:\/\/www.torrevado.info\/news\/wp-content\/uploads\/2018\/10\/abbeveratoio-antico-salento-barbarano.jpg\" alt=\"abbeveratoio antico salento barbarano\" class=\"wp-image-2229\" srcset=\"https:\/\/www.torrevado.info\/news\/wp-content\/uploads\/2018\/10\/abbeveratoio-antico-salento-barbarano.jpg 588w, https:\/\/www.torrevado.info\/news\/wp-content\/uploads\/2018\/10\/abbeveratoio-antico-salento-barbarano-199x300.jpg 199w\" sizes=\"auto, (max-width: 588px) 100vw, 588px\" \/><\/a><\/figure>\n\n\n\n<figure class=\"wp-block-image size-large\"><a href=\"https:\/\/www.torrevado.info\/news\/wp-content\/uploads\/2018\/10\/leuca-piccola-barbarano-salento.jpg\" data-rel=\"lightbox-gallery-sWeDcZ2U\" data-rl_title=\"leuca piccola barbarano salento\" data-rl_caption=\"\" title=\"leuca piccola barbarano salento\"><img loading=\"lazy\" decoding=\"async\" width=\"887\" height=\"588\" data-id=\"2264\" src=\"https:\/\/www.torrevado.info\/news\/wp-content\/uploads\/2018\/10\/leuca-piccola-barbarano-salento.jpg\" alt=\"leuca piccola barbarano salento\" class=\"wp-image-2264\" srcset=\"https:\/\/www.torrevado.info\/news\/wp-content\/uploads\/2018\/10\/leuca-piccola-barbarano-salento.jpg 887w, https:\/\/www.torrevado.info\/news\/wp-content\/uploads\/2018\/10\/leuca-piccola-barbarano-salento-300x199.jpg 300w, https:\/\/www.torrevado.info\/news\/wp-content\/uploads\/2018\/10\/leuca-piccola-barbarano-salento-768x509.jpg 768w\" sizes=\"auto, (max-width: 887px) 100vw, 887px\" \/><\/a><\/figure>\n\n\n\n<figure class=\"wp-block-image size-large\"><a href=\"https:\/\/www.torrevado.info\/news\/wp-content\/uploads\/2018\/10\/santa-maria-di-leuca-del-belvedere-salento.jpg\" data-rel=\"lightbox-gallery-sWeDcZ2U\" data-rl_title=\"santa maria di leuca del belvedere salento\" data-rl_caption=\"\" title=\"santa maria di leuca del belvedere salento\"><img loading=\"lazy\" decoding=\"async\" width=\"588\" height=\"887\" data-id=\"2282\" src=\"https:\/\/www.torrevado.info\/news\/wp-content\/uploads\/2018\/10\/santa-maria-di-leuca-del-belvedere-salento.jpg\" alt=\"santa maria di leuca del belvedere salento\" class=\"wp-image-2282\" srcset=\"https:\/\/www.torrevado.info\/news\/wp-content\/uploads\/2018\/10\/santa-maria-di-leuca-del-belvedere-salento.jpg 588w, https:\/\/www.torrevado.info\/news\/wp-content\/uploads\/2018\/10\/santa-maria-di-leuca-del-belvedere-salento-199x300.jpg 199w\" sizes=\"auto, (max-width: 588px) 100vw, 588px\" \/><\/a><\/figure>\n\n\n\n<figure class=\"wp-block-image size-large\"><a href=\"https:\/\/www.torrevado.info\/news\/wp-content\/uploads\/2018\/10\/esterno-leuca-piccola.jpg\" data-rel=\"lightbox-gallery-sWeDcZ2U\" data-rl_title=\"esterno leuca piccola\" data-rl_caption=\"\" title=\"esterno leuca piccola\"><img loading=\"lazy\" decoding=\"async\" width=\"887\" height=\"588\" data-id=\"2250\" src=\"https:\/\/www.torrevado.info\/news\/wp-content\/uploads\/2018\/10\/esterno-leuca-piccola.jpg\" alt=\"esterno leuca piccola\" class=\"wp-image-2250\" srcset=\"https:\/\/www.torrevado.info\/news\/wp-content\/uploads\/2018\/10\/esterno-leuca-piccola.jpg 887w, https:\/\/www.torrevado.info\/news\/wp-content\/uploads\/2018\/10\/esterno-leuca-piccola-300x199.jpg 300w, https:\/\/www.torrevado.info\/news\/wp-content\/uploads\/2018\/10\/esterno-leuca-piccola-768x509.jpg 768w\" sizes=\"auto, (max-width: 887px) 100vw, 887px\" \/><\/a><\/figure>\n\n\n\n<figure class=\"wp-block-image size-large\"><a href=\"https:\/\/www.torrevado.info\/news\/wp-content\/uploads\/2018\/10\/ingresso-monumentale-mercato-leuca-piccola.jpg\" data-rel=\"lightbox-gallery-sWeDcZ2U\" data-rl_title=\"ingresso monumentale mercato leuca piccola\" data-rl_caption=\"\" title=\"ingresso monumentale mercato leuca piccola\"><img loading=\"lazy\" decoding=\"async\" width=\"588\" height=\"887\" data-id=\"2260\" src=\"https:\/\/www.torrevado.info\/news\/wp-content\/uploads\/2018\/10\/ingresso-monumentale-mercato-leuca-piccola.jpg\" alt=\"ingresso monumentale mercato leuca piccola\" class=\"wp-image-2260\" srcset=\"https:\/\/www.torrevado.info\/news\/wp-content\/uploads\/2018\/10\/ingresso-monumentale-mercato-leuca-piccola.jpg 588w, https:\/\/www.torrevado.info\/news\/wp-content\/uploads\/2018\/10\/ingresso-monumentale-mercato-leuca-piccola-199x300.jpg 199w\" sizes=\"auto, (max-width: 588px) 100vw, 588px\" \/><\/a><\/figure>\n\n\n\n<figure class=\"wp-block-image size-large\"><a href=\"https:\/\/www.torrevado.info\/news\/wp-content\/uploads\/2018\/10\/via-leucadense-francigena-vicino-torre-vado.jpg\" data-rel=\"lightbox-gallery-sWeDcZ2U\" data-rl_title=\"via leucadense francigena vicino torre-vado\" data-rl_caption=\"\" title=\"via leucadense francigena vicino torre-vado\"><img loading=\"lazy\" decoding=\"async\" width=\"588\" height=\"887\" data-id=\"2295\" src=\"https:\/\/www.torrevado.info\/news\/wp-content\/uploads\/2018\/10\/via-leucadense-francigena-vicino-torre-vado.jpg\" alt=\"via leucadense francigena vicino torre-vado\" class=\"wp-image-2295\" srcset=\"https:\/\/www.torrevado.info\/news\/wp-content\/uploads\/2018\/10\/via-leucadense-francigena-vicino-torre-vado.jpg 588w, https:\/\/www.torrevado.info\/news\/wp-content\/uploads\/2018\/10\/via-leucadense-francigena-vicino-torre-vado-199x300.jpg 199w\" sizes=\"auto, (max-width: 588px) 100vw, 588px\" \/><\/a><\/figure>\n\n\n\n<figure class=\"wp-block-image size-large\"><a href=\"https:\/\/www.torrevado.info\/news\/wp-content\/uploads\/2018\/10\/arcate-leuca-piccola-vicino-torre-vado.jpg\" data-rel=\"lightbox-gallery-sWeDcZ2U\" data-rl_title=\"arcate leuca piccola vicino torre vado\" data-rl_caption=\"\" title=\"arcate leuca piccola vicino torre vado\"><img loading=\"lazy\" decoding=\"async\" width=\"887\" height=\"588\" data-id=\"2238\" src=\"https:\/\/www.torrevado.info\/news\/wp-content\/uploads\/2018\/10\/arcate-leuca-piccola-vicino-torre-vado.jpg\" alt=\"arcate leuca piccola vicino torre vado\" class=\"wp-image-2238\" srcset=\"https:\/\/www.torrevado.info\/news\/wp-content\/uploads\/2018\/10\/arcate-leuca-piccola-vicino-torre-vado.jpg 887w, https:\/\/www.torrevado.info\/news\/wp-content\/uploads\/2018\/10\/arcate-leuca-piccola-vicino-torre-vado-300x199.jpg 300w, https:\/\/www.torrevado.info\/news\/wp-content\/uploads\/2018\/10\/arcate-leuca-piccola-vicino-torre-vado-768x509.jpg 768w\" sizes=\"auto, (max-width: 887px) 100vw, 887px\" \/><\/a><\/figure>\n\n\n\n<figure class=\"wp-block-image size-large\"><a href=\"https:\/\/www.torrevado.info\/news\/wp-content\/uploads\/2018\/10\/incisioni-antiche-leuca-piccola-salento.jpg\" data-rel=\"lightbox-gallery-sWeDcZ2U\" data-rl_title=\"incisioni antiche leuca piccola salento\" data-rl_caption=\"\" title=\"incisioni antiche leuca piccola salento\"><img loading=\"lazy\" decoding=\"async\" width=\"588\" height=\"887\" data-id=\"2258\" src=\"https:\/\/www.torrevado.info\/news\/wp-content\/uploads\/2018\/10\/incisioni-antiche-leuca-piccola-salento.jpg\" alt=\"incisioni antiche leuca piccola salento\" class=\"wp-image-2258\" srcset=\"https:\/\/www.torrevado.info\/news\/wp-content\/uploads\/2018\/10\/incisioni-antiche-leuca-piccola-salento.jpg 588w, https:\/\/www.torrevado.info\/news\/wp-content\/uploads\/2018\/10\/incisioni-antiche-leuca-piccola-salento-199x300.jpg 199w\" sizes=\"auto, (max-width: 588px) 100vw, 588px\" \/><\/a><\/figure>\n\n\n\n<figure class=\"wp-block-image size-large\"><a href=\"https:\/\/www.torrevado.info\/news\/wp-content\/uploads\/2018\/10\/arcate-seicentesche-leuca-piccola-morciano-di-leuca.jpg\" data-rel=\"lightbox-gallery-sWeDcZ2U\" data-rl_title=\"arcate seicentesche leuca piccola morciano di leuca\" data-rl_caption=\"\" title=\"arcate seicentesche leuca piccola morciano di leuca\"><img loading=\"lazy\" decoding=\"async\" width=\"887\" height=\"588\" data-id=\"2239\" src=\"https:\/\/www.torrevado.info\/news\/wp-content\/uploads\/2018\/10\/arcate-seicentesche-leuca-piccola-morciano-di-leuca.jpg\" alt=\"arcate seicentesche leuca piccola morciano di leuca\" class=\"wp-image-2239\" srcset=\"https:\/\/www.torrevado.info\/news\/wp-content\/uploads\/2018\/10\/arcate-seicentesche-leuca-piccola-morciano-di-leuca.jpg 887w, https:\/\/www.torrevado.info\/news\/wp-content\/uploads\/2018\/10\/arcate-seicentesche-leuca-piccola-morciano-di-leuca-300x199.jpg 300w, https:\/\/www.torrevado.info\/news\/wp-content\/uploads\/2018\/10\/arcate-seicentesche-leuca-piccola-morciano-di-leuca-768x509.jpg 768w\" sizes=\"auto, (max-width: 887px) 100vw, 887px\" \/><\/a><\/figure>\n\n\n\n<figure class=\"wp-block-image size-large\"><a href=\"https:\/\/www.torrevado.info\/news\/wp-content\/uploads\/2018\/10\/antico-maniscalco-salento-leuca-piccola.jpg\" data-rel=\"lightbox-gallery-sWeDcZ2U\" data-rl_title=\"antico maniscalco salento leuca piccola\" data-rl_caption=\"\" title=\"antico maniscalco salento leuca piccola\"><img loading=\"lazy\" decoding=\"async\" width=\"887\" height=\"588\" data-id=\"2236\" src=\"https:\/\/www.torrevado.info\/news\/wp-content\/uploads\/2018\/10\/antico-maniscalco-salento-leuca-piccola.jpg\" alt=\"antico maniscalco salento leuca piccola\" class=\"wp-image-2236\" srcset=\"https:\/\/www.torrevado.info\/news\/wp-content\/uploads\/2018\/10\/antico-maniscalco-salento-leuca-piccola.jpg 887w, https:\/\/www.torrevado.info\/news\/wp-content\/uploads\/2018\/10\/antico-maniscalco-salento-leuca-piccola-300x199.jpg 300w, https:\/\/www.torrevado.info\/news\/wp-content\/uploads\/2018\/10\/antico-maniscalco-salento-leuca-piccola-768x509.jpg 768w\" sizes=\"auto, (max-width: 887px) 100vw, 887px\" \/><\/a><\/figure>\n\n\n\n<figure class=\"wp-block-image size-large\"><a href=\"https:\/\/www.torrevado.info\/news\/wp-content\/uploads\/2018\/10\/ingresso-chiesa-santa-maria-di-leuca-belvedere.jpg\" data-rel=\"lightbox-gallery-sWeDcZ2U\" data-rl_title=\"ingresso chiesa santa maria di Leuca belvedere\" data-rl_caption=\"\" title=\"ingresso chiesa santa maria di Leuca belvedere\"><img loading=\"lazy\" decoding=\"async\" width=\"588\" height=\"887\" data-id=\"2259\" src=\"https:\/\/www.torrevado.info\/news\/wp-content\/uploads\/2018\/10\/ingresso-chiesa-santa-maria-di-leuca-belvedere.jpg\" alt=\"ingresso chiesa santa maria di Leuca belvedere\" class=\"wp-image-2259\" srcset=\"https:\/\/www.torrevado.info\/news\/wp-content\/uploads\/2018\/10\/ingresso-chiesa-santa-maria-di-leuca-belvedere.jpg 588w, https:\/\/www.torrevado.info\/news\/wp-content\/uploads\/2018\/10\/ingresso-chiesa-santa-maria-di-leuca-belvedere-199x300.jpg 199w\" sizes=\"auto, (max-width: 588px) 100vw, 588px\" \/><\/a><\/figure>\n\n\n\n<figure class=\"wp-block-image size-large\"><a href=\"https:\/\/www.torrevado.info\/news\/wp-content\/uploads\/2018\/10\/stemma-capece-leuca-piccola.jpg\" data-rel=\"lightbox-gallery-sWeDcZ2U\" data-rl_title=\"stemma capece leuca piccola\" data-rl_caption=\"\" title=\"stemma capece leuca piccola\"><img loading=\"lazy\" decoding=\"async\" width=\"887\" height=\"588\" data-id=\"2290\" src=\"https:\/\/www.torrevado.info\/news\/wp-content\/uploads\/2018\/10\/stemma-capece-leuca-piccola.jpg\" alt=\"stemma capece leuca piccola\" class=\"wp-image-2290\" srcset=\"https:\/\/www.torrevado.info\/news\/wp-content\/uploads\/2018\/10\/stemma-capece-leuca-piccola.jpg 887w, https:\/\/www.torrevado.info\/news\/wp-content\/uploads\/2018\/10\/stemma-capece-leuca-piccola-300x199.jpg 300w, https:\/\/www.torrevado.info\/news\/wp-content\/uploads\/2018\/10\/stemma-capece-leuca-piccola-768x509.jpg 768w\" sizes=\"auto, (max-width: 887px) 100vw, 887px\" \/><\/a><\/figure>\n\n\n\n<figure class=\"wp-block-image size-large\"><a href=\"https:\/\/www.torrevado.info\/news\/wp-content\/uploads\/2018\/10\/chiesetta-leuca-piccola-interni.jpg\" data-rel=\"lightbox-gallery-sWeDcZ2U\" data-rl_title=\"chiesetta leuca piccola interni\" data-rl_caption=\"\" title=\"chiesetta leuca piccola interni\"><img loading=\"lazy\" decoding=\"async\" width=\"588\" height=\"887\" data-id=\"2246\" src=\"https:\/\/www.torrevado.info\/news\/wp-content\/uploads\/2018\/10\/chiesetta-leuca-piccola-interni.jpg\" alt=\"chiesetta leuca piccola interni\" class=\"wp-image-2246\" srcset=\"https:\/\/www.torrevado.info\/news\/wp-content\/uploads\/2018\/10\/chiesetta-leuca-piccola-interni.jpg 588w, https:\/\/www.torrevado.info\/news\/wp-content\/uploads\/2018\/10\/chiesetta-leuca-piccola-interni-199x300.jpg 199w\" sizes=\"auto, (max-width: 588px) 100vw, 588px\" \/><\/a><\/figure>\n\n\n\n<figure class=\"wp-block-image size-large\"><a href=\"https:\/\/www.torrevado.info\/news\/wp-content\/uploads\/2018\/10\/interno-chiesa-leuca-piccola-particolare.jpg\" data-rel=\"lightbox-gallery-sWeDcZ2U\" data-rl_title=\"interno chiesa leuca piccola particolare\" data-rl_caption=\"\" title=\"interno chiesa leuca piccola particolare\"><img loading=\"lazy\" decoding=\"async\" width=\"588\" height=\"887\" data-id=\"2261\" src=\"https:\/\/www.torrevado.info\/news\/wp-content\/uploads\/2018\/10\/interno-chiesa-leuca-piccola-particolare.jpg\" alt=\"interno chiesa leuca piccola particolare\" class=\"wp-image-2261\" srcset=\"https:\/\/www.torrevado.info\/news\/wp-content\/uploads\/2018\/10\/interno-chiesa-leuca-piccola-particolare.jpg 588w, https:\/\/www.torrevado.info\/news\/wp-content\/uploads\/2018\/10\/interno-chiesa-leuca-piccola-particolare-199x300.jpg 199w\" sizes=\"auto, (max-width: 588px) 100vw, 588px\" \/><\/a><\/figure>\n\n\n\n<figure class=\"wp-block-image size-large\"><a href=\"https:\/\/www.torrevado.info\/news\/wp-content\/uploads\/2018\/10\/chiesa-leuca-piccola-barbarano.jpg\" data-rel=\"lightbox-gallery-sWeDcZ2U\" data-rl_title=\"Interno chiesa leuca piccola barbarano\" data-rl_caption=\"\" title=\"Interno chiesa leuca piccola barbarano\"><img loading=\"lazy\" decoding=\"async\" width=\"588\" height=\"887\" data-id=\"2245\" src=\"https:\/\/www.torrevado.info\/news\/wp-content\/uploads\/2018\/10\/chiesa-leuca-piccola-barbarano.jpg\" alt=\"Interno chiesa leuca piccola barbarano\" class=\"wp-image-2245\" srcset=\"https:\/\/www.torrevado.info\/news\/wp-content\/uploads\/2018\/10\/chiesa-leuca-piccola-barbarano.jpg 588w, https:\/\/www.torrevado.info\/news\/wp-content\/uploads\/2018\/10\/chiesa-leuca-piccola-barbarano-199x300.jpg 199w\" sizes=\"auto, (max-width: 588px) 100vw, 588px\" \/><\/a><\/figure>\n\n\n\n<figure class=\"wp-block-image size-large\"><a href=\"https:\/\/www.torrevado.info\/news\/wp-content\/uploads\/2018\/10\/antico-capitello-leuca-piccola.jpg\" data-rel=\"lightbox-gallery-sWeDcZ2U\" data-rl_title=\"antico capitello leuca piccola\" data-rl_caption=\"\" title=\"antico capitello leuca piccola\"><img loading=\"lazy\" decoding=\"async\" width=\"588\" height=\"887\" data-id=\"2234\" src=\"https:\/\/www.torrevado.info\/news\/wp-content\/uploads\/2018\/10\/antico-capitello-leuca-piccola.jpg\" alt=\"antico capitello leuca piccola\" class=\"wp-image-2234\" srcset=\"https:\/\/www.torrevado.info\/news\/wp-content\/uploads\/2018\/10\/antico-capitello-leuca-piccola.jpg 588w, https:\/\/www.torrevado.info\/news\/wp-content\/uploads\/2018\/10\/antico-capitello-leuca-piccola-199x300.jpg 199w\" sizes=\"auto, (max-width: 588px) 100vw, 588px\" \/><\/a><\/figure>\n\n\n\n<figure class=\"wp-block-image size-large\"><a href=\"https:\/\/www.torrevado.info\/news\/wp-content\/uploads\/2018\/10\/acquasantiera-leuca-piccola.jpg\" data-rel=\"lightbox-gallery-sWeDcZ2U\" data-rl_title=\"acquasantiera leuca piccola\" data-rl_caption=\"\" title=\"acquasantiera leuca piccola\"><img loading=\"lazy\" decoding=\"async\" width=\"887\" height=\"588\" data-id=\"2231\" src=\"https:\/\/www.torrevado.info\/news\/wp-content\/uploads\/2018\/10\/acquasantiera-leuca-piccola.jpg\" alt=\"acquasantiera leuca piccola\" class=\"wp-image-2231\" srcset=\"https:\/\/www.torrevado.info\/news\/wp-content\/uploads\/2018\/10\/acquasantiera-leuca-piccola.jpg 887w, https:\/\/www.torrevado.info\/news\/wp-content\/uploads\/2018\/10\/acquasantiera-leuca-piccola-300x199.jpg 300w, https:\/\/www.torrevado.info\/news\/wp-content\/uploads\/2018\/10\/acquasantiera-leuca-piccola-768x509.jpg 768w\" sizes=\"auto, (max-width: 887px) 100vw, 887px\" \/><\/a><\/figure>\n\n\n\n<figure class=\"wp-block-image size-large\"><a href=\"https:\/\/www.torrevado.info\/news\/wp-content\/uploads\/2018\/10\/chiesa-leuca-piccola-affreschi.jpg\" data-rel=\"lightbox-gallery-sWeDcZ2U\" data-rl_title=\"Interno chiesa leuca piccola affreschi\" data-rl_caption=\"\" title=\"Interno chiesa leuca piccola affreschi\"><img loading=\"lazy\" decoding=\"async\" width=\"887\" height=\"588\" data-id=\"2244\" src=\"https:\/\/www.torrevado.info\/news\/wp-content\/uploads\/2018\/10\/chiesa-leuca-piccola-affreschi.jpg\" alt=\"Interno chiesa leuca piccola affreschi\" class=\"wp-image-2244\" srcset=\"https:\/\/www.torrevado.info\/news\/wp-content\/uploads\/2018\/10\/chiesa-leuca-piccola-affreschi.jpg 887w, https:\/\/www.torrevado.info\/news\/wp-content\/uploads\/2018\/10\/chiesa-leuca-piccola-affreschi-300x199.jpg 300w, https:\/\/www.torrevado.info\/news\/wp-content\/uploads\/2018\/10\/chiesa-leuca-piccola-affreschi-768x509.jpg 768w\" sizes=\"auto, (max-width: 887px) 100vw, 887px\" \/><\/a><\/figure>\n\n\n\n<figure class=\"wp-block-image size-large\"><a href=\"https:\/\/www.torrevado.info\/news\/wp-content\/uploads\/2018\/10\/san-gennaro-affresco-leuca-piccola-salento.jpg\" data-rel=\"lightbox-gallery-sWeDcZ2U\" data-rl_title=\"san gennaro affresco leuca piccola salento\" data-rl_caption=\"\" title=\"san gennaro affresco leuca piccola salento\"><img loading=\"lazy\" decoding=\"async\" width=\"588\" height=\"887\" data-id=\"2280\" src=\"https:\/\/www.torrevado.info\/news\/wp-content\/uploads\/2018\/10\/san-gennaro-affresco-leuca-piccola-salento.jpg\" alt=\"san gennaro affresco leuca piccola salento\" class=\"wp-image-2280\" srcset=\"https:\/\/www.torrevado.info\/news\/wp-content\/uploads\/2018\/10\/san-gennaro-affresco-leuca-piccola-salento.jpg 588w, https:\/\/www.torrevado.info\/news\/wp-content\/uploads\/2018\/10\/san-gennaro-affresco-leuca-piccola-salento-199x300.jpg 199w\" sizes=\"auto, (max-width: 588px) 100vw, 588px\" \/><\/a><\/figure>\n\n\n\n<figure class=\"wp-block-image size-large\"><a href=\"https:\/\/www.torrevado.info\/news\/wp-content\/uploads\/2018\/10\/leuca-piccola-affreschi-settecenteschi.jpg\" data-rel=\"lightbox-gallery-sWeDcZ2U\" data-rl_title=\"leuca piccola affreschi settecenteschi\" data-rl_caption=\"\" title=\"leuca piccola affreschi settecenteschi\"><img loading=\"lazy\" decoding=\"async\" width=\"887\" height=\"588\" data-id=\"2263\" src=\"https:\/\/www.torrevado.info\/news\/wp-content\/uploads\/2018\/10\/leuca-piccola-affreschi-settecenteschi.jpg\" alt=\"leuca piccola affreschi settecenteschi\" class=\"wp-image-2263\" srcset=\"https:\/\/www.torrevado.info\/news\/wp-content\/uploads\/2018\/10\/leuca-piccola-affreschi-settecenteschi.jpg 887w, https:\/\/www.torrevado.info\/news\/wp-content\/uploads\/2018\/10\/leuca-piccola-affreschi-settecenteschi-300x199.jpg 300w, https:\/\/www.torrevado.info\/news\/wp-content\/uploads\/2018\/10\/leuca-piccola-affreschi-settecenteschi-768x509.jpg 768w\" sizes=\"auto, (max-width: 887px) 100vw, 887px\" \/><\/a><\/figure>\n\n\n\n<figure class=\"wp-block-image size-large\"><a href=\"https:\/\/www.torrevado.info\/news\/wp-content\/uploads\/2018\/10\/affreschi-evangelisti-settecento-leuca-piccola-salento.jpg\" data-rel=\"lightbox-gallery-sWeDcZ2U\" data-rl_title=\"affreschi evangelisti settecento leuca piccola salento\" data-rl_caption=\"\" title=\"affreschi evangelisti settecento leuca piccola salento\"><img loading=\"lazy\" decoding=\"async\" width=\"887\" height=\"588\" data-id=\"2232\" src=\"https:\/\/www.torrevado.info\/news\/wp-content\/uploads\/2018\/10\/affreschi-evangelisti-settecento-leuca-piccola-salento.jpg\" alt=\"affreschi evangelisti settecento leuca piccola salento\" class=\"wp-image-2232\" srcset=\"https:\/\/www.torrevado.info\/news\/wp-content\/uploads\/2018\/10\/affreschi-evangelisti-settecento-leuca-piccola-salento.jpg 887w, https:\/\/www.torrevado.info\/news\/wp-content\/uploads\/2018\/10\/affreschi-evangelisti-settecento-leuca-piccola-salento-300x199.jpg 300w, https:\/\/www.torrevado.info\/news\/wp-content\/uploads\/2018\/10\/affreschi-evangelisti-settecento-leuca-piccola-salento-768x509.jpg 768w\" sizes=\"auto, (max-width: 887px) 100vw, 887px\" \/><\/a><\/figure>\n\n\n\n<figure class=\"wp-block-image size-large\"><a href=\"https:\/\/www.torrevado.info\/news\/wp-content\/uploads\/2018\/10\/particolare-sinopia-leuca-piccola.jpg\" data-rel=\"lightbox-gallery-sWeDcZ2U\" data-rl_title=\"particolare sinopia leuca piccola\" data-rl_caption=\"\" title=\"particolare sinopia leuca piccola\"><img loading=\"lazy\" decoding=\"async\" width=\"588\" height=\"887\" data-id=\"2269\" src=\"https:\/\/www.torrevado.info\/news\/wp-content\/uploads\/2018\/10\/particolare-sinopia-leuca-piccola.jpg\" alt=\"particolare sinopia leuca piccola\" class=\"wp-image-2269\" srcset=\"https:\/\/www.torrevado.info\/news\/wp-content\/uploads\/2018\/10\/particolare-sinopia-leuca-piccola.jpg 588w, https:\/\/www.torrevado.info\/news\/wp-content\/uploads\/2018\/10\/particolare-sinopia-leuca-piccola-199x300.jpg 199w\" sizes=\"auto, (max-width: 588px) 100vw, 588px\" \/><\/a><\/figure>\n\n\n\n<figure class=\"wp-block-image size-large\"><a href=\"https:\/\/www.torrevado.info\/news\/wp-content\/uploads\/2018\/10\/sinopia-affresco-madonna-di-leuca.jpg\" data-rel=\"lightbox-gallery-sWeDcZ2U\" data-rl_title=\"sinopia affresco madonna di leuca\" data-rl_caption=\"\" title=\"sinopia affresco madonna di leuca\"><img loading=\"lazy\" decoding=\"async\" width=\"588\" height=\"887\" data-id=\"2286\" src=\"https:\/\/www.torrevado.info\/news\/wp-content\/uploads\/2018\/10\/sinopia-affresco-madonna-di-leuca.jpg\" alt=\"sinopia affresco madonna di leuca\" class=\"wp-image-2286\" srcset=\"https:\/\/www.torrevado.info\/news\/wp-content\/uploads\/2018\/10\/sinopia-affresco-madonna-di-leuca.jpg 588w, https:\/\/www.torrevado.info\/news\/wp-content\/uploads\/2018\/10\/sinopia-affresco-madonna-di-leuca-199x300.jpg 199w\" sizes=\"auto, (max-width: 588px) 100vw, 588px\" \/><\/a><\/figure>\n\n\n\n<figure class=\"wp-block-image size-large\"><a href=\"https:\/\/www.torrevado.info\/news\/wp-content\/uploads\/2018\/10\/pietra-leccese-santa-maria-di-leuca-del-belvedere.jpg\" data-rel=\"lightbox-gallery-sWeDcZ2U\" data-rl_title=\"pietra leccese santa maria di leuca-del-belvedere\" data-rl_caption=\"\" title=\"pietra leccese santa maria di leuca-del-belvedere\"><img loading=\"lazy\" decoding=\"async\" width=\"887\" height=\"588\" data-id=\"2271\" src=\"https:\/\/www.torrevado.info\/news\/wp-content\/uploads\/2018\/10\/pietra-leccese-santa-maria-di-leuca-del-belvedere.jpg\" alt=\"pietra leccese santa maria di leuca-del-belvedere\" class=\"wp-image-2271\" srcset=\"https:\/\/www.torrevado.info\/news\/wp-content\/uploads\/2018\/10\/pietra-leccese-santa-maria-di-leuca-del-belvedere.jpg 887w, https:\/\/www.torrevado.info\/news\/wp-content\/uploads\/2018\/10\/pietra-leccese-santa-maria-di-leuca-del-belvedere-300x199.jpg 300w, https:\/\/www.torrevado.info\/news\/wp-content\/uploads\/2018\/10\/pietra-leccese-santa-maria-di-leuca-del-belvedere-768x509.jpg 768w\" sizes=\"auto, (max-width: 887px) 100vw, 887px\" \/><\/a><\/figure>\n\n\n\n<figure class=\"wp-block-image size-large\"><a href=\"https:\/\/www.torrevado.info\/news\/wp-content\/uploads\/2018\/10\/riproduzione-artistica-leuca-piccola.jpg\" data-rel=\"lightbox-gallery-sWeDcZ2U\" data-rl_title=\"riproduzione artistica leuca piccola\" data-rl_caption=\"\" title=\"riproduzione artistica leuca piccola\"><img loading=\"lazy\" decoding=\"async\" width=\"887\" height=\"588\" data-id=\"2279\" src=\"https:\/\/www.torrevado.info\/news\/wp-content\/uploads\/2018\/10\/riproduzione-artistica-leuca-piccola.jpg\" alt=\"riproduzione artistica leuca piccola\" class=\"wp-image-2279\" srcset=\"https:\/\/www.torrevado.info\/news\/wp-content\/uploads\/2018\/10\/riproduzione-artistica-leuca-piccola.jpg 887w, https:\/\/www.torrevado.info\/news\/wp-content\/uploads\/2018\/10\/riproduzione-artistica-leuca-piccola-300x199.jpg 300w, https:\/\/www.torrevado.info\/news\/wp-content\/uploads\/2018\/10\/riproduzione-artistica-leuca-piccola-768x509.jpg 768w\" sizes=\"auto, (max-width: 887px) 100vw, 887px\" \/><\/a><\/figure>\n\n\n\n<figure class=\"wp-block-image size-large\"><a href=\"https:\/\/www.torrevado.info\/news\/wp-content\/uploads\/2018\/10\/antico-carro-leuca-piccola-salento.jpg\" data-rel=\"lightbox-gallery-sWeDcZ2U\" data-rl_title=\"antico carro leuca piccola salento\" data-rl_caption=\"\" title=\"antico carro leuca piccola salento\"><img loading=\"lazy\" decoding=\"async\" width=\"588\" height=\"887\" data-id=\"2235\" src=\"https:\/\/www.torrevado.info\/news\/wp-content\/uploads\/2018\/10\/antico-carro-leuca-piccola-salento.jpg\" alt=\"antico carro leuca piccola salento\" class=\"wp-image-2235\" srcset=\"https:\/\/www.torrevado.info\/news\/wp-content\/uploads\/2018\/10\/antico-carro-leuca-piccola-salento.jpg 588w, https:\/\/www.torrevado.info\/news\/wp-content\/uploads\/2018\/10\/antico-carro-leuca-piccola-salento-199x300.jpg 199w\" sizes=\"auto, (max-width: 588px) 100vw, 588px\" \/><\/a><\/figure>\n\n\n\n<figure class=\"wp-block-image size-large\"><a href=\"https:\/\/www.torrevado.info\/news\/wp-content\/uploads\/2018\/10\/chiave-volta-in-carparo-leuca-piccola-nel-salento.jpg\" data-rel=\"lightbox-gallery-sWeDcZ2U\" data-rl_title=\"chiave volta in carparo leuca piccola nel salento\" data-rl_caption=\"\" title=\"chiave volta in carparo leuca piccola nel salento\"><img loading=\"lazy\" decoding=\"async\" width=\"887\" height=\"588\" data-id=\"2243\" src=\"https:\/\/www.torrevado.info\/news\/wp-content\/uploads\/2018\/10\/chiave-volta-in-carparo-leuca-piccola-nel-salento.jpg\" alt=\"chiave volta in carparo leuca piccola nel salento\" class=\"wp-image-2243\" srcset=\"https:\/\/www.torrevado.info\/news\/wp-content\/uploads\/2018\/10\/chiave-volta-in-carparo-leuca-piccola-nel-salento.jpg 887w, https:\/\/www.torrevado.info\/news\/wp-content\/uploads\/2018\/10\/chiave-volta-in-carparo-leuca-piccola-nel-salento-300x199.jpg 300w, https:\/\/www.torrevado.info\/news\/wp-content\/uploads\/2018\/10\/chiave-volta-in-carparo-leuca-piccola-nel-salento-768x509.jpg 768w\" sizes=\"auto, (max-width: 887px) 100vw, 887px\" \/><\/a><\/figure>\n\n\n\n<figure class=\"wp-block-image size-large\"><a href=\"https:\/\/www.torrevado.info\/news\/wp-content\/uploads\/2018\/10\/ricostruzione-storica-antico-mercato-salento.jpg\" data-rel=\"lightbox-gallery-sWeDcZ2U\" data-rl_title=\"ricostruzione storica antico mercato salento\" data-rl_caption=\"\" title=\"ricostruzione storica antico mercato salento\"><img loading=\"lazy\" decoding=\"async\" width=\"887\" height=\"588\" data-id=\"2277\" src=\"https:\/\/www.torrevado.info\/news\/wp-content\/uploads\/2018\/10\/ricostruzione-storica-antico-mercato-salento.jpg\" alt=\"ricostruzione storica antico mercato salento\" class=\"wp-image-2277\" srcset=\"https:\/\/www.torrevado.info\/news\/wp-content\/uploads\/2018\/10\/ricostruzione-storica-antico-mercato-salento.jpg 887w, https:\/\/www.torrevado.info\/news\/wp-content\/uploads\/2018\/10\/ricostruzione-storica-antico-mercato-salento-300x199.jpg 300w, https:\/\/www.torrevado.info\/news\/wp-content\/uploads\/2018\/10\/ricostruzione-storica-antico-mercato-salento-768x509.jpg 768w\" sizes=\"auto, (max-width: 887px) 100vw, 887px\" \/><\/a><\/figure>\n\n\n\n<figure class=\"wp-block-image size-large\"><a href=\"https:\/\/www.torrevado.info\/news\/wp-content\/uploads\/2018\/10\/antichi-mestieri-leuca-piccola-salento.jpg\" data-rel=\"lightbox-gallery-sWeDcZ2U\" data-rl_title=\"antichi mestieri leuca piccola salento\" data-rl_caption=\"\" title=\"antichi mestieri leuca piccola salento\"><img loading=\"lazy\" decoding=\"async\" width=\"887\" height=\"588\" data-id=\"2233\" src=\"https:\/\/www.torrevado.info\/news\/wp-content\/uploads\/2018\/10\/antichi-mestieri-leuca-piccola-salento.jpg\" alt=\"antichi mestieri leuca piccola salento\" class=\"wp-image-2233\" srcset=\"https:\/\/www.torrevado.info\/news\/wp-content\/uploads\/2018\/10\/antichi-mestieri-leuca-piccola-salento.jpg 887w, https:\/\/www.torrevado.info\/news\/wp-content\/uploads\/2018\/10\/antichi-mestieri-leuca-piccola-salento-300x199.jpg 300w, https:\/\/www.torrevado.info\/news\/wp-content\/uploads\/2018\/10\/antichi-mestieri-leuca-piccola-salento-768x509.jpg 768w\" sizes=\"auto, (max-width: 887px) 100vw, 887px\" \/><\/a><\/figure>\n\n\n\n<figure class=\"wp-block-image size-large\"><a href=\"https:\/\/www.torrevado.info\/news\/wp-content\/uploads\/2018\/10\/presepe-storico-leuca-piccola-salento.jpg\" data-rel=\"lightbox-gallery-sWeDcZ2U\" data-rl_title=\"presepe storico leuca piccola salento\" data-rl_caption=\"\" title=\"presepe storico leuca piccola salento\"><img loading=\"lazy\" decoding=\"async\" width=\"887\" height=\"588\" data-id=\"2275\" src=\"https:\/\/www.torrevado.info\/news\/wp-content\/uploads\/2018\/10\/presepe-storico-leuca-piccola-salento.jpg\" alt=\"presepe storico leuca piccola salento\" class=\"wp-image-2275\" srcset=\"https:\/\/www.torrevado.info\/news\/wp-content\/uploads\/2018\/10\/presepe-storico-leuca-piccola-salento.jpg 887w, https:\/\/www.torrevado.info\/news\/wp-content\/uploads\/2018\/10\/presepe-storico-leuca-piccola-salento-300x199.jpg 300w, https:\/\/www.torrevado.info\/news\/wp-content\/uploads\/2018\/10\/presepe-storico-leuca-piccola-salento-768x509.jpg 768w\" sizes=\"auto, (max-width: 887px) 100vw, 887px\" \/><\/a><\/figure>\n\n\n\n<figure class=\"wp-block-image size-large\"><a href=\"https:\/\/www.torrevado.info\/news\/wp-content\/uploads\/2018\/10\/scala-accesso-chiesa-leuca-piccola.jpg\" data-rel=\"lightbox-gallery-sWeDcZ2U\" data-rl_title=\"scala accesso chiesa leuca piccola\" data-rl_caption=\"\" title=\"scala accesso chiesa leuca piccola\"><img loading=\"lazy\" decoding=\"async\" width=\"588\" height=\"887\" data-id=\"2285\" src=\"https:\/\/www.torrevado.info\/news\/wp-content\/uploads\/2018\/10\/scala-accesso-chiesa-leuca-piccola.jpg\" alt=\"scala accesso chiesa leuca piccola\" class=\"wp-image-2285\" srcset=\"https:\/\/www.torrevado.info\/news\/wp-content\/uploads\/2018\/10\/scala-accesso-chiesa-leuca-piccola.jpg 588w, https:\/\/www.torrevado.info\/news\/wp-content\/uploads\/2018\/10\/scala-accesso-chiesa-leuca-piccola-199x300.jpg 199w\" sizes=\"auto, (max-width: 588px) 100vw, 588px\" \/><\/a><\/figure>\n\n\n\n<figure class=\"wp-block-image size-large\"><a href=\"https:\/\/www.torrevado.info\/news\/wp-content\/uploads\/2018\/10\/feritoia-chiesa-santa-maria-di-lcue.jpg\" data-rel=\"lightbox-gallery-sWeDcZ2U\" data-rl_title=\"feritoia chiesa santa maria di leuca\" data-rl_caption=\"\" title=\"feritoia chiesa santa maria di leuca\"><img loading=\"lazy\" decoding=\"async\" width=\"887\" height=\"588\" data-id=\"2255\" src=\"https:\/\/www.torrevado.info\/news\/wp-content\/uploads\/2018\/10\/feritoia-chiesa-santa-maria-di-lcue.jpg\" alt=\"feritoia chiesa santa maria di leuca\" class=\"wp-image-2255\" srcset=\"https:\/\/www.torrevado.info\/news\/wp-content\/uploads\/2018\/10\/feritoia-chiesa-santa-maria-di-lcue.jpg 887w, https:\/\/www.torrevado.info\/news\/wp-content\/uploads\/2018\/10\/feritoia-chiesa-santa-maria-di-lcue-300x199.jpg 300w, https:\/\/www.torrevado.info\/news\/wp-content\/uploads\/2018\/10\/feritoia-chiesa-santa-maria-di-lcue-768x509.jpg 768w\" sizes=\"auto, (max-width: 887px) 100vw, 887px\" \/><\/a><\/figure>\n\n\n\n<figure class=\"wp-block-image size-large\"><a href=\"https:\/\/www.torrevado.info\/news\/wp-content\/uploads\/2018\/10\/rifugio-dalle-incursioni-leuca-piccola-salento.jpg\" data-rel=\"lightbox-gallery-sWeDcZ2U\" data-rl_title=\"rifugio dalle incursioni leuca piccola salento\" data-rl_caption=\"\" title=\"rifugio dalle incursioni leuca piccola salento\"><img loading=\"lazy\" decoding=\"async\" width=\"887\" height=\"588\" data-id=\"2278\" src=\"https:\/\/www.torrevado.info\/news\/wp-content\/uploads\/2018\/10\/rifugio-dalle-incursioni-leuca-piccola-salento.jpg\" alt=\"rifugio dalle incursioni leuca piccola salento\" class=\"wp-image-2278\" srcset=\"https:\/\/www.torrevado.info\/news\/wp-content\/uploads\/2018\/10\/rifugio-dalle-incursioni-leuca-piccola-salento.jpg 887w, https:\/\/www.torrevado.info\/news\/wp-content\/uploads\/2018\/10\/rifugio-dalle-incursioni-leuca-piccola-salento-300x199.jpg 300w, https:\/\/www.torrevado.info\/news\/wp-content\/uploads\/2018\/10\/rifugio-dalle-incursioni-leuca-piccola-salento-768x509.jpg 768w\" sizes=\"auto, (max-width: 887px) 100vw, 887px\" \/><\/a><\/figure>\n\n\n\n<figure class=\"wp-block-image size-large\"><a href=\"https:\/\/www.torrevado.info\/news\/wp-content\/uploads\/2018\/10\/facciata-antica-chiesa-leuca-piccola.jpg\" data-rel=\"lightbox-gallery-sWeDcZ2U\" data-rl_title=\"facciata antica chiesa leuca piccola\" data-rl_caption=\"\" title=\"facciata antica chiesa leuca piccola\"><img loading=\"lazy\" decoding=\"async\" width=\"887\" height=\"588\" data-id=\"2253\" src=\"https:\/\/www.torrevado.info\/news\/wp-content\/uploads\/2018\/10\/facciata-antica-chiesa-leuca-piccola.jpg\" alt=\"facciata antica chiesa leuca piccola\" class=\"wp-image-2253\" srcset=\"https:\/\/www.torrevado.info\/news\/wp-content\/uploads\/2018\/10\/facciata-antica-chiesa-leuca-piccola.jpg 887w, https:\/\/www.torrevado.info\/news\/wp-content\/uploads\/2018\/10\/facciata-antica-chiesa-leuca-piccola-300x199.jpg 300w, https:\/\/www.torrevado.info\/news\/wp-content\/uploads\/2018\/10\/facciata-antica-chiesa-leuca-piccola-768x509.jpg 768w\" sizes=\"auto, (max-width: 887px) 100vw, 887px\" \/><\/a><\/figure>\n\n\n\n<figure class=\"wp-block-image size-large\"><a href=\"https:\/\/www.torrevado.info\/news\/wp-content\/uploads\/2018\/10\/veduta-campagna-salentina-leuca-piccola.jpg\" data-rel=\"lightbox-gallery-sWeDcZ2U\" data-rl_title=\"veduta campagna salentina leuca piccola\" data-rl_caption=\"\" title=\"veduta campagna salentina leuca piccola\"><img loading=\"lazy\" decoding=\"async\" width=\"887\" height=\"588\" data-id=\"2294\" src=\"https:\/\/www.torrevado.info\/news\/wp-content\/uploads\/2018\/10\/veduta-campagna-salentina-leuca-piccola.jpg\" alt=\"veduta campagna salentina leuca piccola\" class=\"wp-image-2294\" srcset=\"https:\/\/www.torrevado.info\/news\/wp-content\/uploads\/2018\/10\/veduta-campagna-salentina-leuca-piccola.jpg 887w, https:\/\/www.torrevado.info\/news\/wp-content\/uploads\/2018\/10\/veduta-campagna-salentina-leuca-piccola-300x199.jpg 300w, https:\/\/www.torrevado.info\/news\/wp-content\/uploads\/2018\/10\/veduta-campagna-salentina-leuca-piccola-768x509.jpg 768w\" sizes=\"auto, (max-width: 887px) 100vw, 887px\" \/><\/a><\/figure>\n\n\n\n<figure class=\"wp-block-image size-large\"><a href=\"https:\/\/www.torrevado.info\/news\/wp-content\/uploads\/2018\/10\/veduta-antico-terrazzo-leuca-piccola.jpg\" data-rel=\"lightbox-gallery-sWeDcZ2U\" data-rl_title=\"veduta antico terrazzo leuca piccola\" data-rl_caption=\"\" title=\"veduta antico terrazzo leuca piccola\"><img loading=\"lazy\" decoding=\"async\" width=\"887\" height=\"588\" data-id=\"2293\" src=\"https:\/\/www.torrevado.info\/news\/wp-content\/uploads\/2018\/10\/veduta-antico-terrazzo-leuca-piccola.jpg\" alt=\"veduta antico terrazzo leuca piccola\" class=\"wp-image-2293\" srcset=\"https:\/\/www.torrevado.info\/news\/wp-content\/uploads\/2018\/10\/veduta-antico-terrazzo-leuca-piccola.jpg 887w, https:\/\/www.torrevado.info\/news\/wp-content\/uploads\/2018\/10\/veduta-antico-terrazzo-leuca-piccola-300x199.jpg 300w, https:\/\/www.torrevado.info\/news\/wp-content\/uploads\/2018\/10\/veduta-antico-terrazzo-leuca-piccola-768x509.jpg 768w\" sizes=\"auto, (max-width: 887px) 100vw, 887px\" \/><\/a><\/figure>\n\n\n\n<figure class=\"wp-block-image size-large\"><a href=\"https:\/\/www.torrevado.info\/news\/wp-content\/uploads\/2018\/10\/campana-chiesa-leuca-piccola-salento.jpg\" data-rel=\"lightbox-gallery-sWeDcZ2U\" data-rl_title=\"campana chiesa leuca piccola salento\" data-rl_caption=\"\" title=\"campana chiesa leuca piccola salento\"><img loading=\"lazy\" decoding=\"async\" width=\"588\" height=\"887\" data-id=\"2241\" src=\"https:\/\/www.torrevado.info\/news\/wp-content\/uploads\/2018\/10\/campana-chiesa-leuca-piccola-salento.jpg\" alt=\"campana chiesa leuca piccola salento\" class=\"wp-image-2241\" srcset=\"https:\/\/www.torrevado.info\/news\/wp-content\/uploads\/2018\/10\/campana-chiesa-leuca-piccola-salento.jpg 588w, https:\/\/www.torrevado.info\/news\/wp-content\/uploads\/2018\/10\/campana-chiesa-leuca-piccola-salento-199x300.jpg 199w\" sizes=\"auto, (max-width: 588px) 100vw, 588px\" \/><\/a><\/figure>\n\n\n\n<figure class=\"wp-block-image size-large\"><a href=\"https:\/\/www.torrevado.info\/news\/wp-content\/uploads\/2018\/10\/tetto-chiesa-leuca-piccola-salento.jpg\" data-rel=\"lightbox-gallery-sWeDcZ2U\" data-rl_title=\"tetto in canne chiesa leuca piccola salento\" data-rl_caption=\"\" title=\"tetto in canne chiesa leuca piccola salento\"><img loading=\"lazy\" decoding=\"async\" width=\"887\" height=\"588\" data-id=\"2292\" src=\"https:\/\/www.torrevado.info\/news\/wp-content\/uploads\/2018\/10\/tetto-chiesa-leuca-piccola-salento.jpg\" alt=\"tetto in canne chiesa leuca piccola salento\" class=\"wp-image-2292\" srcset=\"https:\/\/www.torrevado.info\/news\/wp-content\/uploads\/2018\/10\/tetto-chiesa-leuca-piccola-salento.jpg 887w, https:\/\/www.torrevado.info\/news\/wp-content\/uploads\/2018\/10\/tetto-chiesa-leuca-piccola-salento-300x199.jpg 300w, https:\/\/www.torrevado.info\/news\/wp-content\/uploads\/2018\/10\/tetto-chiesa-leuca-piccola-salento-768x509.jpg 768w\" sizes=\"auto, (max-width: 887px) 100vw, 887px\" \/><\/a><\/figure>\n\n\n\n<figure class=\"wp-block-image size-large\"><a href=\"https:\/\/www.torrevado.info\/news\/wp-content\/uploads\/2018\/10\/grata-chiesa-cinquecentesca-leuca-piccola.jpg\" data-rel=\"lightbox-gallery-sWeDcZ2U\" data-rl_title=\"grata chiesa cinquecentesca leuca piccola\" data-rl_caption=\"\" title=\"grata chiesa cinquecentesca leuca piccola\"><img loading=\"lazy\" decoding=\"async\" width=\"588\" height=\"887\" data-id=\"2257\" src=\"https:\/\/www.torrevado.info\/news\/wp-content\/uploads\/2018\/10\/grata-chiesa-cinquecentesca-leuca-piccola.jpg\" alt=\"grata chiesa cinquecentesca leuca piccola\" class=\"wp-image-2257\" srcset=\"https:\/\/www.torrevado.info\/news\/wp-content\/uploads\/2018\/10\/grata-chiesa-cinquecentesca-leuca-piccola.jpg 588w, https:\/\/www.torrevado.info\/news\/wp-content\/uploads\/2018\/10\/grata-chiesa-cinquecentesca-leuca-piccola-199x300.jpg 199w\" sizes=\"auto, (max-width: 588px) 100vw, 588px\" \/><\/a><\/figure>\n\n\n\n<figure class=\"wp-block-image size-large\"><a href=\"https:\/\/www.torrevado.info\/news\/wp-content\/uploads\/2018\/10\/panoramica-santa-maria-di-leuca-del-belvedere.jpg\" data-rel=\"lightbox-gallery-sWeDcZ2U\" data-rl_title=\"panoramica santa maria di leuca del belvedere\" data-rl_caption=\"\" title=\"panoramica santa maria di leuca del belvedere\"><img loading=\"lazy\" decoding=\"async\" width=\"887\" height=\"588\" data-id=\"2267\" src=\"https:\/\/www.torrevado.info\/news\/wp-content\/uploads\/2018\/10\/panoramica-santa-maria-di-leuca-del-belvedere.jpg\" alt=\"panoramica santa maria di leuca del belvedere\" class=\"wp-image-2267\" srcset=\"https:\/\/www.torrevado.info\/news\/wp-content\/uploads\/2018\/10\/panoramica-santa-maria-di-leuca-del-belvedere.jpg 887w, https:\/\/www.torrevado.info\/news\/wp-content\/uploads\/2018\/10\/panoramica-santa-maria-di-leuca-del-belvedere-300x199.jpg 300w, https:\/\/www.torrevado.info\/news\/wp-content\/uploads\/2018\/10\/panoramica-santa-maria-di-leuca-del-belvedere-768x509.jpg 768w\" sizes=\"auto, (max-width: 887px) 100vw, 887px\" \/><\/a><\/figure>\n\n\n\n<figure class=\"wp-block-image size-large\"><a href=\"https:\/\/www.torrevado.info\/news\/wp-content\/uploads\/2018\/10\/tetto-a-cannizzo-chiesa-leuca-piccola.jpg\" data-rel=\"lightbox-gallery-sWeDcZ2U\" data-rl_title=\"tetto a cannizzo chiesa leuca piccola\" data-rl_caption=\"\" title=\"tetto a cannizzo chiesa leuca piccola\"><img loading=\"lazy\" decoding=\"async\" width=\"887\" height=\"588\" data-id=\"2291\" src=\"https:\/\/www.torrevado.info\/news\/wp-content\/uploads\/2018\/10\/tetto-a-cannizzo-chiesa-leuca-piccola.jpg\" alt=\"tetto a cannizzo chiesa leuca piccola\" class=\"wp-image-2291\" srcset=\"https:\/\/www.torrevado.info\/news\/wp-content\/uploads\/2018\/10\/tetto-a-cannizzo-chiesa-leuca-piccola.jpg 887w, https:\/\/www.torrevado.info\/news\/wp-content\/uploads\/2018\/10\/tetto-a-cannizzo-chiesa-leuca-piccola-300x199.jpg 300w, https:\/\/www.torrevado.info\/news\/wp-content\/uploads\/2018\/10\/tetto-a-cannizzo-chiesa-leuca-piccola-768x509.jpg 768w\" sizes=\"auto, (max-width: 887px) 100vw, 887px\" \/><\/a><\/figure>\n\n\n\n<figure class=\"wp-block-image size-large\"><a href=\"https:\/\/www.torrevado.info\/news\/wp-content\/uploads\/2018\/10\/campana-chiesa-santa-maria-di-leuca-belvedere.jpg\" data-rel=\"lightbox-gallery-sWeDcZ2U\" data-rl_title=\"campana chiesa santa maria di leuca belvedere\" data-rl_caption=\"\" title=\"campana chiesa santa maria di leuca belvedere\"><img loading=\"lazy\" decoding=\"async\" width=\"887\" height=\"588\" data-id=\"2242\" src=\"https:\/\/www.torrevado.info\/news\/wp-content\/uploads\/2018\/10\/campana-chiesa-santa-maria-di-leuca-belvedere.jpg\" alt=\"campana chiesa santa maria di leuca del belvedere\" class=\"wp-image-2242\" srcset=\"https:\/\/www.torrevado.info\/news\/wp-content\/uploads\/2018\/10\/campana-chiesa-santa-maria-di-leuca-belvedere.jpg 887w, https:\/\/www.torrevado.info\/news\/wp-content\/uploads\/2018\/10\/campana-chiesa-santa-maria-di-leuca-belvedere-300x199.jpg 300w, https:\/\/www.torrevado.info\/news\/wp-content\/uploads\/2018\/10\/campana-chiesa-santa-maria-di-leuca-belvedere-768x509.jpg 768w\" sizes=\"auto, (max-width: 887px) 100vw, 887px\" \/><\/a><\/figure>\n\n\n\n<figure class=\"wp-block-image size-large\"><a href=\"https:\/\/www.torrevado.info\/news\/wp-content\/uploads\/2018\/10\/feritoia-chiesa-fortificata-leuca-piccola.jpg\" data-rel=\"lightbox-gallery-sWeDcZ2U\" data-rl_title=\"feritoia chiesa fortificata leuca piccola\" data-rl_caption=\"\" title=\"feritoia chiesa fortificata leuca piccola\"><img loading=\"lazy\" decoding=\"async\" width=\"588\" height=\"887\" data-id=\"2254\" src=\"https:\/\/www.torrevado.info\/news\/wp-content\/uploads\/2018\/10\/feritoia-chiesa-fortificata-leuca-piccola.jpg\" alt=\"feritoia chiesa fortificata leuca piccola\" class=\"wp-image-2254\" srcset=\"https:\/\/www.torrevado.info\/news\/wp-content\/uploads\/2018\/10\/feritoia-chiesa-fortificata-leuca-piccola.jpg 588w, https:\/\/www.torrevado.info\/news\/wp-content\/uploads\/2018\/10\/feritoia-chiesa-fortificata-leuca-piccola-199x300.jpg 199w\" sizes=\"auto, (max-width: 588px) 100vw, 588px\" \/><\/a><\/figure>\n\n\n\n<figure class=\"wp-block-image size-large\"><a href=\"https:\/\/www.torrevado.info\/news\/wp-content\/uploads\/2018\/10\/pannello-informativo-leuca-piccola.jpg\" data-rel=\"lightbox-gallery-sWeDcZ2U\" data-rl_title=\"pannello informativo leuca piccola\" data-rl_caption=\"\" title=\"pannello informativo leuca piccola\"><img loading=\"lazy\" decoding=\"async\" width=\"887\" height=\"588\" data-id=\"2266\" src=\"https:\/\/www.torrevado.info\/news\/wp-content\/uploads\/2018\/10\/pannello-informativo-leuca-piccola.jpg\" alt=\"pannello informativo leuca piccola\" class=\"wp-image-2266\" srcset=\"https:\/\/www.torrevado.info\/news\/wp-content\/uploads\/2018\/10\/pannello-informativo-leuca-piccola.jpg 887w, https:\/\/www.torrevado.info\/news\/wp-content\/uploads\/2018\/10\/pannello-informativo-leuca-piccola-300x199.jpg 300w, https:\/\/www.torrevado.info\/news\/wp-content\/uploads\/2018\/10\/pannello-informativo-leuca-piccola-768x509.jpg 768w\" sizes=\"auto, (max-width: 887px) 100vw, 887px\" \/><\/a><\/figure>\n\n\n\n<figure class=\"wp-block-image size-large\"><a href=\"https:\/\/www.torrevado.info\/news\/wp-content\/uploads\/2018\/10\/grande-carrubo-leuca-piccola-salento.jpg\" data-rel=\"lightbox-gallery-sWeDcZ2U\" data-rl_title=\"grande carrubo leuca piccola salento\" data-rl_caption=\"\" title=\"grande carrubo leuca piccola salento\"><img loading=\"lazy\" decoding=\"async\" width=\"588\" height=\"887\" data-id=\"2256\" src=\"https:\/\/www.torrevado.info\/news\/wp-content\/uploads\/2018\/10\/grande-carrubo-leuca-piccola-salento.jpg\" alt=\"grande carrubo leuca piccola salento\" class=\"wp-image-2256\" srcset=\"https:\/\/www.torrevado.info\/news\/wp-content\/uploads\/2018\/10\/grande-carrubo-leuca-piccola-salento.jpg 588w, https:\/\/www.torrevado.info\/news\/wp-content\/uploads\/2018\/10\/grande-carrubo-leuca-piccola-salento-199x300.jpg 199w\" sizes=\"auto, (max-width: 588px) 100vw, 588px\" \/><\/a><\/figure>\n\n\n\n<figure class=\"wp-block-image size-large\"><a href=\"https:\/\/www.torrevado.info\/news\/wp-content\/uploads\/2018\/10\/esterno-leuca-piccola-carrubo-antico-vitigno.jpg\" data-rel=\"lightbox-gallery-sWeDcZ2U\" data-rl_title=\"esterno leuca piccola carrubo antico vitigno\" data-rl_caption=\"\" title=\"esterno leuca piccola carrubo antico vitigno\"><img loading=\"lazy\" decoding=\"async\" width=\"887\" height=\"588\" data-id=\"2252\" src=\"https:\/\/www.torrevado.info\/news\/wp-content\/uploads\/2018\/10\/esterno-leuca-piccola-carrubo-antico-vitigno.jpg\" alt=\"esterno leuca piccola carrubo antico vitigno\" class=\"wp-image-2252\" srcset=\"https:\/\/www.torrevado.info\/news\/wp-content\/uploads\/2018\/10\/esterno-leuca-piccola-carrubo-antico-vitigno.jpg 887w, https:\/\/www.torrevado.info\/news\/wp-content\/uploads\/2018\/10\/esterno-leuca-piccola-carrubo-antico-vitigno-300x199.jpg 300w, https:\/\/www.torrevado.info\/news\/wp-content\/uploads\/2018\/10\/esterno-leuca-piccola-carrubo-antico-vitigno-768x509.jpg 768w\" sizes=\"auto, (max-width: 887px) 100vw, 887px\" \/><\/a><\/figure>\n\n\n\n<figure class=\"wp-block-image size-large\"><a href=\"https:\/\/www.torrevado.info\/news\/wp-content\/uploads\/2018\/10\/architettura-leuca-piccola-salento.jpg\" data-rel=\"lightbox-gallery-sWeDcZ2U\" data-rl_title=\"architettura leuca piccola salento\" data-rl_caption=\"\" title=\"architettura leuca piccola salento\"><img loading=\"lazy\" decoding=\"async\" width=\"588\" height=\"887\" data-id=\"2240\" src=\"https:\/\/www.torrevado.info\/news\/wp-content\/uploads\/2018\/10\/architettura-leuca-piccola-salento.jpg\" alt=\"architettura leuca piccola salento\" class=\"wp-image-2240\" srcset=\"https:\/\/www.torrevado.info\/news\/wp-content\/uploads\/2018\/10\/architettura-leuca-piccola-salento.jpg 588w, https:\/\/www.torrevado.info\/news\/wp-content\/uploads\/2018\/10\/architettura-leuca-piccola-salento-199x300.jpg 199w\" sizes=\"auto, (max-width: 588px) 100vw, 588px\" \/><\/a><\/figure>\n\n\n\n<figure class=\"wp-block-image size-large\"><a href=\"https:\/\/www.torrevado.info\/news\/wp-content\/uploads\/2018\/10\/accesso-sotterranei-leuca-piccola.jpg\" data-rel=\"lightbox-gallery-sWeDcZ2U\" data-rl_title=\"accesso sotterranei leuca piccola\" data-rl_caption=\"\" title=\"accesso sotterranei leuca piccola\"><img loading=\"lazy\" decoding=\"async\" width=\"887\" height=\"588\" data-id=\"2230\" src=\"https:\/\/www.torrevado.info\/news\/wp-content\/uploads\/2018\/10\/accesso-sotterranei-leuca-piccola.jpg\" alt=\"accesso sotterranei leuca piccola\" class=\"wp-image-2230\" srcset=\"https:\/\/www.torrevado.info\/news\/wp-content\/uploads\/2018\/10\/accesso-sotterranei-leuca-piccola.jpg 887w, https:\/\/www.torrevado.info\/news\/wp-content\/uploads\/2018\/10\/accesso-sotterranei-leuca-piccola-300x199.jpg 300w, https:\/\/www.torrevado.info\/news\/wp-content\/uploads\/2018\/10\/accesso-sotterranei-leuca-piccola-768x509.jpg 768w\" sizes=\"auto, (max-width: 887px) 100vw, 887px\" \/><\/a><\/figure>\n\n\n\n<figure class=\"wp-block-image size-large\"><a href=\"https:\/\/www.torrevado.info\/news\/wp-content\/uploads\/2018\/10\/pozzo-leuca-piccola-barbarano-del-capo.jpg\" data-rel=\"lightbox-gallery-sWeDcZ2U\" data-rl_title=\"pozzo leuca piccola barbarano del capo\" data-rl_caption=\"\" title=\"pozzo leuca piccola barbarano del capo\"><img loading=\"lazy\" decoding=\"async\" width=\"887\" height=\"588\" data-id=\"2273\" src=\"https:\/\/www.torrevado.info\/news\/wp-content\/uploads\/2018\/10\/pozzo-leuca-piccola-barbarano-del-capo.jpg\" alt=\"pozzo leuca piccola barbarano del capo\" class=\"wp-image-2273\" srcset=\"https:\/\/www.torrevado.info\/news\/wp-content\/uploads\/2018\/10\/pozzo-leuca-piccola-barbarano-del-capo.jpg 887w, https:\/\/www.torrevado.info\/news\/wp-content\/uploads\/2018\/10\/pozzo-leuca-piccola-barbarano-del-capo-300x199.jpg 300w, https:\/\/www.torrevado.info\/news\/wp-content\/uploads\/2018\/10\/pozzo-leuca-piccola-barbarano-del-capo-768x509.jpg 768w\" sizes=\"auto, (max-width: 887px) 100vw, 887px\" \/><\/a><\/figure>\n\n\n\n<figure class=\"wp-block-image size-large\"><a href=\"https:\/\/www.torrevado.info\/news\/wp-content\/uploads\/2018\/10\/sotterranei-leuca-piccola-salento.jpg\" data-rel=\"lightbox-gallery-sWeDcZ2U\" data-rl_title=\"sotterranei leuca piccola salento\" data-rl_caption=\"\" title=\"sotterranei leuca piccola salento\"><img loading=\"lazy\" decoding=\"async\" width=\"588\" height=\"887\" data-id=\"2289\" src=\"https:\/\/www.torrevado.info\/news\/wp-content\/uploads\/2018\/10\/sotterranei-leuca-piccola-salento.jpg\" alt=\"sotterranei leuca piccola salento\" class=\"wp-image-2289\" srcset=\"https:\/\/www.torrevado.info\/news\/wp-content\/uploads\/2018\/10\/sotterranei-leuca-piccola-salento.jpg 588w, https:\/\/www.torrevado.info\/news\/wp-content\/uploads\/2018\/10\/sotterranei-leuca-piccola-salento-199x300.jpg 199w\" sizes=\"auto, (max-width: 588px) 100vw, 588px\" \/><\/a><\/figure>\n\n\n\n<figure class=\"wp-block-image size-large\"><a href=\"https:\/\/www.torrevado.info\/news\/wp-content\/uploads\/2018\/10\/ipogei-leuca-piccola-salento.jpg\" data-rel=\"lightbox-gallery-sWeDcZ2U\" data-rl_title=\"ipogei leuca piccola salento\" data-rl_caption=\"\" title=\"ipogei leuca piccola salento\"><img loading=\"lazy\" decoding=\"async\" width=\"887\" height=\"588\" data-id=\"2262\" src=\"https:\/\/www.torrevado.info\/news\/wp-content\/uploads\/2018\/10\/ipogei-leuca-piccola-salento.jpg\" alt=\"ipogei leuca piccola salento\" class=\"wp-image-2262\" srcset=\"https:\/\/www.torrevado.info\/news\/wp-content\/uploads\/2018\/10\/ipogei-leuca-piccola-salento.jpg 887w, https:\/\/www.torrevado.info\/news\/wp-content\/uploads\/2018\/10\/ipogei-leuca-piccola-salento-300x199.jpg 300w, https:\/\/www.torrevado.info\/news\/wp-content\/uploads\/2018\/10\/ipogei-leuca-piccola-salento-768x509.jpg 768w\" sizes=\"auto, (max-width: 887px) 100vw, 887px\" \/><\/a><\/figure>\n\n\n\n<figure class=\"wp-block-image size-large\"><a href=\"https:\/\/www.torrevado.info\/news\/wp-content\/uploads\/2018\/10\/sotterranei-leuca-piccola-particolare.jpg\" data-rel=\"lightbox-gallery-sWeDcZ2U\" data-rl_title=\"sotterranei leuca piccola particolare\" data-rl_caption=\"\" title=\"sotterranei leuca piccola particolare\"><img loading=\"lazy\" decoding=\"async\" width=\"588\" height=\"887\" data-id=\"2288\" src=\"https:\/\/www.torrevado.info\/news\/wp-content\/uploads\/2018\/10\/sotterranei-leuca-piccola-particolare.jpg\" alt=\"sotterranei leuca piccola particolare\" class=\"wp-image-2288\" srcset=\"https:\/\/www.torrevado.info\/news\/wp-content\/uploads\/2018\/10\/sotterranei-leuca-piccola-particolare.jpg 588w, https:\/\/www.torrevado.info\/news\/wp-content\/uploads\/2018\/10\/sotterranei-leuca-piccola-particolare-199x300.jpg 199w\" sizes=\"auto, (max-width: 588px) 100vw, 588px\" \/><\/a><\/figure>\n\n\n\n<figure class=\"wp-block-image size-large\"><a href=\"https:\/\/www.torrevado.info\/news\/wp-content\/uploads\/2018\/10\/nicchie-ipogei-leuca-piccola-salento.jpg\" data-rel=\"lightbox-gallery-sWeDcZ2U\" data-rl_title=\"nicchie ipogei leuca piccola salento\" data-rl_caption=\"\" title=\"nicchie ipogei leuca piccola salento\"><img loading=\"lazy\" decoding=\"async\" width=\"887\" height=\"588\" data-id=\"2265\" src=\"https:\/\/www.torrevado.info\/news\/wp-content\/uploads\/2018\/10\/nicchie-ipogei-leuca-piccola-salento.jpg\" alt=\"nicchie ipogei leuca piccola salento\" class=\"wp-image-2265\" srcset=\"https:\/\/www.torrevado.info\/news\/wp-content\/uploads\/2018\/10\/nicchie-ipogei-leuca-piccola-salento.jpg 887w, https:\/\/www.torrevado.info\/news\/wp-content\/uploads\/2018\/10\/nicchie-ipogei-leuca-piccola-salento-300x199.jpg 300w, https:\/\/www.torrevado.info\/news\/wp-content\/uploads\/2018\/10\/nicchie-ipogei-leuca-piccola-salento-768x509.jpg 768w\" sizes=\"auto, (max-width: 887px) 100vw, 887px\" \/><\/a><\/figure>\n\n\n\n<figure class=\"wp-block-image size-large\"><a href=\"https:\/\/www.torrevado.info\/news\/wp-content\/uploads\/2018\/10\/sotterranei-leuca-piccola-barbarano.jpg\" data-rel=\"lightbox-gallery-sWeDcZ2U\" data-rl_title=\"sotterranei leuca piccola barbarano\" data-rl_caption=\"\" title=\"sotterranei leuca piccola barbarano\"><img loading=\"lazy\" decoding=\"async\" width=\"588\" height=\"887\" data-id=\"2287\" src=\"https:\/\/www.torrevado.info\/news\/wp-content\/uploads\/2018\/10\/sotterranei-leuca-piccola-barbarano.jpg\" alt=\"sotterranei leuca piccola barbarano\" class=\"wp-image-2287\" srcset=\"https:\/\/www.torrevado.info\/news\/wp-content\/uploads\/2018\/10\/sotterranei-leuca-piccola-barbarano.jpg 588w, https:\/\/www.torrevado.info\/news\/wp-content\/uploads\/2018\/10\/sotterranei-leuca-piccola-barbarano-199x300.jpg 199w\" sizes=\"auto, (max-width: 588px) 100vw, 588px\" \/><\/a><\/figure>\n\n\n\n<figure class=\"wp-block-image size-large\"><a href=\"https:\/\/www.torrevado.info\/news\/wp-content\/uploads\/2018\/10\/antico-pozzo-ipogeo-vicino-torre-vado.jpg\" data-rel=\"lightbox-gallery-sWeDcZ2U\" data-rl_title=\"antico pozzo ipogeo vicino torre vado\" data-rl_caption=\"\" title=\"antico pozzo ipogeo vicino torre vado\"><img loading=\"lazy\" decoding=\"async\" width=\"887\" height=\"588\" data-id=\"2237\" src=\"https:\/\/www.torrevado.info\/news\/wp-content\/uploads\/2018\/10\/antico-pozzo-ipogeo-vicino-torre-vado.jpg\" alt=\"antico pozzo ipogeo vicino torre vado\" class=\"wp-image-2237\" srcset=\"https:\/\/www.torrevado.info\/news\/wp-content\/uploads\/2018\/10\/antico-pozzo-ipogeo-vicino-torre-vado.jpg 887w, https:\/\/www.torrevado.info\/news\/wp-content\/uploads\/2018\/10\/antico-pozzo-ipogeo-vicino-torre-vado-300x199.jpg 300w, https:\/\/www.torrevado.info\/news\/wp-content\/uploads\/2018\/10\/antico-pozzo-ipogeo-vicino-torre-vado-768x509.jpg 768w\" sizes=\"auto, (max-width: 887px) 100vw, 887px\" \/><\/a><\/figure>\n\n\n\n<figure class=\"wp-block-image size-large\"><a href=\"https:\/\/www.torrevado.info\/news\/wp-content\/uploads\/2018\/10\/pozzo-leuca-piccola.jpg\" data-rel=\"lightbox-gallery-sWeDcZ2U\" data-rl_title=\"pozzo leuca piccola scavato nella roccia\" data-rl_caption=\"\" title=\"pozzo leuca piccola scavato nella roccia\"><img loading=\"lazy\" decoding=\"async\" width=\"887\" height=\"588\" data-id=\"2272\" src=\"https:\/\/www.torrevado.info\/news\/wp-content\/uploads\/2018\/10\/pozzo-leuca-piccola.jpg\" alt=\"pozzo leuca piccola scavato nella roccia\" class=\"wp-image-2272\" srcset=\"https:\/\/www.torrevado.info\/news\/wp-content\/uploads\/2018\/10\/pozzo-leuca-piccola.jpg 887w, https:\/\/www.torrevado.info\/news\/wp-content\/uploads\/2018\/10\/pozzo-leuca-piccola-300x199.jpg 300w, https:\/\/www.torrevado.info\/news\/wp-content\/uploads\/2018\/10\/pozzo-leuca-piccola-768x509.jpg 768w\" sizes=\"auto, (max-width: 887px) 100vw, 887px\" \/><\/a><\/figure>\n\n\n\n<figure class=\"wp-block-image size-large\"><a href=\"https:\/\/www.torrevado.info\/news\/wp-content\/uploads\/2018\/10\/pozzo-leuca-piccola-particolare.jpg\" data-rel=\"lightbox-gallery-sWeDcZ2U\" data-rl_title=\"pozzo leuca piccola particolare\" data-rl_caption=\"\" title=\"pozzo leuca piccola particolare\"><img loading=\"lazy\" decoding=\"async\" width=\"588\" height=\"887\" data-id=\"2274\" src=\"https:\/\/www.torrevado.info\/news\/wp-content\/uploads\/2018\/10\/pozzo-leuca-piccola-particolare.jpg\" alt=\"pozzo leuca piccola particolare\" class=\"wp-image-2274\" srcset=\"https:\/\/www.torrevado.info\/news\/wp-content\/uploads\/2018\/10\/pozzo-leuca-piccola-particolare.jpg 588w, https:\/\/www.torrevado.info\/news\/wp-content\/uploads\/2018\/10\/pozzo-leuca-piccola-particolare-199x300.jpg 199w\" sizes=\"auto, (max-width: 588px) 100vw, 588px\" \/><\/a><\/figure>\n\n\n\n<figure class=\"wp-block-image size-large\"><a href=\"https:\/\/www.torrevado.info\/news\/wp-content\/uploads\/2018\/10\/parole-poco-pensate-portano-pena-percio-prima-pensa-poi-parla.jpg\" data-rel=\"lightbox-gallery-sWeDcZ2U\" data-rl_title=\"Le 10 p parole poco pensate portano pena percio prima pensa poi parla\" data-rl_caption=\"\" title=\"Le 10 p parole poco pensate portano pena percio prima pensa poi parla\"><img loading=\"lazy\" decoding=\"async\" width=\"900\" height=\"596\" data-id=\"2268\" src=\"https:\/\/www.torrevado.info\/news\/wp-content\/uploads\/2018\/10\/parole-poco-pensate-portano-pena-percio-prima-pensa-poi-parla.jpg\" alt=\"Le 10 p parole poco pensate portano pena percio prima pensa poi parla\" class=\"wp-image-2268\" srcset=\"https:\/\/www.torrevado.info\/news\/wp-content\/uploads\/2018\/10\/parole-poco-pensate-portano-pena-percio-prima-pensa-poi-parla.jpg 900w, https:\/\/www.torrevado.info\/news\/wp-content\/uploads\/2018\/10\/parole-poco-pensate-portano-pena-percio-prima-pensa-poi-parla-300x199.jpg 300w, https:\/\/www.torrevado.info\/news\/wp-content\/uploads\/2018\/10\/parole-poco-pensate-portano-pena-percio-prima-pensa-poi-parla-768x509.jpg 768w\" sizes=\"auto, (max-width: 900px) 100vw, 900px\" \/><\/a><\/figure>\n\n\n\n<figure class=\"wp-block-image size-large\"><a href=\"https:\/\/www.torrevado.info\/news\/wp-content\/uploads\/2018\/10\/santa-maria-di-leuica-belvedere-particolare.jpg\" data-rel=\"lightbox-gallery-sWeDcZ2U\" data-rl_title=\"santa maria di leuca belvedere particolare\" data-rl_caption=\"\" title=\"santa maria di leuca belvedere particolare\"><img loading=\"lazy\" decoding=\"async\" width=\"588\" height=\"887\" data-id=\"2284\" src=\"https:\/\/www.torrevado.info\/news\/wp-content\/uploads\/2018\/10\/santa-maria-di-leuica-belvedere-particolare.jpg\" alt=\"santa maria di leuca belvedere particolare\" class=\"wp-image-2284\" srcset=\"https:\/\/www.torrevado.info\/news\/wp-content\/uploads\/2018\/10\/santa-maria-di-leuica-belvedere-particolare.jpg 588w, https:\/\/www.torrevado.info\/news\/wp-content\/uploads\/2018\/10\/santa-maria-di-leuica-belvedere-particolare-199x300.jpg 199w\" sizes=\"auto, (max-width: 588px) 100vw, 588px\" \/><\/a><\/figure>\n\n\n\n<figure class=\"wp-block-image size-large\"><a href=\"https:\/\/www.torrevado.info\/news\/wp-content\/uploads\/2018\/10\/epigrafe-leuca-piccola-salento.jpg\" data-rel=\"lightbox-gallery-sWeDcZ2U\" data-rl_title=\"epigrafe leuca piccola salento\" data-rl_caption=\"\" title=\"epigrafe leuca piccola salento\"><img loading=\"lazy\" decoding=\"async\" width=\"887\" height=\"588\" data-id=\"2249\" src=\"https:\/\/www.torrevado.info\/news\/wp-content\/uploads\/2018\/10\/epigrafe-leuca-piccola-salento.jpg\" alt=\"epigrafe leuca piccola salento\" class=\"wp-image-2249\" srcset=\"https:\/\/www.torrevado.info\/news\/wp-content\/uploads\/2018\/10\/epigrafe-leuca-piccola-salento.jpg 887w, https:\/\/www.torrevado.info\/news\/wp-content\/uploads\/2018\/10\/epigrafe-leuca-piccola-salento-300x199.jpg 300w, https:\/\/www.torrevado.info\/news\/wp-content\/uploads\/2018\/10\/epigrafe-leuca-piccola-salento-768x509.jpg 768w\" sizes=\"auto, (max-width: 887px) 100vw, 887px\" \/><\/a><\/figure>\n\n\n\n<figure class=\"wp-block-image size-large\"><a href=\"https:\/\/www.torrevado.info\/news\/wp-content\/uploads\/2018\/10\/epigrafe-leuca-piccola-barbarano-del-capo.jpg\" data-rel=\"lightbox-gallery-sWeDcZ2U\" data-rl_title=\"epigrafe leuca piccola barbarano del capo\" data-rl_caption=\"\" title=\"epigrafe leuca piccola barbarano del capo\"><img loading=\"lazy\" decoding=\"async\" width=\"887\" height=\"588\" data-id=\"2248\" src=\"https:\/\/www.torrevado.info\/news\/wp-content\/uploads\/2018\/10\/epigrafe-leuca-piccola-barbarano-del-capo.jpg\" alt=\"epigrafe leuca piccola barbarano del capo\" class=\"wp-image-2248\" srcset=\"https:\/\/www.torrevado.info\/news\/wp-content\/uploads\/2018\/10\/epigrafe-leuca-piccola-barbarano-del-capo.jpg 887w, https:\/\/www.torrevado.info\/news\/wp-content\/uploads\/2018\/10\/epigrafe-leuca-piccola-barbarano-del-capo-300x199.jpg 300w, https:\/\/www.torrevado.info\/news\/wp-content\/uploads\/2018\/10\/epigrafe-leuca-piccola-barbarano-del-capo-768x509.jpg 768w\" sizes=\"auto, (max-width: 887px) 100vw, 887px\" \/><\/a><\/figure>\n<\/figure>\n","protected":false},"excerpt":{"rendered":"<p>Snodo centrale e crocevia degli antichi tratturi che solcavano in lungo ed in largo il Salento, Leuca Piccola rappresent\u00f2 per secoli il punto di arrivo sulla strada del pellegrinaggio mariano verso de finibus Terrae: penultima tappa, la pi\u00f9 desiderata di tutto il cammino, attraverso la quale i pellegrini pregustavano gi\u00e0 la felicit\u00e0 e la soddisfazione per la conquista della meta finale, il Santuario di Santa Maria di Leuca  in Puglia.<\/p>\n","protected":false},"author":1,"featured_media":2283,"comment_status":"open","ping_status":"closed","sticky":false,"template":"","format":"standard","meta":{"footnotes":""},"categories":[56,14],"tags":[494,495],"class_list":["post-2226","post","type-post","status-publish","format-standard","has-post-thumbnail","hentry","category-morciano-di-leuca","category-salento","tag-salento","tag-santa-maria-di-leuca"],"yoast_head":"<!-- This site is optimized with the Yoast SEO plugin v24.7 - https:\/\/yoast.com\/wordpress\/plugins\/seo\/ -->\r\n<title>Visita a Leuca Piccola Santa Maria di Leuca del Belvedere e Vora Grande nel Salento<\/title>\r\n<meta name=\"description\" content=\"Leuca Piccola rappresent\u00f2 per secoli il punto di arrivo sulla strada del pellegrinaggio mariano verso de finibus Terrae: penultima tappa, la pi\u00f9 desiderata di tutto il cammino, attraverso la quale i pellegrini pregustavano gi\u00e0 la felicit\u00e0 e la soddisfazione per la conquista della meta finale, il Santuario di Santa Maria di Leuca.\" \/>\r\n<meta name=\"robots\" content=\"index, follow, max-snippet:-1, max-image-preview:large, max-video-preview:-1\" \/>\r\n<link rel=\"canonical\" href=\"https:\/\/www.torrevado.info\/news\/index.php\/2018\/10\/visita-a-leuca-piccola-santa-maria-di-leuca-del-belvedere-e-vora-grande-nel-salento.html\" \/>\r\n<meta property=\"og:locale\" content=\"it_IT\" \/>\r\n<meta property=\"og:type\" content=\"article\" \/>\r\n<meta property=\"og:title\" content=\"Visita a Leuca Piccola Santa Maria di Leuca del Belvedere e Vora Grande nel Salento\" \/>\r\n<meta property=\"og:description\" content=\"Leuca Piccola rappresent\u00f2 per secoli il punto di arrivo sulla strada del pellegrinaggio mariano verso de finibus Terrae: penultima tappa, la pi\u00f9 desiderata di tutto il cammino, attraverso la quale i pellegrini pregustavano gi\u00e0 la felicit\u00e0 e la soddisfazione per la conquista della meta finale, il Santuario di Santa Maria di Leuca.\" \/>\r\n<meta property=\"og:url\" content=\"https:\/\/www.torrevado.info\/news\/index.php\/2018\/10\/visita-a-leuca-piccola-santa-maria-di-leuca-del-belvedere-e-vora-grande-nel-salento.html\" \/>\r\n<meta property=\"og:site_name\" content=\"Eventi e Notizie del Salento\" \/>\r\n<meta property=\"article:published_time\" content=\"2018-10-03T15:51:41+00:00\" \/>\r\n<meta property=\"article:modified_time\" content=\"2025-04-08T17:02:10+00:00\" \/>\r\n<meta property=\"og:image\" content=\"https:\/\/www.torrevado.info\/news\/wp-content\/uploads\/2018\/10\/santa-maria-di-leuca-del-belvedere-vicino-torre-vado.jpg\" \/>\r\n\t<meta property=\"og:image:width\" content=\"887\" \/>\r\n\t<meta property=\"og:image:height\" content=\"588\" \/>\r\n\t<meta property=\"og:image:type\" content=\"image\/jpeg\" \/>\r\n<meta name=\"author\" content=\"Pantaleo\" \/>\r\n<meta name=\"twitter:card\" content=\"summary_large_image\" \/>\r\n<meta name=\"twitter:label1\" content=\"Scritto da\" \/>\n\t<meta name=\"twitter:data1\" content=\"Pantaleo\" \/>\n\t<meta name=\"twitter:label2\" content=\"Tempo di lettura stimato\" \/>\n\t<meta name=\"twitter:data2\" content=\"32 minuti\" \/>\r\n<script type=\"application\/ld+json\" class=\"yoast-schema-graph\">{\"@context\":\"https:\/\/schema.org\",\"@graph\":[{\"@type\":\"WebPage\",\"@id\":\"https:\/\/www.torrevado.info\/news\/index.php\/2018\/10\/visita-a-leuca-piccola-santa-maria-di-leuca-del-belvedere-e-vora-grande-nel-salento.html\",\"url\":\"https:\/\/www.torrevado.info\/news\/index.php\/2018\/10\/visita-a-leuca-piccola-santa-maria-di-leuca-del-belvedere-e-vora-grande-nel-salento.html\",\"name\":\"Visita a Leuca Piccola Santa Maria di Leuca del Belvedere e Vora Grande nel Salento\",\"isPartOf\":{\"@id\":\"https:\/\/www.torrevado.info\/news\/#website\"},\"primaryImageOfPage\":{\"@id\":\"https:\/\/www.torrevado.info\/news\/index.php\/2018\/10\/visita-a-leuca-piccola-santa-maria-di-leuca-del-belvedere-e-vora-grande-nel-salento.html#primaryimage\"},\"image\":{\"@id\":\"https:\/\/www.torrevado.info\/news\/index.php\/2018\/10\/visita-a-leuca-piccola-santa-maria-di-leuca-del-belvedere-e-vora-grande-nel-salento.html#primaryimage\"},\"thumbnailUrl\":\"https:\/\/www.torrevado.info\/news\/wp-content\/uploads\/2018\/10\/santa-maria-di-leuca-del-belvedere-vicino-torre-vado.jpg\",\"datePublished\":\"2018-10-03T15:51:41+00:00\",\"dateModified\":\"2025-04-08T17:02:10+00:00\",\"author\":{\"@id\":\"https:\/\/www.torrevado.info\/news\/#\/schema\/person\/c93221d84694d6dea4b52ec83c18e78d\"},\"description\":\"Leuca Piccola rappresent\u00f2 per secoli il punto di arrivo sulla strada del pellegrinaggio mariano verso de finibus Terrae: penultima tappa, la pi\u00f9 desiderata di tutto il cammino, attraverso la quale i pellegrini pregustavano gi\u00e0 la felicit\u00e0 e la soddisfazione per la conquista della meta finale, il Santuario di Santa Maria di Leuca.\",\"breadcrumb\":{\"@id\":\"https:\/\/www.torrevado.info\/news\/index.php\/2018\/10\/visita-a-leuca-piccola-santa-maria-di-leuca-del-belvedere-e-vora-grande-nel-salento.html#breadcrumb\"},\"inLanguage\":\"it-IT\",\"potentialAction\":[{\"@type\":\"ReadAction\",\"target\":[\"https:\/\/www.torrevado.info\/news\/index.php\/2018\/10\/visita-a-leuca-piccola-santa-maria-di-leuca-del-belvedere-e-vora-grande-nel-salento.html\"]}]},{\"@type\":\"ImageObject\",\"inLanguage\":\"it-IT\",\"@id\":\"https:\/\/www.torrevado.info\/news\/index.php\/2018\/10\/visita-a-leuca-piccola-santa-maria-di-leuca-del-belvedere-e-vora-grande-nel-salento.html#primaryimage\",\"url\":\"https:\/\/www.torrevado.info\/news\/wp-content\/uploads\/2018\/10\/santa-maria-di-leuca-del-belvedere-vicino-torre-vado.jpg\",\"contentUrl\":\"https:\/\/www.torrevado.info\/news\/wp-content\/uploads\/2018\/10\/santa-maria-di-leuca-del-belvedere-vicino-torre-vado.jpg\",\"width\":887,\"height\":588,\"caption\":\"santa maria di leuca del belvedere vicino torre vado\"},{\"@type\":\"BreadcrumbList\",\"@id\":\"https:\/\/www.torrevado.info\/news\/index.php\/2018\/10\/visita-a-leuca-piccola-santa-maria-di-leuca-del-belvedere-e-vora-grande-nel-salento.html#breadcrumb\",\"itemListElement\":[{\"@type\":\"ListItem\",\"position\":1,\"name\":\"Home\",\"item\":\"https:\/\/www.torrevado.info\/news\"},{\"@type\":\"ListItem\",\"position\":2,\"name\":\"Visita a Leuca Piccola &#8220;Santa Maria di Leuca del Belvedere&#8221; e Vora Grande nel Salento\"}]},{\"@type\":\"WebSite\",\"@id\":\"https:\/\/www.torrevado.info\/news\/#website\",\"url\":\"https:\/\/www.torrevado.info\/news\/\",\"name\":\"Eventi e Notizie del Salento\",\"description\":\"\",\"potentialAction\":[{\"@type\":\"SearchAction\",\"target\":{\"@type\":\"EntryPoint\",\"urlTemplate\":\"https:\/\/www.torrevado.info\/news\/?s={search_term_string}\"},\"query-input\":{\"@type\":\"PropertyValueSpecification\",\"valueRequired\":true,\"valueName\":\"search_term_string\"}}],\"inLanguage\":\"it-IT\"},{\"@type\":\"Person\",\"@id\":\"https:\/\/www.torrevado.info\/news\/#\/schema\/person\/c93221d84694d6dea4b52ec83c18e78d\",\"name\":\"Pantaleo\"}]}<\/script>\r\n<!-- \/ Yoast SEO plugin. -->","yoast_head_json":{"title":"Visita a Leuca Piccola Santa Maria di Leuca del Belvedere e Vora Grande nel Salento","description":"Leuca Piccola rappresent\u00f2 per secoli il punto di arrivo sulla strada del pellegrinaggio mariano verso de finibus Terrae: penultima tappa, la pi\u00f9 desiderata di tutto il cammino, attraverso la quale i pellegrini pregustavano gi\u00e0 la felicit\u00e0 e la soddisfazione per la conquista della meta finale, il Santuario di Santa Maria di Leuca.","robots":{"index":"index","follow":"follow","max-snippet":"max-snippet:-1","max-image-preview":"max-image-preview:large","max-video-preview":"max-video-preview:-1"},"canonical":"https:\/\/www.torrevado.info\/news\/index.php\/2018\/10\/visita-a-leuca-piccola-santa-maria-di-leuca-del-belvedere-e-vora-grande-nel-salento.html","og_locale":"it_IT","og_type":"article","og_title":"Visita a Leuca Piccola Santa Maria di Leuca del Belvedere e Vora Grande nel Salento","og_description":"Leuca Piccola rappresent\u00f2 per secoli il punto di arrivo sulla strada del pellegrinaggio mariano verso de finibus Terrae: penultima tappa, la pi\u00f9 desiderata di tutto il cammino, attraverso la quale i pellegrini pregustavano gi\u00e0 la felicit\u00e0 e la soddisfazione per la conquista della meta finale, il Santuario di Santa Maria di Leuca.","og_url":"https:\/\/www.torrevado.info\/news\/index.php\/2018\/10\/visita-a-leuca-piccola-santa-maria-di-leuca-del-belvedere-e-vora-grande-nel-salento.html","og_site_name":"Eventi e Notizie del Salento","article_published_time":"2018-10-03T15:51:41+00:00","article_modified_time":"2025-04-08T17:02:10+00:00","og_image":[{"width":887,"height":588,"url":"https:\/\/www.torrevado.info\/news\/wp-content\/uploads\/2018\/10\/santa-maria-di-leuca-del-belvedere-vicino-torre-vado.jpg","type":"image\/jpeg"}],"author":"Pantaleo","twitter_card":"summary_large_image","twitter_misc":{"Scritto da":"Pantaleo","Tempo di lettura stimato":"32 minuti"},"schema":{"@context":"https:\/\/schema.org","@graph":[{"@type":"WebPage","@id":"https:\/\/www.torrevado.info\/news\/index.php\/2018\/10\/visita-a-leuca-piccola-santa-maria-di-leuca-del-belvedere-e-vora-grande-nel-salento.html","url":"https:\/\/www.torrevado.info\/news\/index.php\/2018\/10\/visita-a-leuca-piccola-santa-maria-di-leuca-del-belvedere-e-vora-grande-nel-salento.html","name":"Visita a Leuca Piccola Santa Maria di Leuca del Belvedere e Vora Grande nel Salento","isPartOf":{"@id":"https:\/\/www.torrevado.info\/news\/#website"},"primaryImageOfPage":{"@id":"https:\/\/www.torrevado.info\/news\/index.php\/2018\/10\/visita-a-leuca-piccola-santa-maria-di-leuca-del-belvedere-e-vora-grande-nel-salento.html#primaryimage"},"image":{"@id":"https:\/\/www.torrevado.info\/news\/index.php\/2018\/10\/visita-a-leuca-piccola-santa-maria-di-leuca-del-belvedere-e-vora-grande-nel-salento.html#primaryimage"},"thumbnailUrl":"https:\/\/www.torrevado.info\/news\/wp-content\/uploads\/2018\/10\/santa-maria-di-leuca-del-belvedere-vicino-torre-vado.jpg","datePublished":"2018-10-03T15:51:41+00:00","dateModified":"2025-04-08T17:02:10+00:00","author":{"@id":"https:\/\/www.torrevado.info\/news\/#\/schema\/person\/c93221d84694d6dea4b52ec83c18e78d"},"description":"Leuca Piccola rappresent\u00f2 per secoli il punto di arrivo sulla strada del pellegrinaggio mariano verso de finibus Terrae: penultima tappa, la pi\u00f9 desiderata di tutto il cammino, attraverso la quale i pellegrini pregustavano gi\u00e0 la felicit\u00e0 e la soddisfazione per la conquista della meta finale, il Santuario di Santa Maria di Leuca.","breadcrumb":{"@id":"https:\/\/www.torrevado.info\/news\/index.php\/2018\/10\/visita-a-leuca-piccola-santa-maria-di-leuca-del-belvedere-e-vora-grande-nel-salento.html#breadcrumb"},"inLanguage":"it-IT","potentialAction":[{"@type":"ReadAction","target":["https:\/\/www.torrevado.info\/news\/index.php\/2018\/10\/visita-a-leuca-piccola-santa-maria-di-leuca-del-belvedere-e-vora-grande-nel-salento.html"]}]},{"@type":"ImageObject","inLanguage":"it-IT","@id":"https:\/\/www.torrevado.info\/news\/index.php\/2018\/10\/visita-a-leuca-piccola-santa-maria-di-leuca-del-belvedere-e-vora-grande-nel-salento.html#primaryimage","url":"https:\/\/www.torrevado.info\/news\/wp-content\/uploads\/2018\/10\/santa-maria-di-leuca-del-belvedere-vicino-torre-vado.jpg","contentUrl":"https:\/\/www.torrevado.info\/news\/wp-content\/uploads\/2018\/10\/santa-maria-di-leuca-del-belvedere-vicino-torre-vado.jpg","width":887,"height":588,"caption":"santa maria di leuca del belvedere vicino torre vado"},{"@type":"BreadcrumbList","@id":"https:\/\/www.torrevado.info\/news\/index.php\/2018\/10\/visita-a-leuca-piccola-santa-maria-di-leuca-del-belvedere-e-vora-grande-nel-salento.html#breadcrumb","itemListElement":[{"@type":"ListItem","position":1,"name":"Home","item":"https:\/\/www.torrevado.info\/news"},{"@type":"ListItem","position":2,"name":"Visita a Leuca Piccola &#8220;Santa Maria di Leuca del Belvedere&#8221; e Vora Grande nel Salento"}]},{"@type":"WebSite","@id":"https:\/\/www.torrevado.info\/news\/#website","url":"https:\/\/www.torrevado.info\/news\/","name":"Eventi e Notizie del Salento","description":"","potentialAction":[{"@type":"SearchAction","target":{"@type":"EntryPoint","urlTemplate":"https:\/\/www.torrevado.info\/news\/?s={search_term_string}"},"query-input":{"@type":"PropertyValueSpecification","valueRequired":true,"valueName":"search_term_string"}}],"inLanguage":"it-IT"},{"@type":"Person","@id":"https:\/\/www.torrevado.info\/news\/#\/schema\/person\/c93221d84694d6dea4b52ec83c18e78d","name":"Pantaleo"}]}},"_links":{"self":[{"href":"https:\/\/www.torrevado.info\/news\/index.php\/wp-json\/wp\/v2\/posts\/2226","targetHints":{"allow":["GET"]}}],"collection":[{"href":"https:\/\/www.torrevado.info\/news\/index.php\/wp-json\/wp\/v2\/posts"}],"about":[{"href":"https:\/\/www.torrevado.info\/news\/index.php\/wp-json\/wp\/v2\/types\/post"}],"author":[{"embeddable":true,"href":"https:\/\/www.torrevado.info\/news\/index.php\/wp-json\/wp\/v2\/users\/1"}],"replies":[{"embeddable":true,"href":"https:\/\/www.torrevado.info\/news\/index.php\/wp-json\/wp\/v2\/comments?post=2226"}],"version-history":[{"count":6,"href":"https:\/\/www.torrevado.info\/news\/index.php\/wp-json\/wp\/v2\/posts\/2226\/revisions"}],"predecessor-version":[{"id":3386,"href":"https:\/\/www.torrevado.info\/news\/index.php\/wp-json\/wp\/v2\/posts\/2226\/revisions\/3386"}],"wp:featuredmedia":[{"embeddable":true,"href":"https:\/\/www.torrevado.info\/news\/index.php\/wp-json\/wp\/v2\/media\/2283"}],"wp:attachment":[{"href":"https:\/\/www.torrevado.info\/news\/index.php\/wp-json\/wp\/v2\/media?parent=2226"}],"wp:term":[{"taxonomy":"category","embeddable":true,"href":"https:\/\/www.torrevado.info\/news\/index.php\/wp-json\/wp\/v2\/categories?post=2226"},{"taxonomy":"post_tag","embeddable":true,"href":"https:\/\/www.torrevado.info\/news\/index.php\/wp-json\/wp\/v2\/tags?post=2226"}],"curies":[{"name":"wp","href":"https:\/\/api.w.org\/{rel}","templated":true}]}}