{"id":2434,"date":"2019-01-01T08:35:28","date_gmt":"2019-01-01T07:35:28","guid":{"rendered":"http:\/\/www.torrevado.info\/news\/?p=2434"},"modified":"2018-11-19T12:44:32","modified_gmt":"2018-11-19T11:44:32","slug":"torre-vado-le-bellezze-del-salento-vestite-di-bianco","status":"publish","type":"post","link":"https:\/\/www.torrevado.info\/news\/index.php\/2019\/01\/torre-vado-le-bellezze-del-salento-vestite-di-bianco.html","title":{"rendered":"Torre Vado, le bellezze del Salento vestite di bianco"},"content":{"rendered":"<p>Nonostante le previsioni meteo nessun salentino ci aveva creduto pi\u00f9 di tanto: non era la prima volta che il vento, lo scirocco, la sfortuna spazzavano via le nuvole confermando la rassegnazione di chi in questa terra ha sempre dovuto fare i conti con la millenaria mancanza di acqua.&nbsp;Sarebbe arrivato solo il vento ed i pochi fiocchi neve sarebbero svaniti con i primi raggi di sole. Anche questa volta niente acqua, figuriamoci la neve.<\/p>\n<p><strong>E invece la neve \u00e8 arrivata<\/strong>. Eccome se \u00e8 arrivata!&nbsp;<\/p>\n<p><img loading=\"lazy\" decoding=\"async\" class=\"aligncenter size-full wp-image-2439 img-responsive\" src=\"https:\/\/www.torrevado.info\/news\/wp-content\/uploads\/2018\/11\/alberi-imbiancati-salento.jpg\" alt=\"alberi imbiancati salento\" width=\"1000\" height=\"667\" srcset=\"https:\/\/www.torrevado.info\/news\/wp-content\/uploads\/2018\/11\/alberi-imbiancati-salento.jpg 1000w, https:\/\/www.torrevado.info\/news\/wp-content\/uploads\/2018\/11\/alberi-imbiancati-salento-300x200.jpg 300w, https:\/\/www.torrevado.info\/news\/wp-content\/uploads\/2018\/11\/alberi-imbiancati-salento-768x512.jpg 768w\" sizes=\"auto, (max-width: 1000px) 100vw, 1000px\" \/><\/p>\n<h2>Gennaio 2017:&nbsp;&nbsp;Una vera e propria bufera, tanta e abbondante <strong>da imbiancare tutto il Salento.<\/strong><\/h2>\n<p>Per diversi giorni un candido manto bianco ha ricoperto ogni pietra, la terra rossa, gli ulivi, le spiagge, le case: nell&#8217;incredulit\u00e0 e meraviglia generali.<\/p>\n<p>S\u00ec, perch\u00e9 la neve che arriva nel Salento \u00e8 un evento eccezionale! L\u2019ultima nevicata abbondante&nbsp;prima di questa, risale al dicembre 2001.<\/p>\n<p>Tutti, o quasi ci siamo riversati sulle strade, nelle piazze armati di macchia fotografica per vivere e immortalare l\u2019evento. <strong>Momenti di pura felicit\u00e0 per i bambini<\/strong> perch\u00e9 intorno a loro (e non solo) tutto si \u00e8 fermato: niente scuola e tutti fuori a giocare nelle strade diventate parchi e piste da scivolo; come in un incantesimo contagioso anche mamma e pap\u00e0 finivano nella mischia per schivare fino all&#8217;ultima palla di neve!<\/p>\n<p><img loading=\"lazy\" decoding=\"async\" class=\"aligncenter size-full wp-image-2457 img-responsive\" src=\"https:\/\/www.torrevado.info\/news\/wp-content\/uploads\/2018\/11\/neve-spiaggia-salento.jpg\" alt=\"neve spiaggia salento\" width=\"1000\" height=\"750\" srcset=\"https:\/\/www.torrevado.info\/news\/wp-content\/uploads\/2018\/11\/neve-spiaggia-salento.jpg 1000w, https:\/\/www.torrevado.info\/news\/wp-content\/uploads\/2018\/11\/neve-spiaggia-salento-300x225.jpg 300w, https:\/\/www.torrevado.info\/news\/wp-content\/uploads\/2018\/11\/neve-spiaggia-salento-768x576.jpg 768w\" sizes=\"auto, (max-width: 1000px) 100vw, 1000px\" \/><\/p>\n<p>I sogni durano un attimo mentre la neve si \u00e8 fermata da noi diversi giorni. Allo stupore e alla meraviglia generali, giorno dopo giorno si contrapponeva la preoccupazione per le conseguenze sul territorio di un evento eccezionale che aveva colto tutti impreparati. Strade bloccate dal ghiaccio, incidenti, condotte dell\u2019acqua rotte, i campi di frutteti, ortaggi e frumento andati completamente perduti.<\/p>\n<p>Qualche spiraglio di ottimismo, placato immediatamente dai pareri di molti scienziati, sui volti di taluni convinti che la neve avrebbe spazzato via anche la xylella. Non \u00e8 stato cos\u00ec. Gli ulivi hanno seguito il loro destino ed i salentini, come sempre, si sono rimessi a lavoro cercando di recuperare il possibile.<\/p>\n<p><img loading=\"lazy\" decoding=\"async\" class=\"aligncenter size-full wp-image-2472 img-responsive\" src=\"https:\/\/www.torrevado.info\/news\/wp-content\/uploads\/2018\/11\/paiara-nevicata-salento.jpg\" alt=\"paiara nevicata salento\" width=\"1000\" height=\"667\" srcset=\"https:\/\/www.torrevado.info\/news\/wp-content\/uploads\/2018\/11\/paiara-nevicata-salento.jpg 1000w, https:\/\/www.torrevado.info\/news\/wp-content\/uploads\/2018\/11\/paiara-nevicata-salento-300x200.jpg 300w, https:\/\/www.torrevado.info\/news\/wp-content\/uploads\/2018\/11\/paiara-nevicata-salento-768x512.jpg 768w\" sizes=\"auto, (max-width: 1000px) 100vw, 1000px\" \/><\/p>\n<h2>Foto neve nel Salento<\/h2>\n<p><strong>Le foto<\/strong> fanno parte del servizio fotografico realizzato <strong>dal nostro caro amico Giulio Rosafio<\/strong> il quale, per s-fortuna, la nevicata lo ha sorpreso a Torre Vado la marina di Morciano di Leuca rimasta praticamente isolata per due giorni. Niente auto, n\u00e9 moto e bici sulle strade completamente ghiacciate, in particolar modo quelle che conducevano gi\u00f9 al mare. In compenso nel paese e nei dintorni regnava il silenzio, un bellissimo e profondo silenzio.<\/p>\n<p><img loading=\"lazy\" decoding=\"async\" class=\"aligncenter size-full wp-image-2466 img-responsive\" src=\"https:\/\/www.torrevado.info\/news\/wp-content\/uploads\/2018\/11\/nevicata-salento.jpg\" alt=\"nevicata salento\" width=\"1000\" height=\"667\" srcset=\"https:\/\/www.torrevado.info\/news\/wp-content\/uploads\/2018\/11\/nevicata-salento.jpg 1000w, https:\/\/www.torrevado.info\/news\/wp-content\/uploads\/2018\/11\/nevicata-salento-300x200.jpg 300w, https:\/\/www.torrevado.info\/news\/wp-content\/uploads\/2018\/11\/nevicata-salento-768x512.jpg 768w\" sizes=\"auto, (max-width: 1000px) 100vw, 1000px\" \/><\/p>\n<p>Sono immagini che oggi ci emozionano, incredibili perch\u00e9 sicuramente rare in una terra simbolo del mare, del caldo e dei lidi assolati.<\/p>\n<p>Nonostante tutti i disagi, questa nevicata la ricordiamo infatti anche per le bellissime fotografie che hanno fatto il giro del mondo, scatti carichi di emozione e di riflessi luminosi, perch\u00e9 la luce qui nel Salento \u00e8 un elemento inconfondibile che rende il paesaggio meravigliosamente unico in qualunque periodo dell\u2019anno.<\/p>\n<p><img loading=\"lazy\" decoding=\"async\" class=\"aligncenter size-full wp-image-2444 img-responsive\" src=\"https:\/\/www.torrevado.info\/news\/wp-content\/uploads\/2018\/11\/la-torre-costiera-innevata-salento.jpg\" alt=\"la torre costiera innevata salento\" width=\"1000\" height=\"750\" srcset=\"https:\/\/www.torrevado.info\/news\/wp-content\/uploads\/2018\/11\/la-torre-costiera-innevata-salento.jpg 1000w, https:\/\/www.torrevado.info\/news\/wp-content\/uploads\/2018\/11\/la-torre-costiera-innevata-salento-300x225.jpg 300w, https:\/\/www.torrevado.info\/news\/wp-content\/uploads\/2018\/11\/la-torre-costiera-innevata-salento-768x576.jpg 768w\" sizes=\"auto, (max-width: 1000px) 100vw, 1000px\" \/><\/p>\n<h2>Le Neviere, quando la neve nel Salento era di casa.<\/h2>\n<p>Andando indietro nel tempo di qualche secolo, scopriamo che qui <strong>nel Salento nevicava molto pi\u00f9 spesso<\/strong>. La Piccola Era Glaciale infatti che interess\u00f2 l\u2019intera Europa, ebbe come conseguenza un raffreddamento del clima anche nel sud estremo della Puglia. Siamo tra il XIV e il XIX secolo circa. In quel periodo e per secoli si svilupp\u00f2 il commercio intorno alla raccolta e conservazione della neve che probabilmente cadeva pi\u00f9 spesso e la si poteva conservare per tutta l\u2019estate.<\/p>\n<p><strong>Il ghiaccio ricavato dalla neve compressa era un prodotto prezioso<\/strong>, richiesto in medicina o per rinfrescare i cibi e le bevande nelle dispense dei ricchi signori.<\/p>\n<p><strong>Sorsero cos\u00ec le neviere<\/strong>, strutture architettoniche appositamente destinate alla conservazione dei blocchi di ghiaccio, solitamente realizzate nei pressi delle grandi masserie; per costruirle si scavava nel terreno alla ricerca di un banco di roccia, si isolavano le pareti con strati di foglie e paglia mentre la volta chiusa a botte era in tufi; un sistema di pendenze della pavimentazione interna garantiva lo scolo delle acque ed evitava lo scioglimento del ghiaccio stesso.<\/p>\n<p><img loading=\"lazy\" decoding=\"async\" class=\"aligncenter size-full wp-image-2453 img-responsive\" src=\"https:\/\/www.torrevado.info\/news\/wp-content\/uploads\/2018\/11\/neve-pajara-salento.jpg\" alt=\"neve pajara salento\" width=\"1000\" height=\"750\" srcset=\"https:\/\/www.torrevado.info\/news\/wp-content\/uploads\/2018\/11\/neve-pajara-salento.jpg 1000w, https:\/\/www.torrevado.info\/news\/wp-content\/uploads\/2018\/11\/neve-pajara-salento-300x225.jpg 300w, https:\/\/www.torrevado.info\/news\/wp-content\/uploads\/2018\/11\/neve-pajara-salento-768x576.jpg 768w\" sizes=\"auto, (max-width: 1000px) 100vw, 1000px\" \/><\/p>\n<p>Oggi alcune di queste strutture, ormai in disuso, si possono visitare in quanto inserite in diversi itinerari e cammini culturali.<\/p>\n<p>Nei percorsi di Trekking tematico \u00e8 possibile ripercorrere le tappe pi\u00f9 importanti nella storia dell\u2019acqua e del suo utilizzo da parte dell\u2019uomo; sono previste soste per visitare alcune neviere sopravvissute al tempo, o per ammirare le antiche pozzelle nella zona della Grec\u00eca Salentina ed i pozzi monumentali di settecentesche masserie impreziositi da particolari elementi decorativi (Pozzo monumentale a Pescoluse).<\/p>\n<p><strong>Anna Maria Ciardo<\/strong><\/p>\n<p>&nbsp;<\/p>\n<p>&nbsp;<\/p>\n<p><img loading=\"lazy\" decoding=\"async\" class=\"aligncenter size-full wp-image-2461 img-responsive\" src=\"https:\/\/www.torrevado.info\/news\/wp-content\/uploads\/2018\/11\/nevicata-le-sorgenti-torrevado.jpg\" alt=\"nevicata le sorgenti torrevado\" width=\"1000\" height=\"750\" srcset=\"https:\/\/www.torrevado.info\/news\/wp-content\/uploads\/2018\/11\/nevicata-le-sorgenti-torrevado.jpg 1000w, https:\/\/www.torrevado.info\/news\/wp-content\/uploads\/2018\/11\/nevicata-le-sorgenti-torrevado-300x225.jpg 300w, https:\/\/www.torrevado.info\/news\/wp-content\/uploads\/2018\/11\/nevicata-le-sorgenti-torrevado-768x576.jpg 768w\" sizes=\"auto, (max-width: 1000px) 100vw, 1000px\" \/><\/p>\n<p>&nbsp;<\/p>\n\n\t\t<style type=\"text\/css\">\n\t\t\t#gallery-1 {\n\t\t\t\tmargin: auto;\n\t\t\t}\n\t\t\t#gallery-1 .gallery-item {\n\t\t\t\tfloat: left;\n\t\t\t\tmargin-top: 10px;\n\t\t\t\ttext-align: center;\n\t\t\t\twidth: 33%;\n\t\t\t}\n\t\t\t#gallery-1 img {\n\t\t\t\tborder: 2px solid #cfcfcf;\n\t\t\t}\n\t\t\t#gallery-1 .gallery-caption {\n\t\t\t\tmargin-left: 0;\n\t\t\t}\n\t\t\t\/* see gallery_shortcode() in wp-includes\/media.php *\/\n\t\t<\/style>\n\t\t<div id='gallery-1' class='gallery galleryid-2434 gallery-columns-3 gallery-size-thumbnail'><dl class='gallery-item'>\n\t\t\t<dt class='gallery-icon landscape'>\n\t\t\t\t<a href='https:\/\/www.torrevado.info\/news\/wp-content\/uploads\/2018\/11\/zona-urbana-marina-imbiancata.jpg' title=\"zona urbana marina imbiancata\" data-rl_title=\"zona urbana marina imbiancata\" class=\"rl-gallery-link\" data-rl_caption=\"\" data-rel=\"lightbox-gallery-1\"><img loading=\"lazy\" decoding=\"async\" width=\"150\" height=\"150\" src=\"https:\/\/www.torrevado.info\/news\/wp-content\/uploads\/2018\/11\/zona-urbana-marina-imbiancata-150x150.jpg\" class=\"attachment-thumbnail size-thumbnail\" alt=\"zona urbana marina imbiancata\" \/><\/a>\n\t\t\t<\/dt><\/dl><dl class='gallery-item'>\n\t\t\t<dt class='gallery-icon landscape'>\n\t\t\t\t<a href='https:\/\/www.torrevado.info\/news\/wp-content\/uploads\/2018\/11\/vista-portoturistico-torre-vado-neve.jpg' title=\"vista porto turistico torre vado neve\" data-rl_title=\"vista porto turistico torre vado neve\" class=\"rl-gallery-link\" data-rl_caption=\"\" data-rel=\"lightbox-gallery-1\"><img loading=\"lazy\" decoding=\"async\" width=\"150\" height=\"150\" src=\"https:\/\/www.torrevado.info\/news\/wp-content\/uploads\/2018\/11\/vista-portoturistico-torre-vado-neve-150x150.jpg\" class=\"attachment-thumbnail size-thumbnail\" alt=\"vista porto turistico torre vado neve\" \/><\/a>\n\t\t\t<\/dt><\/dl><dl class='gallery-item'>\n\t\t\t<dt class='gallery-icon landscape'>\n\t\t\t\t<a href='https:\/\/www.torrevado.info\/news\/wp-content\/uploads\/2018\/11\/ulivo-secolare-neve.jpg' title=\"ulivo secolare neve\" data-rl_title=\"ulivo secolare neve\" class=\"rl-gallery-link\" data-rl_caption=\"\" data-rel=\"lightbox-gallery-1\"><img loading=\"lazy\" decoding=\"async\" width=\"150\" height=\"150\" src=\"https:\/\/www.torrevado.info\/news\/wp-content\/uploads\/2018\/11\/ulivo-secolare-neve-150x150.jpg\" class=\"attachment-thumbnail size-thumbnail\" alt=\"ulivo secolare neve\" \/><\/a>\n\t\t\t<\/dt><\/dl><br style=\"clear: both\" \/><dl class='gallery-item'>\n\t\t\t<dt class='gallery-icon landscape'>\n\t\t\t\t<a href='https:\/\/www.torrevado.info\/news\/wp-content\/uploads\/2018\/11\/uliveto-secolare-puglia-nevicata.jpg' title=\"uliveto secolare puglia nevicata\" data-rl_title=\"uliveto secolare puglia nevicata\" class=\"rl-gallery-link\" data-rl_caption=\"\" data-rel=\"lightbox-gallery-1\"><img loading=\"lazy\" decoding=\"async\" width=\"150\" height=\"150\" src=\"https:\/\/www.torrevado.info\/news\/wp-content\/uploads\/2018\/11\/uliveto-secolare-puglia-nevicata-150x150.jpg\" class=\"attachment-thumbnail size-thumbnail\" alt=\"uliveto secolare puglia nevicata\" \/><\/a>\n\t\t\t<\/dt><\/dl><dl class='gallery-item'>\n\t\t\t<dt class='gallery-icon portrait'>\n\t\t\t\t<a href='https:\/\/www.torrevado.info\/news\/wp-content\/uploads\/2018\/11\/trullo-salentino-imbiancato.jpg' title=\"trullo salentino imbiancato\" data-rl_title=\"trullo salentino imbiancato\" class=\"rl-gallery-link\" data-rl_caption=\"\" data-rel=\"lightbox-gallery-1\"><img loading=\"lazy\" decoding=\"async\" width=\"150\" height=\"150\" src=\"https:\/\/www.torrevado.info\/news\/wp-content\/uploads\/2018\/11\/trullo-salentino-imbiancato-150x150.jpg\" class=\"attachment-thumbnail size-thumbnail\" alt=\"trullo salentino imbiancato\" \/><\/a>\n\t\t\t<\/dt><\/dl><dl class='gallery-item'>\n\t\t\t<dt class='gallery-icon landscape'>\n\t\t\t\t<a href='https:\/\/www.torrevado.info\/news\/wp-content\/uploads\/2018\/11\/trullo-puglia-imbiancato.jpg' title=\"trullo puglia imbiancato\" data-rl_title=\"trullo puglia imbiancato\" class=\"rl-gallery-link\" data-rl_caption=\"\" data-rel=\"lightbox-gallery-1\"><img loading=\"lazy\" decoding=\"async\" width=\"150\" height=\"150\" src=\"https:\/\/www.torrevado.info\/news\/wp-content\/uploads\/2018\/11\/trullo-puglia-imbiancato-150x150.jpg\" class=\"attachment-thumbnail size-thumbnail\" alt=\"trullo puglia imbiancato\" \/><\/a>\n\t\t\t<\/dt><\/dl><br style=\"clear: both\" \/><dl class='gallery-item'>\n\t\t\t<dt class='gallery-icon landscape'>\n\t\t\t\t<a href='https:\/\/www.torrevado.info\/news\/wp-content\/uploads\/2018\/11\/trullo-nevicata-salento.jpg' title=\"trullo nevicata salento\" data-rl_title=\"trullo nevicata salento\" class=\"rl-gallery-link\" data-rl_caption=\"\" data-rel=\"lightbox-gallery-1\"><img loading=\"lazy\" decoding=\"async\" width=\"150\" height=\"150\" src=\"https:\/\/www.torrevado.info\/news\/wp-content\/uploads\/2018\/11\/trullo-nevicata-salento-150x150.jpg\" class=\"attachment-thumbnail size-thumbnail\" alt=\"trullo nevicata salento\" \/><\/a>\n\t\t\t<\/dt><\/dl><dl class='gallery-item'>\n\t\t\t<dt class='gallery-icon portrait'>\n\t\t\t\t<a href='https:\/\/www.torrevado.info\/news\/wp-content\/uploads\/2018\/11\/tronco-olivo-secolare-imbiancato.jpg' title=\"tronco olivo secolare imbiancato\" data-rl_title=\"tronco olivo secolare imbiancato\" class=\"rl-gallery-link\" data-rl_caption=\"\" data-rel=\"lightbox-gallery-1\"><img loading=\"lazy\" decoding=\"async\" width=\"150\" height=\"150\" src=\"https:\/\/www.torrevado.info\/news\/wp-content\/uploads\/2018\/11\/tronco-olivo-secolare-imbiancato-150x150.jpg\" class=\"attachment-thumbnail size-thumbnail\" alt=\"tronco olivo secolare imbiancato\" \/><\/a>\n\t\t\t<\/dt><\/dl><dl class='gallery-item'>\n\t\t\t<dt class='gallery-icon landscape'>\n\t\t\t\t<a href='https:\/\/www.torrevado.info\/news\/wp-content\/uploads\/2018\/11\/torre-torre-vado-neve.jpg' title=\"torre torre vado neve\" data-rl_title=\"torre torre vado neve\" class=\"rl-gallery-link\" data-rl_caption=\"\" data-rel=\"lightbox-gallery-1\"><img loading=\"lazy\" decoding=\"async\" width=\"150\" height=\"150\" src=\"https:\/\/www.torrevado.info\/news\/wp-content\/uploads\/2018\/11\/torre-torre-vado-neve-150x150.jpg\" class=\"attachment-thumbnail size-thumbnail\" alt=\"torre torre vado neve\" \/><\/a>\n\t\t\t<\/dt><\/dl><br style=\"clear: both\" \/><dl class='gallery-item'>\n\t\t\t<dt class='gallery-icon landscape'>\n\t\t\t\t<a href='https:\/\/www.torrevado.info\/news\/wp-content\/uploads\/2018\/11\/torre-saracena-imbiancata.jpg' title=\"torre saracena imbiancata\" data-rl_title=\"torre saracena imbiancata\" class=\"rl-gallery-link\" data-rl_caption=\"\" data-rel=\"lightbox-gallery-1\"><img loading=\"lazy\" decoding=\"async\" width=\"150\" height=\"150\" src=\"https:\/\/www.torrevado.info\/news\/wp-content\/uploads\/2018\/11\/torre-saracena-imbiancata-150x150.jpg\" class=\"attachment-thumbnail size-thumbnail\" alt=\"torre saracena imbiancata\" \/><\/a>\n\t\t\t<\/dt><\/dl><dl class='gallery-item'>\n\t\t\t<dt class='gallery-icon portrait'>\n\t\t\t\t<a href='https:\/\/www.torrevado.info\/news\/wp-content\/uploads\/2018\/11\/torre-nevicata-torrevado.jpg' title=\"torre nevicata torrevado\" data-rl_title=\"torre nevicata torrevado\" class=\"rl-gallery-link\" data-rl_caption=\"\" data-rel=\"lightbox-gallery-1\"><img loading=\"lazy\" decoding=\"async\" width=\"150\" height=\"150\" src=\"https:\/\/www.torrevado.info\/news\/wp-content\/uploads\/2018\/11\/torre-nevicata-torrevado-150x150.jpg\" class=\"attachment-thumbnail size-thumbnail\" alt=\"torre nevicata torrevado\" \/><\/a>\n\t\t\t<\/dt><\/dl><dl class='gallery-item'>\n\t\t\t<dt class='gallery-icon landscape'>\n\t\t\t\t<a href='https:\/\/www.torrevado.info\/news\/wp-content\/uploads\/2018\/11\/spiaggia-lido-venere-innevata.jpg' title=\"spiaggia lido venere innevata\" data-rl_title=\"spiaggia lido venere innevata\" class=\"rl-gallery-link\" data-rl_caption=\"\" data-rel=\"lightbox-gallery-1\"><img loading=\"lazy\" decoding=\"async\" width=\"150\" height=\"150\" src=\"https:\/\/www.torrevado.info\/news\/wp-content\/uploads\/2018\/11\/spiaggia-lido-venere-innevata-150x150.jpg\" class=\"attachment-thumbnail size-thumbnail\" alt=\"spiaggia lido venere innevata\" \/><\/a>\n\t\t\t<\/dt><\/dl><br style=\"clear: both\" \/><dl class='gallery-item'>\n\t\t\t<dt class='gallery-icon portrait'>\n\t\t\t\t<a href='https:\/\/www.torrevado.info\/news\/wp-content\/uploads\/2018\/11\/porta-trullo-imbiancato.jpg' title=\"porta trullo imbiancato\" data-rl_title=\"porta trullo imbiancato\" class=\"rl-gallery-link\" data-rl_caption=\"\" data-rel=\"lightbox-gallery-1\"><img loading=\"lazy\" decoding=\"async\" width=\"150\" height=\"150\" src=\"https:\/\/www.torrevado.info\/news\/wp-content\/uploads\/2018\/11\/porta-trullo-imbiancato-150x150.jpg\" class=\"attachment-thumbnail size-thumbnail\" alt=\"porta trullo imbiancato\" \/><\/a>\n\t\t\t<\/dt><\/dl><dl class='gallery-item'>\n\t\t\t<dt class='gallery-icon landscape'>\n\t\t\t\t<a href='https:\/\/www.torrevado.info\/news\/wp-content\/uploads\/2018\/11\/payara-salentina-imbiancata.jpg' title=\"payara salentina imbiancata\" data-rl_title=\"payara salentina imbiancata\" class=\"rl-gallery-link\" data-rl_caption=\"\" data-rel=\"lightbox-gallery-1\"><img loading=\"lazy\" decoding=\"async\" width=\"150\" height=\"150\" src=\"https:\/\/www.torrevado.info\/news\/wp-content\/uploads\/2018\/11\/payara-salentina-imbiancata-150x150.jpg\" class=\"attachment-thumbnail size-thumbnail\" alt=\"payara salentina imbiancata\" \/><\/a>\n\t\t\t<\/dt><\/dl><dl class='gallery-item'>\n\t\t\t<dt class='gallery-icon landscape'>\n\t\t\t\t<a href='https:\/\/www.torrevado.info\/news\/wp-content\/uploads\/2018\/11\/panoramica-nevicata-torre-vado.jpg' title=\"panoramica nevicata torre vado\" data-rl_title=\"panoramica nevicata torre vado\" class=\"rl-gallery-link\" data-rl_caption=\"\" data-rel=\"lightbox-gallery-1\"><img loading=\"lazy\" decoding=\"async\" width=\"150\" height=\"150\" src=\"https:\/\/www.torrevado.info\/news\/wp-content\/uploads\/2018\/11\/panoramica-nevicata-torre-vado-150x150.jpg\" class=\"attachment-thumbnail size-thumbnail\" alt=\"panoramica nevicata torre vado\" \/><\/a>\n\t\t\t<\/dt><\/dl><br style=\"clear: both\" \/><dl class='gallery-item'>\n\t\t\t<dt class='gallery-icon landscape'>\n\t\t\t\t<a href='https:\/\/www.torrevado.info\/news\/wp-content\/uploads\/2018\/11\/paiara-nevicata-salento.jpg' title=\"paiara nevicata salento\" data-rl_title=\"paiara nevicata salento\" class=\"rl-gallery-link\" data-rl_caption=\"\" data-rel=\"lightbox-gallery-1\"><img loading=\"lazy\" decoding=\"async\" width=\"150\" height=\"150\" src=\"https:\/\/www.torrevado.info\/news\/wp-content\/uploads\/2018\/11\/paiara-nevicata-salento-150x150.jpg\" class=\"attachment-thumbnail size-thumbnail\" alt=\"paiara nevicata salento\" \/><\/a>\n\t\t\t<\/dt><\/dl><dl class='gallery-item'>\n\t\t\t<dt class='gallery-icon portrait'>\n\t\t\t\t<a href='https:\/\/www.torrevado.info\/news\/wp-content\/uploads\/2018\/11\/olico-secolare-salento-imbiacato.jpg' title=\"olivo secolare salento imbiacato\" data-rl_title=\"olivo secolare salento imbiacato\" class=\"rl-gallery-link\" data-rl_caption=\"\" data-rel=\"lightbox-gallery-1\"><img loading=\"lazy\" decoding=\"async\" width=\"150\" height=\"150\" src=\"https:\/\/www.torrevado.info\/news\/wp-content\/uploads\/2018\/11\/olico-secolare-salento-imbiacato-150x150.jpg\" class=\"attachment-thumbnail size-thumbnail\" alt=\"olivo secolare salento imbiacato\" \/><\/a>\n\t\t\t<\/dt><\/dl><dl class='gallery-item'>\n\t\t\t<dt class='gallery-icon landscape'>\n\t\t\t\t<a href='https:\/\/www.torrevado.info\/news\/wp-content\/uploads\/2018\/11\/nevicata-torre-vado.jpg' title=\"nevicata torre vado\" data-rl_title=\"nevicata torre vado\" class=\"rl-gallery-link\" data-rl_caption=\"\" data-rel=\"lightbox-gallery-1\"><img loading=\"lazy\" decoding=\"async\" width=\"150\" height=\"150\" src=\"https:\/\/www.torrevado.info\/news\/wp-content\/uploads\/2018\/11\/nevicata-torre-vado-150x150.jpg\" class=\"attachment-thumbnail size-thumbnail\" alt=\"nevicata torre vado\" \/><\/a>\n\t\t\t<\/dt><\/dl><br style=\"clear: both\" \/><dl class='gallery-item'>\n\t\t\t<dt class='gallery-icon landscape'>\n\t\t\t\t<a href='https:\/\/www.torrevado.info\/news\/wp-content\/uploads\/2018\/11\/nevicata-torrevado.jpg' title=\"nevicata torrevado\" data-rl_title=\"nevicata torrevado\" class=\"rl-gallery-link\" data-rl_caption=\"\" data-rel=\"lightbox-gallery-1\"><img loading=\"lazy\" decoding=\"async\" width=\"150\" height=\"150\" src=\"https:\/\/www.torrevado.info\/news\/wp-content\/uploads\/2018\/11\/nevicata-torrevado-150x150.jpg\" class=\"attachment-thumbnail size-thumbnail\" alt=\"nevicata torrevado\" \/><\/a>\n\t\t\t<\/dt><\/dl><dl class='gallery-item'>\n\t\t\t<dt class='gallery-icon landscape'>\n\t\t\t\t<a href='https:\/\/www.torrevado.info\/news\/wp-content\/uploads\/2018\/11\/nevicata-spiagge-puglia.jpg' title=\"nevicata spiagge puglia\" data-rl_title=\"nevicata spiagge puglia\" class=\"rl-gallery-link\" data-rl_caption=\"\" data-rel=\"lightbox-gallery-1\"><img loading=\"lazy\" decoding=\"async\" width=\"150\" height=\"150\" src=\"https:\/\/www.torrevado.info\/news\/wp-content\/uploads\/2018\/11\/nevicata-spiagge-puglia-150x150.jpg\" class=\"attachment-thumbnail size-thumbnail\" alt=\"nevicata spiagge puglia\" \/><\/a>\n\t\t\t<\/dt><\/dl><dl class='gallery-item'>\n\t\t\t<dt class='gallery-icon landscape'>\n\t\t\t\t<a href='https:\/\/www.torrevado.info\/news\/wp-content\/uploads\/2018\/11\/nevicata-spiagge-pescoluse.jpg' title=\"nevicata spiagge pescoluse\" data-rl_title=\"nevicata spiagge pescoluse\" class=\"rl-gallery-link\" data-rl_caption=\"\" data-rel=\"lightbox-gallery-1\"><img loading=\"lazy\" decoding=\"async\" width=\"150\" height=\"150\" src=\"https:\/\/www.torrevado.info\/news\/wp-content\/uploads\/2018\/11\/nevicata-spiagge-pescoluse-150x150.jpg\" class=\"attachment-thumbnail size-thumbnail\" alt=\"nevicata spiagge pescoluse\" \/><\/a>\n\t\t\t<\/dt><\/dl><br style=\"clear: both\" \/><dl class='gallery-item'>\n\t\t\t<dt class='gallery-icon landscape'>\n\t\t\t\t<a href='https:\/\/www.torrevado.info\/news\/wp-content\/uploads\/2018\/11\/nevicata-salento.jpg' title=\"nevicata salento\" data-rl_title=\"nevicata salento\" class=\"rl-gallery-link\" data-rl_caption=\"\" data-rel=\"lightbox-gallery-1\"><img loading=\"lazy\" decoding=\"async\" width=\"150\" height=\"150\" src=\"https:\/\/www.torrevado.info\/news\/wp-content\/uploads\/2018\/11\/nevicata-salento-150x150.jpg\" class=\"attachment-thumbnail size-thumbnail\" alt=\"nevicata salento\" \/><\/a>\n\t\t\t<\/dt><\/dl><dl class='gallery-item'>\n\t\t\t<dt class='gallery-icon landscape'>\n\t\t\t\t<a href='https:\/\/www.torrevado.info\/news\/wp-content\/uploads\/2018\/11\/nevicata-puglia-2017.jpg' title=\"nevicata puglia 2017\" data-rl_title=\"nevicata puglia 2017\" class=\"rl-gallery-link\" data-rl_caption=\"\" data-rel=\"lightbox-gallery-1\"><img loading=\"lazy\" decoding=\"async\" width=\"150\" height=\"150\" src=\"https:\/\/www.torrevado.info\/news\/wp-content\/uploads\/2018\/11\/nevicata-puglia-2017-150x150.jpg\" class=\"attachment-thumbnail size-thumbnail\" alt=\"nevicata puglia 2017\" \/><\/a>\n\t\t\t<\/dt><\/dl><dl class='gallery-item'>\n\t\t\t<dt class='gallery-icon landscape'>\n\t\t\t\t<a href='https:\/\/www.torrevado.info\/news\/wp-content\/uploads\/2018\/11\/nevicata-puglia.jpg' title=\"nevicata puglia\" data-rl_title=\"nevicata puglia\" class=\"rl-gallery-link\" data-rl_caption=\"\" data-rel=\"lightbox-gallery-1\"><img loading=\"lazy\" decoding=\"async\" width=\"150\" height=\"150\" src=\"https:\/\/www.torrevado.info\/news\/wp-content\/uploads\/2018\/11\/nevicata-puglia-150x150.jpg\" class=\"attachment-thumbnail size-thumbnail\" alt=\"nevicata puglia\" \/><\/a>\n\t\t\t<\/dt><\/dl><br style=\"clear: both\" \/><dl class='gallery-item'>\n\t\t\t<dt class='gallery-icon landscape'>\n\t\t\t\t<a href='https:\/\/www.torrevado.info\/news\/wp-content\/uploads\/2018\/11\/nevicata-porto-torrevado.jpg' title=\"nevicata porto torrevado\" data-rl_title=\"nevicata porto torrevado\" class=\"rl-gallery-link\" data-rl_caption=\"\" data-rel=\"lightbox-gallery-1\"><img loading=\"lazy\" decoding=\"async\" width=\"150\" height=\"150\" src=\"https:\/\/www.torrevado.info\/news\/wp-content\/uploads\/2018\/11\/nevicata-porto-torrevado-150x150.jpg\" class=\"attachment-thumbnail size-thumbnail\" alt=\"nevicata porto torrevado\" \/><\/a>\n\t\t\t<\/dt><\/dl><dl class='gallery-item'>\n\t\t\t<dt class='gallery-icon landscape'>\n\t\t\t\t<a href='https:\/\/www.torrevado.info\/news\/wp-content\/uploads\/2018\/11\/nevicata-lungomare-torrevado.jpg' title=\"nevicata lungomare torrevado\" data-rl_title=\"nevicata lungomare torrevado\" class=\"rl-gallery-link\" data-rl_caption=\"\" data-rel=\"lightbox-gallery-1\"><img loading=\"lazy\" decoding=\"async\" width=\"150\" height=\"150\" src=\"https:\/\/www.torrevado.info\/news\/wp-content\/uploads\/2018\/11\/nevicata-lungomare-torrevado-150x150.jpg\" class=\"attachment-thumbnail size-thumbnail\" alt=\"nevicata lungomare torrevado\" \/><\/a>\n\t\t\t<\/dt><\/dl><dl class='gallery-item'>\n\t\t\t<dt class='gallery-icon landscape'>\n\t\t\t\t<a href='https:\/\/www.torrevado.info\/news\/wp-content\/uploads\/2018\/11\/nevicata-le-sorgenti-torrevado.jpg' title=\"nevicata le sorgenti torrevado\" data-rl_title=\"nevicata le sorgenti torrevado\" class=\"rl-gallery-link\" data-rl_caption=\"\" data-rel=\"lightbox-gallery-1\"><img loading=\"lazy\" decoding=\"async\" width=\"150\" height=\"150\" src=\"https:\/\/www.torrevado.info\/news\/wp-content\/uploads\/2018\/11\/nevicata-le-sorgenti-torrevado-150x150.jpg\" class=\"attachment-thumbnail size-thumbnail\" alt=\"nevicata le sorgenti torrevado\" \/><\/a>\n\t\t\t<\/dt><\/dl><br style=\"clear: both\" \/><dl class='gallery-item'>\n\t\t\t<dt class='gallery-icon landscape'>\n\t\t\t\t<a href='https:\/\/www.torrevado.info\/news\/wp-content\/uploads\/2018\/11\/nevicata-2017-salento.jpg' title=\"nevicata 2017 salento\" data-rl_title=\"nevicata 2017 salento\" class=\"rl-gallery-link\" data-rl_caption=\"\" data-rel=\"lightbox-gallery-1\"><img loading=\"lazy\" decoding=\"async\" width=\"150\" height=\"150\" src=\"https:\/\/www.torrevado.info\/news\/wp-content\/uploads\/2018\/11\/nevicata-2017-salento-150x150.jpg\" class=\"attachment-thumbnail size-thumbnail\" alt=\"nevicata 2017 salento\" \/><\/a>\n\t\t\t<\/dt><\/dl><dl class='gallery-item'>\n\t\t\t<dt class='gallery-icon landscape'>\n\t\t\t\t<a href='https:\/\/www.torrevado.info\/news\/wp-content\/uploads\/2018\/11\/neve-ulivi-secolari.jpg' title=\"neve ulivi secolari\" data-rl_title=\"neve ulivi secolari\" class=\"rl-gallery-link\" data-rl_caption=\"\" data-rel=\"lightbox-gallery-1\"><img loading=\"lazy\" decoding=\"async\" width=\"150\" height=\"150\" src=\"https:\/\/www.torrevado.info\/news\/wp-content\/uploads\/2018\/11\/neve-ulivi-secolari-150x150.jpg\" class=\"attachment-thumbnail size-thumbnail\" alt=\"neve ulivi secolari\" \/><\/a>\n\t\t\t<\/dt><\/dl><dl class='gallery-item'>\n\t\t\t<dt class='gallery-icon landscape'>\n\t\t\t\t<a href='https:\/\/www.torrevado.info\/news\/wp-content\/uploads\/2018\/11\/neve-sulla-spiaggia-torre-vado.jpg' title=\"neve sulla spiaggia torre vado\" data-rl_title=\"neve sulla spiaggia torre vado\" class=\"rl-gallery-link\" data-rl_caption=\"\" data-rel=\"lightbox-gallery-1\"><img loading=\"lazy\" decoding=\"async\" width=\"150\" height=\"150\" src=\"https:\/\/www.torrevado.info\/news\/wp-content\/uploads\/2018\/11\/neve-sulla-spiaggia-torre-vado-150x150.jpg\" class=\"attachment-thumbnail size-thumbnail\" alt=\"neve sulla spiaggia torre vado\" \/><\/a>\n\t\t\t<\/dt><\/dl><br style=\"clear: both\" \/><dl class='gallery-item'>\n\t\t\t<dt class='gallery-icon landscape'>\n\t\t\t\t<a href='https:\/\/www.torrevado.info\/news\/wp-content\/uploads\/2018\/11\/neve-spiaggia-salento.jpg' title=\"neve spiaggia salento\" data-rl_title=\"neve spiaggia salento\" class=\"rl-gallery-link\" data-rl_caption=\"\" data-rel=\"lightbox-gallery-1\"><img loading=\"lazy\" decoding=\"async\" width=\"150\" height=\"150\" src=\"https:\/\/www.torrevado.info\/news\/wp-content\/uploads\/2018\/11\/neve-spiaggia-salento-150x150.jpg\" class=\"attachment-thumbnail size-thumbnail\" alt=\"neve spiaggia salento\" \/><\/a>\n\t\t\t<\/dt><\/dl><dl class='gallery-item'>\n\t\t\t<dt class='gallery-icon landscape'>\n\t\t\t\t<a href='https:\/\/www.torrevado.info\/news\/wp-content\/uploads\/2018\/11\/neve-spiaggia-pescoluse.jpg' title=\"neve spiaggia pescoluse\" data-rl_title=\"neve spiaggia pescoluse\" class=\"rl-gallery-link\" data-rl_caption=\"\" data-rel=\"lightbox-gallery-1\"><img loading=\"lazy\" decoding=\"async\" width=\"150\" height=\"150\" src=\"https:\/\/www.torrevado.info\/news\/wp-content\/uploads\/2018\/11\/neve-spiaggia-pescoluse-150x150.jpg\" class=\"attachment-thumbnail size-thumbnail\" alt=\"neve spiaggia pescoluse\" \/><\/a>\n\t\t\t<\/dt><\/dl><dl class='gallery-item'>\n\t\t\t<dt class='gallery-icon landscape'>\n\t\t\t\t<a href='https:\/\/www.torrevado.info\/news\/wp-content\/uploads\/2018\/11\/neve-spiaggetta-torre-vado.jpg' title=\"neve spiaggetta torre vado\" data-rl_title=\"neve spiaggetta torre vado\" class=\"rl-gallery-link\" data-rl_caption=\"\" data-rel=\"lightbox-gallery-1\"><img loading=\"lazy\" decoding=\"async\" width=\"150\" height=\"150\" src=\"https:\/\/www.torrevado.info\/news\/wp-content\/uploads\/2018\/11\/neve-spiaggetta-torre-vado-150x150.jpg\" class=\"attachment-thumbnail size-thumbnail\" alt=\"neve spiaggetta torre vado\" \/><\/a>\n\t\t\t<\/dt><\/dl><br style=\"clear: both\" \/><dl class='gallery-item'>\n\t\t\t<dt class='gallery-icon landscape'>\n\t\t\t\t<a href='https:\/\/www.torrevado.info\/news\/wp-content\/uploads\/2018\/11\/neve-porto-torre-vado.jpg' title=\"neve porto torre vado\" data-rl_title=\"neve porto torre vado\" class=\"rl-gallery-link\" data-rl_caption=\"\" data-rel=\"lightbox-gallery-1\"><img loading=\"lazy\" decoding=\"async\" width=\"150\" height=\"150\" src=\"https:\/\/www.torrevado.info\/news\/wp-content\/uploads\/2018\/11\/neve-porto-torre-vado-150x150.jpg\" class=\"attachment-thumbnail size-thumbnail\" alt=\"neve porto torre vado\" \/><\/a>\n\t\t\t<\/dt><\/dl><dl class='gallery-item'>\n\t\t\t<dt class='gallery-icon landscape'>\n\t\t\t\t<a href='https:\/\/www.torrevado.info\/news\/wp-content\/uploads\/2018\/11\/neve-pajara-salento.jpg' title=\"neve pajara salento\" data-rl_title=\"neve pajara salento\" class=\"rl-gallery-link\" data-rl_caption=\"\" data-rel=\"lightbox-gallery-1\"><img loading=\"lazy\" decoding=\"async\" width=\"150\" height=\"150\" src=\"https:\/\/www.torrevado.info\/news\/wp-content\/uploads\/2018\/11\/neve-pajara-salento-150x150.jpg\" class=\"attachment-thumbnail size-thumbnail\" alt=\"neve pajara salento\" \/><\/a>\n\t\t\t<\/dt><\/dl><dl class='gallery-item'>\n\t\t\t<dt class='gallery-icon landscape'>\n\t\t\t\t<a href='https:\/\/www.torrevado.info\/news\/wp-content\/uploads\/2018\/11\/neve-paiara-salento.jpg' title=\"neve paiara salento\" data-rl_title=\"neve paiara salento\" class=\"rl-gallery-link\" data-rl_caption=\"\" data-rel=\"lightbox-gallery-1\"><img loading=\"lazy\" decoding=\"async\" width=\"150\" height=\"150\" src=\"https:\/\/www.torrevado.info\/news\/wp-content\/uploads\/2018\/11\/neve-paiara-salento-150x150.jpg\" class=\"attachment-thumbnail size-thumbnail\" alt=\"neve paiara salento\" \/><\/a>\n\t\t\t<\/dt><\/dl><br style=\"clear: both\" \/><dl class='gallery-item'>\n\t\t\t<dt class='gallery-icon landscape'>\n\t\t\t\t<a href='https:\/\/www.torrevado.info\/news\/wp-content\/uploads\/2018\/11\/neve-natura-salentina.jpg' title=\"neve natura salentina\" data-rl_title=\"neve natura salentina\" class=\"rl-gallery-link\" data-rl_caption=\"\" data-rel=\"lightbox-gallery-1\"><img loading=\"lazy\" decoding=\"async\" width=\"150\" height=\"150\" src=\"https:\/\/www.torrevado.info\/news\/wp-content\/uploads\/2018\/11\/neve-natura-salentina-150x150.jpg\" class=\"attachment-thumbnail size-thumbnail\" alt=\"neve natura salentina\" \/><\/a>\n\t\t\t<\/dt><\/dl><dl class='gallery-item'>\n\t\t\t<dt class='gallery-icon landscape'>\n\t\t\t\t<a href='https:\/\/www.torrevado.info\/news\/wp-content\/uploads\/2018\/11\/neve-mare-salento.jpg' title=\"neve mare salento\" data-rl_title=\"neve mare salento\" class=\"rl-gallery-link\" data-rl_caption=\"\" data-rel=\"lightbox-gallery-1\"><img loading=\"lazy\" decoding=\"async\" width=\"150\" height=\"150\" src=\"https:\/\/www.torrevado.info\/news\/wp-content\/uploads\/2018\/11\/neve-mare-salento-150x150.jpg\" class=\"attachment-thumbnail size-thumbnail\" alt=\"neve mare salento\" \/><\/a>\n\t\t\t<\/dt><\/dl><dl class='gallery-item'>\n\t\t\t<dt class='gallery-icon landscape'>\n\t\t\t\t<a href='https:\/\/www.torrevado.info\/news\/wp-content\/uploads\/2018\/11\/neve-lungomare-torre-vado.jpg' title=\"neve lungomare torre vado\" data-rl_title=\"neve lungomare torre vado\" class=\"rl-gallery-link\" data-rl_caption=\"\" data-rel=\"lightbox-gallery-1\"><img loading=\"lazy\" decoding=\"async\" width=\"150\" height=\"150\" src=\"https:\/\/www.torrevado.info\/news\/wp-content\/uploads\/2018\/11\/neve-lungomare-torre-vado-150x150.jpg\" class=\"attachment-thumbnail size-thumbnail\" alt=\"neve lungomare torre vado\" \/><\/a>\n\t\t\t<\/dt><\/dl><br style=\"clear: both\" \/><dl class='gallery-item'>\n\t\t\t<dt class='gallery-icon landscape'>\n\t\t\t\t<a href='https:\/\/www.torrevado.info\/news\/wp-content\/uploads\/2018\/11\/neve-2017-panoramica-torrevado.jpg' title=\"neve 2017 panoramica torrevado\" data-rl_title=\"neve 2017 panoramica torrevado\" class=\"rl-gallery-link\" data-rl_caption=\"\" data-rel=\"lightbox-gallery-1\"><img loading=\"lazy\" decoding=\"async\" width=\"150\" height=\"150\" src=\"https:\/\/www.torrevado.info\/news\/wp-content\/uploads\/2018\/11\/neve-2017-panoramica-torrevado-150x150.jpg\" class=\"attachment-thumbnail size-thumbnail\" alt=\"neve 2017 panoramica torrevado\" \/><\/a>\n\t\t\t<\/dt><\/dl><dl class='gallery-item'>\n\t\t\t<dt class='gallery-icon landscape'>\n\t\t\t\t<a href='https:\/\/www.torrevado.info\/news\/wp-content\/uploads\/2018\/11\/lungomare-torre-vado-innevato.jpg' title=\"lungomare torre vado innevato\" data-rl_title=\"lungomare torre vado innevato\" class=\"rl-gallery-link\" data-rl_caption=\"\" data-rel=\"lightbox-gallery-1\"><img loading=\"lazy\" decoding=\"async\" width=\"150\" height=\"150\" src=\"https:\/\/www.torrevado.info\/news\/wp-content\/uploads\/2018\/11\/lungomare-torre-vado-innevato-150x150.jpg\" class=\"attachment-thumbnail size-thumbnail\" alt=\"lungomare torre vado innevato\" \/><\/a>\n\t\t\t<\/dt><\/dl><dl class='gallery-item'>\n\t\t\t<dt class='gallery-icon landscape'>\n\t\t\t\t<a href='https:\/\/www.torrevado.info\/news\/wp-content\/uploads\/2018\/11\/lungomare-salento-nevicata.jpg' title=\"lungomare salento nevicata\" data-rl_title=\"lungomare salento nevicata\" class=\"rl-gallery-link\" data-rl_caption=\"\" data-rel=\"lightbox-gallery-1\"><img loading=\"lazy\" decoding=\"async\" width=\"150\" height=\"150\" src=\"https:\/\/www.torrevado.info\/news\/wp-content\/uploads\/2018\/11\/lungomare-salento-nevicata-150x150.jpg\" class=\"attachment-thumbnail size-thumbnail\" alt=\"lungomare salento nevicata\" \/><\/a>\n\t\t\t<\/dt><\/dl><br style=\"clear: both\" \/><dl class='gallery-item'>\n\t\t\t<dt class='gallery-icon landscape'>\n\t\t\t\t<a href='https:\/\/www.torrevado.info\/news\/wp-content\/uploads\/2018\/11\/lidovenere-pescoluse.nevicata.jpg' title=\"lidovenere pescoluse nevicata\" data-rl_title=\"lidovenere pescoluse nevicata\" class=\"rl-gallery-link\" data-rl_caption=\"\" data-rel=\"lightbox-gallery-1\"><img loading=\"lazy\" decoding=\"async\" width=\"150\" height=\"150\" src=\"https:\/\/www.torrevado.info\/news\/wp-content\/uploads\/2018\/11\/lidovenere-pescoluse.nevicata-150x150.jpg\" class=\"attachment-thumbnail size-thumbnail\" alt=\"lidovenere pescoluse nevicata\" \/><\/a>\n\t\t\t<\/dt><\/dl><dl class='gallery-item'>\n\t\t\t<dt class='gallery-icon landscape'>\n\t\t\t\t<a href='https:\/\/www.torrevado.info\/news\/wp-content\/uploads\/2018\/11\/la-torre-costiera-innevata-salento.jpg' title=\"la torre costiera innevata salento\" data-rl_title=\"la torre costiera innevata salento\" class=\"rl-gallery-link\" data-rl_caption=\"\" data-rel=\"lightbox-gallery-1\"><img loading=\"lazy\" decoding=\"async\" width=\"150\" height=\"150\" src=\"https:\/\/www.torrevado.info\/news\/wp-content\/uploads\/2018\/11\/la-torre-costiera-innevata-salento-150x150.jpg\" class=\"attachment-thumbnail size-thumbnail\" alt=\"la torre costiera innevata salento\" \/><\/a>\n\t\t\t<\/dt><\/dl><dl class='gallery-item'>\n\t\t\t<dt class='gallery-icon landscape'>\n\t\t\t\t<a href='https:\/\/www.torrevado.info\/news\/wp-content\/uploads\/2018\/11\/il-mare-si-riprende-la-spiaggia.jpg' title=\"il mare si riprende la spiaggia\" data-rl_title=\"il mare si riprende la spiaggia\" class=\"rl-gallery-link\" data-rl_caption=\"\" data-rel=\"lightbox-gallery-1\"><img loading=\"lazy\" decoding=\"async\" width=\"150\" height=\"150\" src=\"https:\/\/www.torrevado.info\/news\/wp-content\/uploads\/2018\/11\/il-mare-si-riprende-la-spiaggia-150x150.jpg\" class=\"attachment-thumbnail size-thumbnail\" alt=\"Salento il mare si riprende la spiaggia\" \/><\/a>\n\t\t\t<\/dt><\/dl><br style=\"clear: both\" \/><dl class='gallery-item'>\n\t\t\t<dt class='gallery-icon landscape'>\n\t\t\t\t<a href='https:\/\/www.torrevado.info\/news\/wp-content\/uploads\/2018\/11\/fichi-india-salento-innevati.jpg' title=\"fichi india salento innevati\" data-rl_title=\"fichi india salento innevati\" class=\"rl-gallery-link\" data-rl_caption=\"\" data-rel=\"lightbox-gallery-1\"><img loading=\"lazy\" decoding=\"async\" width=\"150\" height=\"150\" src=\"https:\/\/www.torrevado.info\/news\/wp-content\/uploads\/2018\/11\/fichi-india-salento-innevati-150x150.jpg\" class=\"attachment-thumbnail size-thumbnail\" alt=\"fichi india salento innevati\" \/><\/a>\n\t\t\t<\/dt><\/dl><dl class='gallery-item'>\n\t\t\t<dt class='gallery-icon landscape'>\n\t\t\t\t<a href='https:\/\/www.torrevado.info\/news\/wp-content\/uploads\/2018\/11\/costa-torre-vado-nevicata-2017.jpg' title=\"costa torre vado nevicata 2017\" data-rl_title=\"costa torre vado nevicata 2017\" class=\"rl-gallery-link\" data-rl_caption=\"\" data-rel=\"lightbox-gallery-1\"><img loading=\"lazy\" decoding=\"async\" width=\"150\" height=\"150\" src=\"https:\/\/www.torrevado.info\/news\/wp-content\/uploads\/2018\/11\/costa-torre-vado-nevicata-2017-150x150.jpg\" class=\"attachment-thumbnail size-thumbnail\" alt=\"costa torre vado nevicata 2017\" \/><\/a>\n\t\t\t<\/dt><\/dl><dl class='gallery-item'>\n\t\t\t<dt class='gallery-icon landscape'>\n\t\t\t\t<a href='https:\/\/www.torrevado.info\/news\/wp-content\/uploads\/2018\/11\/costa-salentina-innevata.jpg' title=\"costa salentina innevata\" data-rl_title=\"costa salentina innevata\" class=\"rl-gallery-link\" data-rl_caption=\"\" data-rel=\"lightbox-gallery-1\"><img loading=\"lazy\" decoding=\"async\" width=\"150\" height=\"150\" src=\"https:\/\/www.torrevado.info\/news\/wp-content\/uploads\/2018\/11\/costa-salentina-innevata-150x150.jpg\" class=\"attachment-thumbnail size-thumbnail\" alt=\"costa salentina innevata\" \/><\/a>\n\t\t\t<\/dt><\/dl><br style=\"clear: both\" \/><dl class='gallery-item'>\n\t\t\t<dt class='gallery-icon landscape'>\n\t\t\t\t<a href='https:\/\/www.torrevado.info\/news\/wp-content\/uploads\/2018\/11\/alberi-imbiancati-salento.jpg' title=\"alberi imbiancati salento\" data-rl_title=\"alberi imbiancati salento\" class=\"rl-gallery-link\" data-rl_caption=\"\" data-rel=\"lightbox-gallery-1\"><img loading=\"lazy\" decoding=\"async\" width=\"150\" height=\"150\" src=\"https:\/\/www.torrevado.info\/news\/wp-content\/uploads\/2018\/11\/alberi-imbiancati-salento-150x150.jpg\" class=\"attachment-thumbnail size-thumbnail\" alt=\"alberi imbiancati salento\" \/><\/a>\n\t\t\t<\/dt><\/dl><dl class='gallery-item'>\n\t\t\t<dt class='gallery-icon landscape'>\n\t\t\t\t<a href='https:\/\/www.torrevado.info\/news\/wp-content\/uploads\/2018\/11\/albatros-hotel-nevicata.jpg' title=\"albatros hotel nevicata\" data-rl_title=\"albatros hotel nevicata\" class=\"rl-gallery-link\" data-rl_caption=\"\" data-rel=\"lightbox-gallery-1\"><img loading=\"lazy\" decoding=\"async\" width=\"150\" height=\"150\" src=\"https:\/\/www.torrevado.info\/news\/wp-content\/uploads\/2018\/11\/albatros-hotel-nevicata-150x150.jpg\" class=\"attachment-thumbnail size-thumbnail\" alt=\"albatros hotel nevicata\" \/><\/a>\n\t\t\t<\/dt><\/dl><dl class='gallery-item'>\n\t\t\t<dt class='gallery-icon landscape'>\n\t\t\t\t<a href='https:\/\/www.torrevado.info\/news\/wp-content\/uploads\/2018\/11\/accesso-al-mare-porto-torre-vado-neve.jpg' title=\"accesso al mare porto torre vado-neve\" data-rl_title=\"accesso al mare porto torre vado-neve\" class=\"rl-gallery-link\" data-rl_caption=\"\" data-rel=\"lightbox-gallery-1\"><img loading=\"lazy\" decoding=\"async\" width=\"150\" height=\"150\" src=\"https:\/\/www.torrevado.info\/news\/wp-content\/uploads\/2018\/11\/accesso-al-mare-porto-torre-vado-neve-150x150.jpg\" class=\"attachment-thumbnail size-thumbnail\" alt=\"accesso al mare porto torre vado-neve\" \/><\/a>\n\t\t\t<\/dt><\/dl><br style=\"clear: both\" \/>\n\t\t<\/div>\n\n","protected":false},"excerpt":{"rendered":"<p>Nonostante le previsioni meteo nessun salentino ci aveva creduto pi\u00f9 di tanto: non era la prima volta che il vento, lo scirocco, la sfortuna spazzavano via le nuvole confermando la rassegnazione di chi in questa terra ha sempre dovuto fare i conti con la millenaria mancanza di acqua.&nbsp;Sarebbe arrivato solo il vento ed i pochi fiocchi neve sarebbero svaniti con i primi raggi di sole. Anche questa volta niente acqua, figuriamoci la neve. E invece la neve \u00e8 arrivata. Eccome [&hellip;]<\/p>\n","protected":false},"author":2,"featured_media":2476,"comment_status":"open","ping_status":"closed","sticky":false,"template":"","format":"standard","meta":{"footnotes":""},"categories":[14,150],"tags":[],"class_list":["post-2434","post","type-post","status-publish","format-standard","has-post-thumbnail","hentry","category-salento","category-torre-vado-morciano-barbarano-torre-vado"],"yoast_head":"<!-- This site is optimized with the Yoast SEO plugin v24.7 - https:\/\/yoast.com\/wordpress\/plugins\/seo\/ -->\r\n<title>Torre Vado, le bellezze del Salento vestite di bianco - Eventi e Notizie del Salento<\/title>\r\n<meta name=\"description\" content=\"Gennaio 2017:\u00a0\u00a0Una vera e propria bufera, tanta e abbondante da imbiancare tutto il Salento.Per diversi giorni un candido manto bianco ha ricoperto ogni pietra, la terra rossa, gli ulivi, le spiagge, le case: nell&#039;incredulit\u00e0 e meraviglia generali.\" \/>\r\n<meta name=\"robots\" content=\"index, follow, max-snippet:-1, max-image-preview:large, max-video-preview:-1\" \/>\r\n<link rel=\"canonical\" href=\"https:\/\/www.torrevado.info\/news\/index.php\/2019\/01\/torre-vado-le-bellezze-del-salento-vestite-di-bianco.html\" \/>\r\n<meta property=\"og:locale\" content=\"it_IT\" \/>\r\n<meta property=\"og:type\" content=\"article\" \/>\r\n<meta property=\"og:title\" content=\"Torre Vado, le bellezze del Salento vestite di bianco - Eventi e Notizie del Salento\" \/>\r\n<meta property=\"og:description\" content=\"Gennaio 2017:\u00a0\u00a0Una vera e propria bufera, tanta e abbondante da imbiancare tutto il Salento.Per diversi giorni un candido manto bianco ha ricoperto ogni pietra, la terra rossa, gli ulivi, le spiagge, le case: nell&#039;incredulit\u00e0 e meraviglia generali.\" \/>\r\n<meta property=\"og:url\" content=\"https:\/\/www.torrevado.info\/news\/index.php\/2019\/01\/torre-vado-le-bellezze-del-salento-vestite-di-bianco.html\" \/>\r\n<meta property=\"og:site_name\" content=\"Eventi e Notizie del Salento\" \/>\r\n<meta property=\"article:published_time\" content=\"2019-01-01T07:35:28+00:00\" \/>\r\n<meta property=\"og:image\" content=\"https:\/\/www.torrevado.info\/news\/wp-content\/uploads\/2018\/11\/spiaggia-lido-venere-innevata.jpg\" \/>\r\n\t<meta property=\"og:image:width\" content=\"1000\" \/>\r\n\t<meta property=\"og:image:height\" content=\"750\" \/>\r\n\t<meta property=\"og:image:type\" content=\"image\/jpeg\" \/>\r\n<meta name=\"author\" content=\"Anna Maria Ciardo\" \/>\r\n<meta name=\"twitter:card\" content=\"summary_large_image\" \/>\r\n<meta name=\"twitter:label1\" content=\"Scritto da\" \/>\n\t<meta name=\"twitter:data1\" content=\"Anna Maria Ciardo\" \/>\n\t<meta name=\"twitter:label2\" content=\"Tempo di lettura stimato\" \/>\n\t<meta name=\"twitter:data2\" content=\"4 minuti\" \/>\r\n<script type=\"application\/ld+json\" class=\"yoast-schema-graph\">{\"@context\":\"https:\/\/schema.org\",\"@graph\":[{\"@type\":\"WebPage\",\"@id\":\"https:\/\/www.torrevado.info\/news\/index.php\/2019\/01\/torre-vado-le-bellezze-del-salento-vestite-di-bianco.html\",\"url\":\"https:\/\/www.torrevado.info\/news\/index.php\/2019\/01\/torre-vado-le-bellezze-del-salento-vestite-di-bianco.html\",\"name\":\"Torre Vado, le bellezze del Salento vestite di bianco - Eventi e Notizie del Salento\",\"isPartOf\":{\"@id\":\"https:\/\/www.torrevado.info\/news\/#website\"},\"primaryImageOfPage\":{\"@id\":\"https:\/\/www.torrevado.info\/news\/index.php\/2019\/01\/torre-vado-le-bellezze-del-salento-vestite-di-bianco.html#primaryimage\"},\"image\":{\"@id\":\"https:\/\/www.torrevado.info\/news\/index.php\/2019\/01\/torre-vado-le-bellezze-del-salento-vestite-di-bianco.html#primaryimage\"},\"thumbnailUrl\":\"https:\/\/www.torrevado.info\/news\/wp-content\/uploads\/2018\/11\/spiaggia-lido-venere-innevata.jpg\",\"datePublished\":\"2019-01-01T07:35:28+00:00\",\"author\":{\"@id\":\"https:\/\/www.torrevado.info\/news\/#\/schema\/person\/a9363953b66f43d14aee071a8faa0a3d\"},\"description\":\"Gennaio 2017:\u00a0\u00a0Una vera e propria bufera, tanta e abbondante da imbiancare tutto il Salento.Per diversi giorni un candido manto bianco ha ricoperto ogni pietra, la terra rossa, gli ulivi, le spiagge, le case: nell'incredulit\u00e0 e meraviglia generali.\",\"breadcrumb\":{\"@id\":\"https:\/\/www.torrevado.info\/news\/index.php\/2019\/01\/torre-vado-le-bellezze-del-salento-vestite-di-bianco.html#breadcrumb\"},\"inLanguage\":\"it-IT\",\"potentialAction\":[{\"@type\":\"ReadAction\",\"target\":[\"https:\/\/www.torrevado.info\/news\/index.php\/2019\/01\/torre-vado-le-bellezze-del-salento-vestite-di-bianco.html\"]}]},{\"@type\":\"ImageObject\",\"inLanguage\":\"it-IT\",\"@id\":\"https:\/\/www.torrevado.info\/news\/index.php\/2019\/01\/torre-vado-le-bellezze-del-salento-vestite-di-bianco.html#primaryimage\",\"url\":\"https:\/\/www.torrevado.info\/news\/wp-content\/uploads\/2018\/11\/spiaggia-lido-venere-innevata.jpg\",\"contentUrl\":\"https:\/\/www.torrevado.info\/news\/wp-content\/uploads\/2018\/11\/spiaggia-lido-venere-innevata.jpg\",\"width\":1000,\"height\":750,\"caption\":\"spiaggia lido venere innevata\"},{\"@type\":\"BreadcrumbList\",\"@id\":\"https:\/\/www.torrevado.info\/news\/index.php\/2019\/01\/torre-vado-le-bellezze-del-salento-vestite-di-bianco.html#breadcrumb\",\"itemListElement\":[{\"@type\":\"ListItem\",\"position\":1,\"name\":\"Home\",\"item\":\"https:\/\/www.torrevado.info\/news\"},{\"@type\":\"ListItem\",\"position\":2,\"name\":\"Torre Vado, le bellezze del Salento vestite di bianco\"}]},{\"@type\":\"WebSite\",\"@id\":\"https:\/\/www.torrevado.info\/news\/#website\",\"url\":\"https:\/\/www.torrevado.info\/news\/\",\"name\":\"Eventi e Notizie del Salento\",\"description\":\"\",\"potentialAction\":[{\"@type\":\"SearchAction\",\"target\":{\"@type\":\"EntryPoint\",\"urlTemplate\":\"https:\/\/www.torrevado.info\/news\/?s={search_term_string}\"},\"query-input\":{\"@type\":\"PropertyValueSpecification\",\"valueRequired\":true,\"valueName\":\"search_term_string\"}}],\"inLanguage\":\"it-IT\"},{\"@type\":\"Person\",\"@id\":\"https:\/\/www.torrevado.info\/news\/#\/schema\/person\/a9363953b66f43d14aee071a8faa0a3d\",\"name\":\"Anna Maria Ciardo\",\"sameAs\":[\"http:\/\/\"]}]}<\/script>\r\n<!-- \/ Yoast SEO plugin. -->","yoast_head_json":{"title":"Torre Vado, le bellezze del Salento vestite di bianco - Eventi e Notizie del Salento","description":"Gennaio 2017:\u00a0\u00a0Una vera e propria bufera, tanta e abbondante da imbiancare tutto il Salento.Per diversi giorni un candido manto bianco ha ricoperto ogni pietra, la terra rossa, gli ulivi, le spiagge, le case: nell'incredulit\u00e0 e meraviglia generali.","robots":{"index":"index","follow":"follow","max-snippet":"max-snippet:-1","max-image-preview":"max-image-preview:large","max-video-preview":"max-video-preview:-1"},"canonical":"https:\/\/www.torrevado.info\/news\/index.php\/2019\/01\/torre-vado-le-bellezze-del-salento-vestite-di-bianco.html","og_locale":"it_IT","og_type":"article","og_title":"Torre Vado, le bellezze del Salento vestite di bianco - Eventi e Notizie del Salento","og_description":"Gennaio 2017:\u00a0\u00a0Una vera e propria bufera, tanta e abbondante da imbiancare tutto il Salento.Per diversi giorni un candido manto bianco ha ricoperto ogni pietra, la terra rossa, gli ulivi, le spiagge, le case: nell'incredulit\u00e0 e meraviglia generali.","og_url":"https:\/\/www.torrevado.info\/news\/index.php\/2019\/01\/torre-vado-le-bellezze-del-salento-vestite-di-bianco.html","og_site_name":"Eventi e Notizie del Salento","article_published_time":"2019-01-01T07:35:28+00:00","og_image":[{"width":1000,"height":750,"url":"https:\/\/www.torrevado.info\/news\/wp-content\/uploads\/2018\/11\/spiaggia-lido-venere-innevata.jpg","type":"image\/jpeg"}],"author":"Anna Maria Ciardo","twitter_card":"summary_large_image","twitter_misc":{"Scritto da":"Anna Maria Ciardo","Tempo di lettura stimato":"4 minuti"},"schema":{"@context":"https:\/\/schema.org","@graph":[{"@type":"WebPage","@id":"https:\/\/www.torrevado.info\/news\/index.php\/2019\/01\/torre-vado-le-bellezze-del-salento-vestite-di-bianco.html","url":"https:\/\/www.torrevado.info\/news\/index.php\/2019\/01\/torre-vado-le-bellezze-del-salento-vestite-di-bianco.html","name":"Torre Vado, le bellezze del Salento vestite di bianco - Eventi e Notizie del Salento","isPartOf":{"@id":"https:\/\/www.torrevado.info\/news\/#website"},"primaryImageOfPage":{"@id":"https:\/\/www.torrevado.info\/news\/index.php\/2019\/01\/torre-vado-le-bellezze-del-salento-vestite-di-bianco.html#primaryimage"},"image":{"@id":"https:\/\/www.torrevado.info\/news\/index.php\/2019\/01\/torre-vado-le-bellezze-del-salento-vestite-di-bianco.html#primaryimage"},"thumbnailUrl":"https:\/\/www.torrevado.info\/news\/wp-content\/uploads\/2018\/11\/spiaggia-lido-venere-innevata.jpg","datePublished":"2019-01-01T07:35:28+00:00","author":{"@id":"https:\/\/www.torrevado.info\/news\/#\/schema\/person\/a9363953b66f43d14aee071a8faa0a3d"},"description":"Gennaio 2017:\u00a0\u00a0Una vera e propria bufera, tanta e abbondante da imbiancare tutto il Salento.Per diversi giorni un candido manto bianco ha ricoperto ogni pietra, la terra rossa, gli ulivi, le spiagge, le case: nell'incredulit\u00e0 e meraviglia generali.","breadcrumb":{"@id":"https:\/\/www.torrevado.info\/news\/index.php\/2019\/01\/torre-vado-le-bellezze-del-salento-vestite-di-bianco.html#breadcrumb"},"inLanguage":"it-IT","potentialAction":[{"@type":"ReadAction","target":["https:\/\/www.torrevado.info\/news\/index.php\/2019\/01\/torre-vado-le-bellezze-del-salento-vestite-di-bianco.html"]}]},{"@type":"ImageObject","inLanguage":"it-IT","@id":"https:\/\/www.torrevado.info\/news\/index.php\/2019\/01\/torre-vado-le-bellezze-del-salento-vestite-di-bianco.html#primaryimage","url":"https:\/\/www.torrevado.info\/news\/wp-content\/uploads\/2018\/11\/spiaggia-lido-venere-innevata.jpg","contentUrl":"https:\/\/www.torrevado.info\/news\/wp-content\/uploads\/2018\/11\/spiaggia-lido-venere-innevata.jpg","width":1000,"height":750,"caption":"spiaggia lido venere innevata"},{"@type":"BreadcrumbList","@id":"https:\/\/www.torrevado.info\/news\/index.php\/2019\/01\/torre-vado-le-bellezze-del-salento-vestite-di-bianco.html#breadcrumb","itemListElement":[{"@type":"ListItem","position":1,"name":"Home","item":"https:\/\/www.torrevado.info\/news"},{"@type":"ListItem","position":2,"name":"Torre Vado, le bellezze del Salento vestite di bianco"}]},{"@type":"WebSite","@id":"https:\/\/www.torrevado.info\/news\/#website","url":"https:\/\/www.torrevado.info\/news\/","name":"Eventi e Notizie del Salento","description":"","potentialAction":[{"@type":"SearchAction","target":{"@type":"EntryPoint","urlTemplate":"https:\/\/www.torrevado.info\/news\/?s={search_term_string}"},"query-input":{"@type":"PropertyValueSpecification","valueRequired":true,"valueName":"search_term_string"}}],"inLanguage":"it-IT"},{"@type":"Person","@id":"https:\/\/www.torrevado.info\/news\/#\/schema\/person\/a9363953b66f43d14aee071a8faa0a3d","name":"Anna Maria Ciardo","sameAs":["http:\/\/"]}]}},"_links":{"self":[{"href":"https:\/\/www.torrevado.info\/news\/index.php\/wp-json\/wp\/v2\/posts\/2434","targetHints":{"allow":["GET"]}}],"collection":[{"href":"https:\/\/www.torrevado.info\/news\/index.php\/wp-json\/wp\/v2\/posts"}],"about":[{"href":"https:\/\/www.torrevado.info\/news\/index.php\/wp-json\/wp\/v2\/types\/post"}],"author":[{"embeddable":true,"href":"https:\/\/www.torrevado.info\/news\/index.php\/wp-json\/wp\/v2\/users\/2"}],"replies":[{"embeddable":true,"href":"https:\/\/www.torrevado.info\/news\/index.php\/wp-json\/wp\/v2\/comments?post=2434"}],"version-history":[{"count":0,"href":"https:\/\/www.torrevado.info\/news\/index.php\/wp-json\/wp\/v2\/posts\/2434\/revisions"}],"wp:featuredmedia":[{"embeddable":true,"href":"https:\/\/www.torrevado.info\/news\/index.php\/wp-json\/wp\/v2\/media\/2476"}],"wp:attachment":[{"href":"https:\/\/www.torrevado.info\/news\/index.php\/wp-json\/wp\/v2\/media?parent=2434"}],"wp:term":[{"taxonomy":"category","embeddable":true,"href":"https:\/\/www.torrevado.info\/news\/index.php\/wp-json\/wp\/v2\/categories?post=2434"},{"taxonomy":"post_tag","embeddable":true,"href":"https:\/\/www.torrevado.info\/news\/index.php\/wp-json\/wp\/v2\/tags?post=2434"}],"curies":[{"name":"wp","href":"https:\/\/api.w.org\/{rel}","templated":true}]}}