{"id":284,"date":"2008-03-02T09:40:44","date_gmt":"2008-03-02T08:40:44","guid":{"rendered":"http:\/\/www.torrevado.info\/news\/index.php\/2008\/03\/ac-salve-kiro-morciano-1-1-cronaca-e-foto.html"},"modified":"2013-03-19T21:36:04","modified_gmt":"2013-03-19T20:36:04","slug":"ac-salve-kiro-morciano-1-1-cronaca-e-foto","status":"publish","type":"post","link":"https:\/\/www.torrevado.info\/news\/index.php\/2008\/03\/ac-salve-kiro-morciano-1-1-cronaca-e-foto.html","title":{"rendered":"AC SALVE &#8211; KIRO MORCIANO 1-1 CRONACA E FOTO"},"content":{"rendered":"<p><a title=\"\" rel=\"lightbox[pics284]\" href=\"https:\/\/www.torrevado.info\/news\/wp-content\/uploads\/2008\/03\/squadre.jpg\" data-rel=\"lightbox-gallery-zcMln5GI\" data-rl_title=\"\" data-rl_caption=\"\"><img loading=\"lazy\" decoding=\"async\" class=\"imageframe imgalignleft\" src=\"https:\/\/www.torrevado.info\/news\/wp-content\/uploads\/2008\/03\/squadre.thumbnail.jpg\" alt=\"squadre.jpg\" width=\"200\" height=\"134\" \/><\/a><\/p>\n<p>Formazione :PICCINNI,FEROCINO,COI,CIARDO,STENDARDO,FERILLI,CAPPILLI LUCA, CAPPILLI FRANCESCO, COSI, PELLICO, TARANTINO.<\/p>\n<p>Un derby  che ha tradito le attese per quanto riguardo lo spettacolo.Troppo bloccata tatticamente la gara nel primo tempo dove il Salve ha avuto due grandissime occasioni per fare gol grazie a due altre altrettanto plateali sviste da parte dell&#8217;arbitro. che lasciava scorrere il gioco con i due centravanti del Salve in netto fuorigioco.In una di queste con il centravanti ad un metro dalla porta \u00e8 stato strepitoso Mario Piccinni a respingere d&#8217;istinto.Una buona occasione anche per il Morciano con un gran tiro da parte di Tarantino sventato in angolo dal portiere avversario.<\/p>\n<p>Nel secondo tempo dopo pochi minuti il Salve si portava in vantaggio con il loro centravanti che raccoglieva una respinta di Piccinni che compiva un miracolo sul primo tiro ravvicinato ma nulla poteva sulla ribattuta. Si mette veramente male per i nostri ragazzi che a met\u00e0 ripresa perdono il bomber Tarantino per un infortunio al ginocchio (speriamo bene, la paura \u00e8 stata tanta in bocca a lupo a Salvatore) , ma non perdono la caparbiet\u00e0 nel cercare il pareggio e lo trovano meritatamente con Luca Cappilli che lanciato a rete si libera di due avversari e con un diagonale brucia il portiere avversario e sigla la rete del meritato pareggio per il Morciano.<\/p>\n<p>La partita finisce qui praticamente per tutti ma non per il direttore di gara che trova, aiutato dalla scena di un difensore avversario, il modo di espellere Luca Cappilli scatenando le ire dei tifosi sugli spalti e dei dirigenti in campo.<\/p>\n<p>Ma la partita non ha, a questo punto, pi\u00f9 niente da dire e finisce cosi con un pareggio che accontenta tutti.<\/p>\n<p>La sensazione comune \u00e8 che con qualche scelta tecnica diversa da parte del mister Ciullo, questa partita la si poteva cercare di vincere; non si spiega , ad esempio, l&#8217;esclusione dagli undici titolari di Strambace-<\/p>\n<p>CIAO A TUTTI RAGAZZI ALLA PROSSIMA..<\/p>\n<p>ECCO DI SEGUITO LE FOTO:<\/p>\n<p><a title=\"\" rel=\"lightbox[pics284]\" href=\"https:\/\/www.torrevado.info\/news\/wp-content\/uploads\/2008\/03\/squadra.jpg\" data-rel=\"lightbox-gallery-zcMln5GI\" data-rl_title=\"\" data-rl_caption=\"\"><img loading=\"lazy\" decoding=\"async\" class=\"imageframe imgalignleft\" src=\"https:\/\/www.torrevado.info\/news\/wp-content\/uploads\/2008\/03\/squadra.thumbnail.jpg\" alt=\"squadra.jpg\" width=\"200\" height=\"134\" \/><\/a><\/p>\n<p>UN CARO SALUTO AI DIRIGENTI:<\/p>\n<p><a title=\"\" rel=\"lightbox[pics284]\" href=\"https:\/\/www.torrevado.info\/news\/wp-content\/uploads\/2008\/03\/dirigenti.jpg\" data-rel=\"lightbox-gallery-zcMln5GI\" data-rl_title=\"\" data-rl_caption=\"\"><img loading=\"lazy\" decoding=\"async\" class=\"imageframe imgalignleft\" src=\"https:\/\/www.torrevado.info\/news\/wp-content\/uploads\/2008\/03\/dirigenti.thumbnail.jpg\" alt=\"dirigenti.jpg\" width=\"200\" height=\"134\" \/><\/a><\/p>\n<p>UN SALUTO AGLI AVVERSARI&#8230;<\/p>\n<p><a title=\"\" rel=\"lightbox[pics284]\" href=\"https:\/\/www.torrevado.info\/news\/wp-content\/uploads\/2008\/03\/antonio-schattino.jpg\" data-rel=\"lightbox-gallery-zcMln5GI\" data-rl_title=\"\" data-rl_caption=\"\"><img loading=\"lazy\" decoding=\"async\" class=\"imageframe imgalignleft\" src=\"https:\/\/www.torrevado.info\/news\/wp-content\/uploads\/2008\/03\/antonio-schattino.thumbnail.jpg\" alt=\"antonio-schattino.jpg\" width=\"200\" height=\"134\" \/><\/a><\/p>\n<p>AI DIRIGENTI &#8220;PAESANI&#8221; AVVERSARI&#8230;<\/p>\n<p><a title=\"\" rel=\"lightbox[pics284]\" href=\"https:\/\/www.torrevado.info\/news\/wp-content\/uploads\/2008\/03\/perrone.jpg\" data-rel=\"lightbox-gallery-zcMln5GI\" data-rl_title=\"\" data-rl_caption=\"\"><img loading=\"lazy\" decoding=\"async\" class=\"imageframe imgalignleft\" src=\"https:\/\/www.torrevado.info\/news\/wp-content\/uploads\/2008\/03\/perrone.thumbnail.jpg\" alt=\"perrone.jpg\" width=\"200\" height=\"134\" \/><\/a><\/p>\n<p>UN SALUTO AL PADRONE DI CASA&#8230;<\/p>\n<p><a title=\"\" rel=\"lightbox[pics284]\" href=\"https:\/\/www.torrevado.info\/news\/wp-content\/uploads\/2008\/03\/pischino.jpg\" data-rel=\"lightbox-gallery-zcMln5GI\" data-rl_title=\"\" data-rl_caption=\"\"><img loading=\"lazy\" decoding=\"async\" class=\"imageframe imgalignleft\" src=\"https:\/\/www.torrevado.info\/news\/wp-content\/uploads\/2008\/03\/pischino.thumbnail.jpg\" alt=\"pischino.jpg\" width=\"200\" height=\"134\" \/><\/a><\/p>\n<p>UN SALUTO AI NOSTRI GIOVANI TIFOSI&#8230;.<\/p>\n<p><a title=\"\" rel=\"lightbox[pics284]\" href=\"https:\/\/www.torrevado.info\/news\/wp-content\/uploads\/2008\/03\/tifosi.jpg\" data-rel=\"lightbox-gallery-zcMln5GI\" data-rl_title=\"\" data-rl_caption=\"\"><img loading=\"lazy\" decoding=\"async\" class=\"imageframe imgalignleft\" src=\"https:\/\/www.torrevado.info\/news\/wp-content\/uploads\/2008\/03\/tifosi.thumbnail.jpg\" alt=\"tifosi.jpg\" width=\"200\" height=\"134\" \/><\/a><\/p>\n<p>UN SALUTO AL NOSTRO MITICO ANTONIO&#8230;<\/p>\n<p><a title=\"\" rel=\"lightbox[pics284]\" href=\"https:\/\/www.torrevado.info\/news\/wp-content\/uploads\/2008\/03\/anto-cut.jpg\" data-rel=\"lightbox-gallery-zcMln5GI\" data-rl_title=\"\" data-rl_caption=\"\"><img loading=\"lazy\" decoding=\"async\" class=\"imageframe imgalignleft\" src=\"https:\/\/www.torrevado.info\/news\/wp-content\/uploads\/2008\/03\/anto-cut.thumbnail.jpg\" alt=\"anto-cut.jpg\" width=\"200\" height=\"134\" \/><\/a><\/p>\n<p>UN SALUTO AL NOSTRO FISIOTERAPISTA&#8230;.<\/p>\n<p><a title=\"\" rel=\"lightbox[pics284]\" href=\"https:\/\/www.torrevado.info\/news\/wp-content\/uploads\/2008\/03\/luciano.jpg\" data-rel=\"lightbox-gallery-zcMln5GI\" data-rl_title=\"\" data-rl_caption=\"\"><img loading=\"lazy\" decoding=\"async\" class=\"imageframe imgalignleft\" src=\"https:\/\/www.torrevado.info\/news\/wp-content\/uploads\/2008\/03\/luciano.thumbnail.jpg\" alt=\"luciano.jpg\" width=\"200\" height=\"134\" \/><\/a><\/p>\n<p>AL NOSTRO PUPO DI PRESIDENTE&#8230;.<\/p>\n<p><a title=\"\" rel=\"lightbox[pics284]\" href=\"https:\/\/www.torrevado.info\/news\/wp-content\/uploads\/2008\/03\/pupo.jpg\" data-rel=\"lightbox-gallery-zcMln5GI\" data-rl_title=\"\" data-rl_caption=\"\"><img loading=\"lazy\" decoding=\"async\" class=\"imageframe imgalignleft\" src=\"https:\/\/www.torrevado.info\/news\/wp-content\/uploads\/2008\/03\/pupo.thumbnail.jpg\" alt=\"pupo.jpg\" width=\"200\" height=\"134\" \/><\/a><\/p>\n<p>UN SALUTO A KIRO&#8230; E AD ANDREA&#8230;<\/p>\n<p><a title=\"\" rel=\"lightbox[pics284]\" href=\"https:\/\/www.torrevado.info\/news\/wp-content\/uploads\/2008\/03\/renato-andrea.jpg\" data-rel=\"lightbox-gallery-zcMln5GI\" data-rl_title=\"\" data-rl_caption=\"\"><img loading=\"lazy\" decoding=\"async\" class=\"imageframe imgalignleft\" src=\"https:\/\/www.torrevado.info\/news\/wp-content\/uploads\/2008\/03\/renato-andrea.thumbnail.jpg\" alt=\"renato-andrea.jpg\" width=\"200\" height=\"134\" \/><\/a><\/p>\n<p>UN BENVENUTO AD ALESSIO&#8230;<\/p>\n<p><a title=\"\" rel=\"lightbox[pics284]\" href=\"https:\/\/www.torrevado.info\/news\/wp-content\/uploads\/2008\/03\/alessio.jpg\" data-rel=\"lightbox-gallery-zcMln5GI\" data-rl_title=\"\" data-rl_caption=\"\"><img loading=\"lazy\" decoding=\"async\" class=\"imageframe imgalignleft\" src=\"https:\/\/www.torrevado.info\/news\/wp-content\/uploads\/2008\/03\/alessio.thumbnail.jpg\" alt=\"alessio.jpg\" width=\"200\" height=\"134\" \/><\/a><\/p>\n<p>ECCO A VOI LA TENSIONE PRE PARTITA DI SERGIO&#8230;<\/p>\n<p><a title=\"\" rel=\"lightbox[pics284]\" href=\"https:\/\/www.torrevado.info\/news\/wp-content\/uploads\/2008\/03\/sergio.jpg\" data-rel=\"lightbox-gallery-zcMln5GI\" data-rl_title=\"\" data-rl_caption=\"\"><img loading=\"lazy\" decoding=\"async\" class=\"imageframe imgalignleft\" src=\"https:\/\/www.torrevado.info\/news\/wp-content\/uploads\/2008\/03\/sergio.thumbnail.jpg\" alt=\"sergio.jpg\" width=\"200\" height=\"134\" \/><\/a><\/p>\n<p>E QUELLA DI SALVATORE MACELLAIO&#8230;<\/p>\n<p><a title=\"\" rel=\"lightbox[pics284]\" href=\"https:\/\/www.torrevado.info\/news\/wp-content\/uploads\/2008\/03\/macellaio.jpg\" data-rel=\"lightbox-gallery-zcMln5GI\" data-rl_title=\"\" data-rl_caption=\"\"><img loading=\"lazy\" decoding=\"async\" class=\"imageframe imgalignleft\" src=\"https:\/\/www.torrevado.info\/news\/wp-content\/uploads\/2008\/03\/macellaio.thumbnail.jpg\" alt=\"macellaio.jpg\" width=\"200\" height=\"134\" \/><\/a><\/p>\n<p>ECCO A VOI IL MISTER CIULLO<\/p>\n<p><a title=\"\" rel=\"lightbox[pics284]\" href=\"https:\/\/www.torrevado.info\/news\/wp-content\/uploads\/2008\/03\/mister.jpg\" data-rel=\"lightbox-gallery-zcMln5GI\" data-rl_title=\"\" data-rl_caption=\"\"><img loading=\"lazy\" decoding=\"async\" class=\"imageframe imgalignleft\" src=\"https:\/\/www.torrevado.info\/news\/wp-content\/uploads\/2008\/03\/mister.thumbnail.jpg\" alt=\"mister.jpg\" width=\"200\" height=\"134\" \/><\/a><\/p>\n<p>&#8230;I RAGAZZI INIZIANO IL RISCALDAMENTO..<\/p>\n<p><a title=\"\" rel=\"lightbox[pics284]\" href=\"https:\/\/www.torrevado.info\/news\/wp-content\/uploads\/2008\/03\/riscaldamento.jpg\" data-rel=\"lightbox-gallery-zcMln5GI\" data-rl_title=\"\" data-rl_caption=\"\"><img loading=\"lazy\" decoding=\"async\" class=\"imageframe imgalignleft\" src=\"https:\/\/www.torrevado.info\/news\/wp-content\/uploads\/2008\/03\/riscaldamento.thumbnail.jpg\" alt=\"riscaldamento.jpg\" width=\"200\" height=\"134\" \/><\/a><\/p>\n<p><a title=\"\" rel=\"lightbox[pics284]\" href=\"https:\/\/www.torrevado.info\/news\/wp-content\/uploads\/2008\/03\/riscal-ii.jpg\" data-rel=\"lightbox-gallery-zcMln5GI\" data-rl_title=\"\" data-rl_caption=\"\"><img loading=\"lazy\" decoding=\"async\" class=\"imageframe imgalignleft\" src=\"https:\/\/www.torrevado.info\/news\/wp-content\/uploads\/2008\/03\/riscal-ii.thumbnail.jpg\" alt=\"riscal-ii.jpg\" width=\"200\" height=\"134\" \/><\/a><\/p>\n<p><a title=\"\" rel=\"lightbox[pics284]\" href=\"https:\/\/www.torrevado.info\/news\/wp-content\/uploads\/2008\/03\/riscaldamento-3.jpg\" data-rel=\"lightbox-gallery-zcMln5GI\" data-rl_title=\"\" data-rl_caption=\"\"><img loading=\"lazy\" decoding=\"async\" class=\"imageframe imgalignleft\" src=\"https:\/\/www.torrevado.info\/news\/wp-content\/uploads\/2008\/03\/riscaldamento-3.thumbnail.jpg\" alt=\"riscaldamento-3.jpg\" width=\"200\" height=\"134\" \/><\/a><\/p>\n<p>IL BOMBER SCALDA IL MOTORE&#8230;<\/p>\n<p><a title=\"\" rel=\"lightbox[pics284]\" href=\"https:\/\/www.torrevado.info\/news\/wp-content\/uploads\/2008\/03\/tara.jpg\" data-rel=\"lightbox-gallery-zcMln5GI\" data-rl_title=\"\" data-rl_caption=\"\"><img loading=\"lazy\" decoding=\"async\" class=\"imageframe imgalignleft\" src=\"https:\/\/www.torrevado.info\/news\/wp-content\/uploads\/2008\/03\/tara.thumbnail.jpg\" alt=\"tara.jpg\" width=\"200\" height=\"134\" \/><\/a><\/p>\n<p>PASQUALE E&#8217; GIA PRONTO PER LA BATTAGLIA&#8230;<\/p>\n<p><a title=\"\" rel=\"lightbox[pics284]\" href=\"https:\/\/www.torrevado.info\/news\/wp-content\/uploads\/2008\/03\/pasuale.jpg\" data-rel=\"lightbox-gallery-zcMln5GI\" data-rl_title=\"\" data-rl_caption=\"\"><img loading=\"lazy\" decoding=\"async\" class=\"imageframe imgalignleft\" src=\"https:\/\/www.torrevado.info\/news\/wp-content\/uploads\/2008\/03\/pasuale.thumbnail.jpg\" alt=\"pasuale.jpg\" width=\"200\" height=\"134\" \/><\/a><\/p>\n<p>SARACINESCA MARIO SI SCALDA&#8230;<\/p>\n<p><a title=\"\" rel=\"lightbox[pics284]\" href=\"https:\/\/www.torrevado.info\/news\/wp-content\/uploads\/2008\/03\/mario.jpg\" data-rel=\"lightbox-gallery-zcMln5GI\" data-rl_title=\"\" data-rl_caption=\"\"><img loading=\"lazy\" decoding=\"async\" class=\"imageframe imgalignleft\" src=\"https:\/\/www.torrevado.info\/news\/wp-content\/uploads\/2008\/03\/mario.thumbnail.jpg\" alt=\"mario.jpg\" width=\"200\" height=\"134\" \/><\/a><\/p>\n<p>IL CAPITANO!!!<\/p>\n<p><a title=\"\" rel=\"lightbox[pics284]\" href=\"https:\/\/www.torrevado.info\/news\/wp-content\/uploads\/2008\/03\/franco-i-tempo.jpg\" data-rel=\"lightbox-gallery-zcMln5GI\" data-rl_title=\"\" data-rl_caption=\"\"><img loading=\"lazy\" decoding=\"async\" class=\"imageframe imgalignleft\" src=\"https:\/\/www.torrevado.info\/news\/wp-content\/uploads\/2008\/03\/franco-i-tempo.thumbnail.jpg\" alt=\"franco-i-tempo.jpg\" width=\"200\" height=\"134\" \/><\/a><\/p>\n<p>CON FRANESCO A CENTROCAMPO GLI AVVERSARI TROVANE TOSTU LU MUNTE!!<\/p>\n<p><a title=\"\" rel=\"lightbox[pics284]\" href=\"https:\/\/www.torrevado.info\/news\/wp-content\/uploads\/2008\/03\/fra-tappo.jpg\" data-rel=\"lightbox-gallery-zcMln5GI\" data-rl_title=\"\" data-rl_caption=\"\"><img loading=\"lazy\" decoding=\"async\" class=\"imageframe imgalignleft\" src=\"https:\/\/www.torrevado.info\/news\/wp-content\/uploads\/2008\/03\/fra-tappo.thumbnail.jpg\" alt=\"fra-tappo.jpg\" width=\"200\" height=\"134\" \/><\/a><\/p>\n<p>VI SALUTO CON UN  ARRIVEDERCI A PRESTO CON LA MAGLIA SEGRETA DI SALVATORE BOMBER TARANTINO&#8230;.<\/p>\n<p><a title=\"\" rel=\"lightbox[pics284]\" href=\"https:\/\/www.torrevado.info\/news\/wp-content\/uploads\/2008\/03\/pacciu.jpg\" data-rel=\"lightbox-gallery-zcMln5GI\" data-rl_title=\"\" data-rl_caption=\"\"><img loading=\"lazy\" decoding=\"async\" class=\"imageframe imgalignleft\" src=\"https:\/\/www.torrevado.info\/news\/wp-content\/uploads\/2008\/03\/pacciu.thumbnail.jpg\" alt=\"pacciu.jpg\" width=\"200\" height=\"134\" \/><\/a><\/p>\n<p>Scritto da: Stefano Pisan\u00f2<\/p>\n","protected":false},"excerpt":{"rendered":"<p>Formazione :PICCINNI,FEROCINO,COI,CIARDO,STENDARDO,FERILLI,CAPPILLI LUCA, CAPPILLI FRANCESCO, COSI, PELLICO, TARANTINO. Un derby che ha tradito le attese per quanto riguardo lo spettacolo.Troppo bloccata tatticamente la gara nel primo tempo dove il Salve ha avuto due grandissime occasioni per fare gol grazie a due altre altrettanto plateali sviste da parte dell&#8217;arbitro. che lasciava scorrere il gioco con i due centravanti del Salve in netto fuorigioco.In una di queste con il centravanti ad un metro dalla porta \u00e8 stato strepitoso Mario Piccinni a respingere [&hellip;]<\/p>\n","protected":false},"author":9,"featured_media":0,"comment_status":"open","ping_status":"closed","sticky":false,"template":"","format":"standard","meta":{"footnotes":""},"categories":[101],"tags":[498],"class_list":["post-284","post","type-post","status-publish","format-standard","hentry","category-associazioni","tag-morciano-di-leuca"],"yoast_head":"<!-- This site is optimized with the Yoast SEO plugin v24.7 - https:\/\/yoast.com\/wordpress\/plugins\/seo\/ -->\r\n<title>AC SALVE - KIRO MORCIANO 1-1 CRONACA E FOTO - Eventi e Notizie del Salento<\/title>\r\n<meta name=\"robots\" content=\"index, follow, max-snippet:-1, max-image-preview:large, max-video-preview:-1\" \/>\r\n<link rel=\"canonical\" href=\"https:\/\/www.torrevado.info\/news\/index.php\/2008\/03\/ac-salve-kiro-morciano-1-1-cronaca-e-foto.html\" \/>\r\n<meta property=\"og:locale\" content=\"it_IT\" \/>\r\n<meta property=\"og:type\" content=\"article\" \/>\r\n<meta property=\"og:title\" content=\"AC SALVE - KIRO MORCIANO 1-1 CRONACA E FOTO - Eventi e Notizie del Salento\" \/>\r\n<meta property=\"og:description\" content=\"Formazione :PICCINNI,FEROCINO,COI,CIARDO,STENDARDO,FERILLI,CAPPILLI LUCA, CAPPILLI FRANCESCO, COSI, PELLICO, TARANTINO. Un derby che ha tradito le attese per quanto riguardo lo spettacolo.Troppo bloccata tatticamente la gara nel primo tempo dove il Salve ha avuto due grandissime occasioni per fare gol grazie a due altre altrettanto plateali sviste da parte dell&#8217;arbitro. che lasciava scorrere il gioco con i due centravanti del Salve in netto fuorigioco.In una di queste con il centravanti ad un metro dalla porta \u00e8 stato strepitoso Mario Piccinni a respingere [&hellip;]\" \/>\r\n<meta property=\"og:url\" content=\"https:\/\/www.torrevado.info\/news\/index.php\/2008\/03\/ac-salve-kiro-morciano-1-1-cronaca-e-foto.html\" \/>\r\n<meta property=\"og:site_name\" content=\"Eventi e Notizie del Salento\" \/>\r\n<meta property=\"article:published_time\" content=\"2008-03-02T08:40:44+00:00\" \/>\r\n<meta property=\"article:modified_time\" content=\"2013-03-19T20:36:04+00:00\" \/>\r\n<meta property=\"og:image\" content=\"https:\/\/www.torrevado.info\/news\/wp-content\/uploads\/2008\/03\/squadre.thumbnail.jpg\" \/>\r\n<meta name=\"author\" content=\"Stefano25\" \/>\r\n<meta name=\"twitter:card\" content=\"summary_large_image\" \/>\r\n<meta name=\"twitter:label1\" content=\"Scritto da\" \/>\n\t<meta name=\"twitter:data1\" content=\"Stefano25\" \/>\n\t<meta name=\"twitter:label2\" content=\"Tempo di lettura stimato\" \/>\n\t<meta name=\"twitter:data2\" content=\"2 minuti\" \/>\r\n<script type=\"application\/ld+json\" class=\"yoast-schema-graph\">{\"@context\":\"https:\/\/schema.org\",\"@graph\":[{\"@type\":\"WebPage\",\"@id\":\"https:\/\/www.torrevado.info\/news\/index.php\/2008\/03\/ac-salve-kiro-morciano-1-1-cronaca-e-foto.html\",\"url\":\"https:\/\/www.torrevado.info\/news\/index.php\/2008\/03\/ac-salve-kiro-morciano-1-1-cronaca-e-foto.html\",\"name\":\"AC SALVE - KIRO MORCIANO 1-1 CRONACA E FOTO - Eventi e Notizie del Salento\",\"isPartOf\":{\"@id\":\"https:\/\/www.torrevado.info\/news\/#website\"},\"primaryImageOfPage\":{\"@id\":\"https:\/\/www.torrevado.info\/news\/index.php\/2008\/03\/ac-salve-kiro-morciano-1-1-cronaca-e-foto.html#primaryimage\"},\"image\":{\"@id\":\"https:\/\/www.torrevado.info\/news\/index.php\/2008\/03\/ac-salve-kiro-morciano-1-1-cronaca-e-foto.html#primaryimage\"},\"thumbnailUrl\":\"https:\/\/www.torrevado.info\/news\/wp-content\/uploads\/2008\/03\/squadre.thumbnail.jpg\",\"datePublished\":\"2008-03-02T08:40:44+00:00\",\"dateModified\":\"2013-03-19T20:36:04+00:00\",\"author\":{\"@id\":\"https:\/\/www.torrevado.info\/news\/#\/schema\/person\/41efeab469ffa262eb25f9251bd33285\"},\"breadcrumb\":{\"@id\":\"https:\/\/www.torrevado.info\/news\/index.php\/2008\/03\/ac-salve-kiro-morciano-1-1-cronaca-e-foto.html#breadcrumb\"},\"inLanguage\":\"it-IT\",\"potentialAction\":[{\"@type\":\"ReadAction\",\"target\":[\"https:\/\/www.torrevado.info\/news\/index.php\/2008\/03\/ac-salve-kiro-morciano-1-1-cronaca-e-foto.html\"]}]},{\"@type\":\"ImageObject\",\"inLanguage\":\"it-IT\",\"@id\":\"https:\/\/www.torrevado.info\/news\/index.php\/2008\/03\/ac-salve-kiro-morciano-1-1-cronaca-e-foto.html#primaryimage\",\"url\":\"https:\/\/www.torrevado.info\/news\/wp-content\/uploads\/2008\/03\/squadre.thumbnail.jpg\",\"contentUrl\":\"https:\/\/www.torrevado.info\/news\/wp-content\/uploads\/2008\/03\/squadre.thumbnail.jpg\"},{\"@type\":\"BreadcrumbList\",\"@id\":\"https:\/\/www.torrevado.info\/news\/index.php\/2008\/03\/ac-salve-kiro-morciano-1-1-cronaca-e-foto.html#breadcrumb\",\"itemListElement\":[{\"@type\":\"ListItem\",\"position\":1,\"name\":\"Home\",\"item\":\"https:\/\/www.torrevado.info\/news\"},{\"@type\":\"ListItem\",\"position\":2,\"name\":\"AC SALVE &#8211; KIRO MORCIANO 1-1 CRONACA E FOTO\"}]},{\"@type\":\"WebSite\",\"@id\":\"https:\/\/www.torrevado.info\/news\/#website\",\"url\":\"https:\/\/www.torrevado.info\/news\/\",\"name\":\"Eventi e Notizie del Salento\",\"description\":\"\",\"potentialAction\":[{\"@type\":\"SearchAction\",\"target\":{\"@type\":\"EntryPoint\",\"urlTemplate\":\"https:\/\/www.torrevado.info\/news\/?s={search_term_string}\"},\"query-input\":{\"@type\":\"PropertyValueSpecification\",\"valueRequired\":true,\"valueName\":\"search_term_string\"}}],\"inLanguage\":\"it-IT\"},{\"@type\":\"Person\",\"@id\":\"https:\/\/www.torrevado.info\/news\/#\/schema\/person\/41efeab469ffa262eb25f9251bd33285\",\"name\":\"Stefano25\",\"sameAs\":[\"http:\/\/\"]}]}<\/script>\r\n<!-- \/ Yoast SEO plugin. -->","yoast_head_json":{"title":"AC SALVE - KIRO MORCIANO 1-1 CRONACA E FOTO - Eventi e Notizie del Salento","robots":{"index":"index","follow":"follow","max-snippet":"max-snippet:-1","max-image-preview":"max-image-preview:large","max-video-preview":"max-video-preview:-1"},"canonical":"https:\/\/www.torrevado.info\/news\/index.php\/2008\/03\/ac-salve-kiro-morciano-1-1-cronaca-e-foto.html","og_locale":"it_IT","og_type":"article","og_title":"AC SALVE - KIRO MORCIANO 1-1 CRONACA E FOTO - Eventi e Notizie del Salento","og_description":"Formazione :PICCINNI,FEROCINO,COI,CIARDO,STENDARDO,FERILLI,CAPPILLI LUCA, CAPPILLI FRANCESCO, COSI, PELLICO, TARANTINO. Un derby che ha tradito le attese per quanto riguardo lo spettacolo.Troppo bloccata tatticamente la gara nel primo tempo dove il Salve ha avuto due grandissime occasioni per fare gol grazie a due altre altrettanto plateali sviste da parte dell&#8217;arbitro. che lasciava scorrere il gioco con i due centravanti del Salve in netto fuorigioco.In una di queste con il centravanti ad un metro dalla porta \u00e8 stato strepitoso Mario Piccinni a respingere [&hellip;]","og_url":"https:\/\/www.torrevado.info\/news\/index.php\/2008\/03\/ac-salve-kiro-morciano-1-1-cronaca-e-foto.html","og_site_name":"Eventi e Notizie del Salento","article_published_time":"2008-03-02T08:40:44+00:00","article_modified_time":"2013-03-19T20:36:04+00:00","og_image":[{"url":"https:\/\/www.torrevado.info\/news\/wp-content\/uploads\/2008\/03\/squadre.thumbnail.jpg","type":"","width":"","height":""}],"author":"Stefano25","twitter_card":"summary_large_image","twitter_misc":{"Scritto da":"Stefano25","Tempo di lettura stimato":"2 minuti"},"schema":{"@context":"https:\/\/schema.org","@graph":[{"@type":"WebPage","@id":"https:\/\/www.torrevado.info\/news\/index.php\/2008\/03\/ac-salve-kiro-morciano-1-1-cronaca-e-foto.html","url":"https:\/\/www.torrevado.info\/news\/index.php\/2008\/03\/ac-salve-kiro-morciano-1-1-cronaca-e-foto.html","name":"AC SALVE - KIRO MORCIANO 1-1 CRONACA E FOTO - Eventi e Notizie del Salento","isPartOf":{"@id":"https:\/\/www.torrevado.info\/news\/#website"},"primaryImageOfPage":{"@id":"https:\/\/www.torrevado.info\/news\/index.php\/2008\/03\/ac-salve-kiro-morciano-1-1-cronaca-e-foto.html#primaryimage"},"image":{"@id":"https:\/\/www.torrevado.info\/news\/index.php\/2008\/03\/ac-salve-kiro-morciano-1-1-cronaca-e-foto.html#primaryimage"},"thumbnailUrl":"https:\/\/www.torrevado.info\/news\/wp-content\/uploads\/2008\/03\/squadre.thumbnail.jpg","datePublished":"2008-03-02T08:40:44+00:00","dateModified":"2013-03-19T20:36:04+00:00","author":{"@id":"https:\/\/www.torrevado.info\/news\/#\/schema\/person\/41efeab469ffa262eb25f9251bd33285"},"breadcrumb":{"@id":"https:\/\/www.torrevado.info\/news\/index.php\/2008\/03\/ac-salve-kiro-morciano-1-1-cronaca-e-foto.html#breadcrumb"},"inLanguage":"it-IT","potentialAction":[{"@type":"ReadAction","target":["https:\/\/www.torrevado.info\/news\/index.php\/2008\/03\/ac-salve-kiro-morciano-1-1-cronaca-e-foto.html"]}]},{"@type":"ImageObject","inLanguage":"it-IT","@id":"https:\/\/www.torrevado.info\/news\/index.php\/2008\/03\/ac-salve-kiro-morciano-1-1-cronaca-e-foto.html#primaryimage","url":"https:\/\/www.torrevado.info\/news\/wp-content\/uploads\/2008\/03\/squadre.thumbnail.jpg","contentUrl":"https:\/\/www.torrevado.info\/news\/wp-content\/uploads\/2008\/03\/squadre.thumbnail.jpg"},{"@type":"BreadcrumbList","@id":"https:\/\/www.torrevado.info\/news\/index.php\/2008\/03\/ac-salve-kiro-morciano-1-1-cronaca-e-foto.html#breadcrumb","itemListElement":[{"@type":"ListItem","position":1,"name":"Home","item":"https:\/\/www.torrevado.info\/news"},{"@type":"ListItem","position":2,"name":"AC SALVE &#8211; KIRO MORCIANO 1-1 CRONACA E FOTO"}]},{"@type":"WebSite","@id":"https:\/\/www.torrevado.info\/news\/#website","url":"https:\/\/www.torrevado.info\/news\/","name":"Eventi e Notizie del Salento","description":"","potentialAction":[{"@type":"SearchAction","target":{"@type":"EntryPoint","urlTemplate":"https:\/\/www.torrevado.info\/news\/?s={search_term_string}"},"query-input":{"@type":"PropertyValueSpecification","valueRequired":true,"valueName":"search_term_string"}}],"inLanguage":"it-IT"},{"@type":"Person","@id":"https:\/\/www.torrevado.info\/news\/#\/schema\/person\/41efeab469ffa262eb25f9251bd33285","name":"Stefano25","sameAs":["http:\/\/"]}]}},"_links":{"self":[{"href":"https:\/\/www.torrevado.info\/news\/index.php\/wp-json\/wp\/v2\/posts\/284","targetHints":{"allow":["GET"]}}],"collection":[{"href":"https:\/\/www.torrevado.info\/news\/index.php\/wp-json\/wp\/v2\/posts"}],"about":[{"href":"https:\/\/www.torrevado.info\/news\/index.php\/wp-json\/wp\/v2\/types\/post"}],"author":[{"embeddable":true,"href":"https:\/\/www.torrevado.info\/news\/index.php\/wp-json\/wp\/v2\/users\/9"}],"replies":[{"embeddable":true,"href":"https:\/\/www.torrevado.info\/news\/index.php\/wp-json\/wp\/v2\/comments?post=284"}],"version-history":[{"count":0,"href":"https:\/\/www.torrevado.info\/news\/index.php\/wp-json\/wp\/v2\/posts\/284\/revisions"}],"wp:attachment":[{"href":"https:\/\/www.torrevado.info\/news\/index.php\/wp-json\/wp\/v2\/media?parent=284"}],"wp:term":[{"taxonomy":"category","embeddable":true,"href":"https:\/\/www.torrevado.info\/news\/index.php\/wp-json\/wp\/v2\/categories?post=284"},{"taxonomy":"post_tag","embeddable":true,"href":"https:\/\/www.torrevado.info\/news\/index.php\/wp-json\/wp\/v2\/tags?post=284"}],"curies":[{"name":"wp","href":"https:\/\/api.w.org\/{rel}","templated":true}]}}