{"id":30,"date":"2003-05-17T20:02:36","date_gmt":"2003-05-17T19:02:36","guid":{"rendered":"http:\/\/www.torrevado.info\/news\/index.php\/2003\/05\/speleo-trekking-salento.html"},"modified":"2018-10-09T09:44:32","modified_gmt":"2018-10-09T08:44:32","slug":"speleo-trekking-salento","status":"publish","type":"post","link":"https:\/\/www.torrevado.info\/news\/index.php\/2003\/05\/speleo-trekking-salento.html","title":{"rendered":"Speleo Trekking Salento"},"content":{"rendered":"<p>Domenica 18 MAGGIO 2003 &#8220;IL FARO DI PUNTA PALASCIA &#8221;<\/p>\n<p><a title=\"\" href=\"https:\/\/www.torrevado.info\/news\/wp-content\/uploads\/2007\/11\/otranto1.jpg\" rel=\"lightbox[pics-1195412556]\" data-rel=\"lightbox-gallery-sH0h0uLr\" data-rl_title=\"\" data-rl_caption=\"\"><img loading=\"lazy\" decoding=\"async\" class=\"imageframe imgalignleft\" src=\"https:\/\/www.torrevado.info\/news\/wp-content\/uploads\/2007\/11\/otranto1.jpg\" alt=\"Otranto in Volo\" width=\"350\" height=\"252\"\/><\/a><\/p>\n<p>Un, ormai, grande classico messo a punto nel giugno 1994 dalla prima guida escursionistica salentina, Antonio Adamo.<br \/>\nAnno dopo anno i Salentrotters di SpeleoTrekking, vecchi e nuovi, ripercorrono il pittoresco tratturo, evidenziato dal continuo calpestio di tantissimi camminatori.<\/p>\n<p>Tracce di vestiti laceri, sparsi sugli scogli, attestano la continua odissea di immigrati, giovani e meno giovani, gettati in mare da scafisti senza scrupoli.<br \/>\nLa luce e le ombre fanno rifulgere lo sfavillante contesto naturalistico; l&#8217;effetto spettacolare delle scogliere, che si contorcono a contatto con il mare profondo, rende l&#8217;insieme unico e fantastico, mentre lo stridio dei gabbiani riporta alla mente antichi navigatori su spiagge assolate.<br \/>\nIl cratere della cava rossa, unico esempio di danno causato dall&#8217;uomo con risvolti incredibilmente belli, rafforza la magia.<br \/>\nIl candido faro continua a troneggiare. Totalmente sconosciuto durante gli anni settanta, con l&#8217; avvento del trekking&nbsp;\u00e8 stato portato a conoscenza di numerosissime persone. Oggi non pi\u00f9 solo,&nbsp;\u00e8 scampato al pericolo di essere ceduto a gente di pochi scrupoli e continuer\u00e0 ad attestare al mondo il profondo senso di accoglienza di tutti i Salentini e la nostra antica civilt\u00e0 .<\/p>\n<p>Costumi da bagno accollati per gli uomini, facoltativi per le donne; panini, molta acqua, rispetto e buonumore caratterizzeranno un&#8217;ulteriore, indimenticabile domenica in compagnia di SpeleoTrekkingSalento che, in un mondo che tende a dividere, continua ad aggregare. Grazie, di cuore, a tutti.<\/p>\n<p>Condurr\u00e0 Stefano De Donatis.<\/p>\n<p>ore 8:30 al Catasto di Lecce<\/p>\n<p>ore 9:30 Porto di <a href=\"https:\/\/www.torrevado.info\/news\/index.php\/otranto-la-vacanza-piu-ad-oriente-della-puglia\">OTRANTO<\/a> e poi, con le auto, alla Masseria delle Orte.<\/p>\n","protected":false},"excerpt":{"rendered":"<p>Domenica 18 MAGGIO 2003 &#8220;IL FARO DI PUNTA PALASCIA &#8221; Un, ormai, grande classico messo a punto nel giugno 1994 dalla prima guida escursionistica salentina, Antonio Adamo. Anno dopo anno i Salentrotters di SpeleoTrekking, vecchi e nuovi, ripercorrono il pittoresco tratturo, evidenziato dal continuo calpestio di tantissimi camminatori. Tracce di vestiti laceri, sparsi sugli scogli, attestano la continua odissea di immigrati, giovani e meno giovani, gettati in mare da scafisti senza scrupoli. La luce e le ombre fanno rifulgere lo [&hellip;]<\/p>\n","protected":false},"author":1,"featured_media":0,"comment_status":"open","ping_status":"closed","sticky":false,"template":"","format":"standard","meta":{"footnotes":""},"categories":[14],"tags":[],"class_list":["post-30","post","type-post","status-publish","format-standard","hentry","category-salento"],"yoast_head":"<!-- This site is optimized with the Yoast SEO plugin v24.7 - https:\/\/yoast.com\/wordpress\/plugins\/seo\/ -->\r\n<title>Speleo Trekking Salento - Eventi e Notizie del Salento<\/title>\r\n<meta name=\"robots\" content=\"index, follow, max-snippet:-1, max-image-preview:large, max-video-preview:-1\" \/>\r\n<link rel=\"canonical\" href=\"https:\/\/www.torrevado.info\/news\/index.php\/2003\/05\/speleo-trekking-salento.html\" \/>\r\n<meta property=\"og:locale\" content=\"it_IT\" \/>\r\n<meta property=\"og:type\" content=\"article\" \/>\r\n<meta property=\"og:title\" content=\"Speleo Trekking Salento - Eventi e Notizie del Salento\" \/>\r\n<meta property=\"og:description\" content=\"Domenica 18 MAGGIO 2003 &#8220;IL FARO DI PUNTA PALASCIA &#8221; Un, ormai, grande classico messo a punto nel giugno 1994 dalla prima guida escursionistica salentina, Antonio Adamo. Anno dopo anno i Salentrotters di SpeleoTrekking, vecchi e nuovi, ripercorrono il pittoresco tratturo, evidenziato dal continuo calpestio di tantissimi camminatori. Tracce di vestiti laceri, sparsi sugli scogli, attestano la continua odissea di immigrati, giovani e meno giovani, gettati in mare da scafisti senza scrupoli. La luce e le ombre fanno rifulgere lo [&hellip;]\" \/>\r\n<meta property=\"og:url\" content=\"https:\/\/www.torrevado.info\/news\/index.php\/2003\/05\/speleo-trekking-salento.html\" \/>\r\n<meta property=\"og:site_name\" content=\"Eventi e Notizie del Salento\" \/>\r\n<meta property=\"article:published_time\" content=\"2003-05-17T19:02:36+00:00\" \/>\r\n<meta property=\"article:modified_time\" content=\"2018-10-09T08:44:32+00:00\" \/>\r\n<meta property=\"og:image\" content=\"https:\/\/www.torrevado.info\/news\/wp-content\/uploads\/2007\/11\/otranto1.jpg\" \/>\r\n<meta name=\"author\" content=\"Pantaleo\" \/>\r\n<meta name=\"twitter:card\" content=\"summary_large_image\" \/>\r\n<meta name=\"twitter:label1\" content=\"Scritto da\" \/>\n\t<meta name=\"twitter:data1\" content=\"Pantaleo\" \/>\n\t<meta name=\"twitter:label2\" content=\"Tempo di lettura stimato\" \/>\n\t<meta name=\"twitter:data2\" content=\"1 minuto\" \/>\r\n<script type=\"application\/ld+json\" class=\"yoast-schema-graph\">{\"@context\":\"https:\/\/schema.org\",\"@graph\":[{\"@type\":\"WebPage\",\"@id\":\"https:\/\/www.torrevado.info\/news\/index.php\/2003\/05\/speleo-trekking-salento.html\",\"url\":\"https:\/\/www.torrevado.info\/news\/index.php\/2003\/05\/speleo-trekking-salento.html\",\"name\":\"Speleo Trekking Salento - Eventi e Notizie del Salento\",\"isPartOf\":{\"@id\":\"https:\/\/www.torrevado.info\/news\/#website\"},\"primaryImageOfPage\":{\"@id\":\"https:\/\/www.torrevado.info\/news\/index.php\/2003\/05\/speleo-trekking-salento.html#primaryimage\"},\"image\":{\"@id\":\"https:\/\/www.torrevado.info\/news\/index.php\/2003\/05\/speleo-trekking-salento.html#primaryimage\"},\"thumbnailUrl\":\"https:\/\/www.torrevado.info\/news\/wp-content\/uploads\/2007\/11\/otranto1.jpg\",\"datePublished\":\"2003-05-17T19:02:36+00:00\",\"dateModified\":\"2018-10-09T08:44:32+00:00\",\"author\":{\"@id\":\"https:\/\/www.torrevado.info\/news\/#\/schema\/person\/c93221d84694d6dea4b52ec83c18e78d\"},\"breadcrumb\":{\"@id\":\"https:\/\/www.torrevado.info\/news\/index.php\/2003\/05\/speleo-trekking-salento.html#breadcrumb\"},\"inLanguage\":\"it-IT\",\"potentialAction\":[{\"@type\":\"ReadAction\",\"target\":[\"https:\/\/www.torrevado.info\/news\/index.php\/2003\/05\/speleo-trekking-salento.html\"]}]},{\"@type\":\"ImageObject\",\"inLanguage\":\"it-IT\",\"@id\":\"https:\/\/www.torrevado.info\/news\/index.php\/2003\/05\/speleo-trekking-salento.html#primaryimage\",\"url\":\"https:\/\/www.torrevado.info\/news\/wp-content\/uploads\/2007\/11\/otranto1.jpg\",\"contentUrl\":\"https:\/\/www.torrevado.info\/news\/wp-content\/uploads\/2007\/11\/otranto1.jpg\"},{\"@type\":\"BreadcrumbList\",\"@id\":\"https:\/\/www.torrevado.info\/news\/index.php\/2003\/05\/speleo-trekking-salento.html#breadcrumb\",\"itemListElement\":[{\"@type\":\"ListItem\",\"position\":1,\"name\":\"Home\",\"item\":\"https:\/\/www.torrevado.info\/news\"},{\"@type\":\"ListItem\",\"position\":2,\"name\":\"Speleo Trekking Salento\"}]},{\"@type\":\"WebSite\",\"@id\":\"https:\/\/www.torrevado.info\/news\/#website\",\"url\":\"https:\/\/www.torrevado.info\/news\/\",\"name\":\"Eventi e Notizie del Salento\",\"description\":\"\",\"potentialAction\":[{\"@type\":\"SearchAction\",\"target\":{\"@type\":\"EntryPoint\",\"urlTemplate\":\"https:\/\/www.torrevado.info\/news\/?s={search_term_string}\"},\"query-input\":{\"@type\":\"PropertyValueSpecification\",\"valueRequired\":true,\"valueName\":\"search_term_string\"}}],\"inLanguage\":\"it-IT\"},{\"@type\":\"Person\",\"@id\":\"https:\/\/www.torrevado.info\/news\/#\/schema\/person\/c93221d84694d6dea4b52ec83c18e78d\",\"name\":\"Pantaleo\"}]}<\/script>\r\n<!-- \/ Yoast SEO plugin. -->","yoast_head_json":{"title":"Speleo Trekking Salento - Eventi e Notizie del Salento","robots":{"index":"index","follow":"follow","max-snippet":"max-snippet:-1","max-image-preview":"max-image-preview:large","max-video-preview":"max-video-preview:-1"},"canonical":"https:\/\/www.torrevado.info\/news\/index.php\/2003\/05\/speleo-trekking-salento.html","og_locale":"it_IT","og_type":"article","og_title":"Speleo Trekking Salento - Eventi e Notizie del Salento","og_description":"Domenica 18 MAGGIO 2003 &#8220;IL FARO DI PUNTA PALASCIA &#8221; Un, ormai, grande classico messo a punto nel giugno 1994 dalla prima guida escursionistica salentina, Antonio Adamo. Anno dopo anno i Salentrotters di SpeleoTrekking, vecchi e nuovi, ripercorrono il pittoresco tratturo, evidenziato dal continuo calpestio di tantissimi camminatori. Tracce di vestiti laceri, sparsi sugli scogli, attestano la continua odissea di immigrati, giovani e meno giovani, gettati in mare da scafisti senza scrupoli. La luce e le ombre fanno rifulgere lo [&hellip;]","og_url":"https:\/\/www.torrevado.info\/news\/index.php\/2003\/05\/speleo-trekking-salento.html","og_site_name":"Eventi e Notizie del Salento","article_published_time":"2003-05-17T19:02:36+00:00","article_modified_time":"2018-10-09T08:44:32+00:00","og_image":[{"url":"https:\/\/www.torrevado.info\/news\/wp-content\/uploads\/2007\/11\/otranto1.jpg","type":"","width":"","height":""}],"author":"Pantaleo","twitter_card":"summary_large_image","twitter_misc":{"Scritto da":"Pantaleo","Tempo di lettura stimato":"1 minuto"},"schema":{"@context":"https:\/\/schema.org","@graph":[{"@type":"WebPage","@id":"https:\/\/www.torrevado.info\/news\/index.php\/2003\/05\/speleo-trekking-salento.html","url":"https:\/\/www.torrevado.info\/news\/index.php\/2003\/05\/speleo-trekking-salento.html","name":"Speleo Trekking Salento - Eventi e Notizie del Salento","isPartOf":{"@id":"https:\/\/www.torrevado.info\/news\/#website"},"primaryImageOfPage":{"@id":"https:\/\/www.torrevado.info\/news\/index.php\/2003\/05\/speleo-trekking-salento.html#primaryimage"},"image":{"@id":"https:\/\/www.torrevado.info\/news\/index.php\/2003\/05\/speleo-trekking-salento.html#primaryimage"},"thumbnailUrl":"https:\/\/www.torrevado.info\/news\/wp-content\/uploads\/2007\/11\/otranto1.jpg","datePublished":"2003-05-17T19:02:36+00:00","dateModified":"2018-10-09T08:44:32+00:00","author":{"@id":"https:\/\/www.torrevado.info\/news\/#\/schema\/person\/c93221d84694d6dea4b52ec83c18e78d"},"breadcrumb":{"@id":"https:\/\/www.torrevado.info\/news\/index.php\/2003\/05\/speleo-trekking-salento.html#breadcrumb"},"inLanguage":"it-IT","potentialAction":[{"@type":"ReadAction","target":["https:\/\/www.torrevado.info\/news\/index.php\/2003\/05\/speleo-trekking-salento.html"]}]},{"@type":"ImageObject","inLanguage":"it-IT","@id":"https:\/\/www.torrevado.info\/news\/index.php\/2003\/05\/speleo-trekking-salento.html#primaryimage","url":"https:\/\/www.torrevado.info\/news\/wp-content\/uploads\/2007\/11\/otranto1.jpg","contentUrl":"https:\/\/www.torrevado.info\/news\/wp-content\/uploads\/2007\/11\/otranto1.jpg"},{"@type":"BreadcrumbList","@id":"https:\/\/www.torrevado.info\/news\/index.php\/2003\/05\/speleo-trekking-salento.html#breadcrumb","itemListElement":[{"@type":"ListItem","position":1,"name":"Home","item":"https:\/\/www.torrevado.info\/news"},{"@type":"ListItem","position":2,"name":"Speleo Trekking Salento"}]},{"@type":"WebSite","@id":"https:\/\/www.torrevado.info\/news\/#website","url":"https:\/\/www.torrevado.info\/news\/","name":"Eventi e Notizie del Salento","description":"","potentialAction":[{"@type":"SearchAction","target":{"@type":"EntryPoint","urlTemplate":"https:\/\/www.torrevado.info\/news\/?s={search_term_string}"},"query-input":{"@type":"PropertyValueSpecification","valueRequired":true,"valueName":"search_term_string"}}],"inLanguage":"it-IT"},{"@type":"Person","@id":"https:\/\/www.torrevado.info\/news\/#\/schema\/person\/c93221d84694d6dea4b52ec83c18e78d","name":"Pantaleo"}]}},"_links":{"self":[{"href":"https:\/\/www.torrevado.info\/news\/index.php\/wp-json\/wp\/v2\/posts\/30","targetHints":{"allow":["GET"]}}],"collection":[{"href":"https:\/\/www.torrevado.info\/news\/index.php\/wp-json\/wp\/v2\/posts"}],"about":[{"href":"https:\/\/www.torrevado.info\/news\/index.php\/wp-json\/wp\/v2\/types\/post"}],"author":[{"embeddable":true,"href":"https:\/\/www.torrevado.info\/news\/index.php\/wp-json\/wp\/v2\/users\/1"}],"replies":[{"embeddable":true,"href":"https:\/\/www.torrevado.info\/news\/index.php\/wp-json\/wp\/v2\/comments?post=30"}],"version-history":[{"count":0,"href":"https:\/\/www.torrevado.info\/news\/index.php\/wp-json\/wp\/v2\/posts\/30\/revisions"}],"wp:attachment":[{"href":"https:\/\/www.torrevado.info\/news\/index.php\/wp-json\/wp\/v2\/media?parent=30"}],"wp:term":[{"taxonomy":"category","embeddable":true,"href":"https:\/\/www.torrevado.info\/news\/index.php\/wp-json\/wp\/v2\/categories?post=30"},{"taxonomy":"post_tag","embeddable":true,"href":"https:\/\/www.torrevado.info\/news\/index.php\/wp-json\/wp\/v2\/tags?post=30"}],"curies":[{"name":"wp","href":"https:\/\/api.w.org\/{rel}","templated":true}]}}