{"id":392,"date":"2008-05-27T06:46:15","date_gmt":"2008-05-27T05:46:15","guid":{"rendered":"http:\/\/www.torrevado.info\/news\/index.php\/2008\/05\/salento-negroamaro-rassegna-delle-culture-migranti-edizione-2008.html"},"modified":"2023-09-14T18:27:43","modified_gmt":"2023-09-14T16:27:43","slug":"salento-negroamaro-rassegna-delle-culture-migranti-edizione-2008","status":"publish","type":"post","link":"https:\/\/www.torrevado.info\/news\/index.php\/2008\/05\/salento-negroamaro-rassegna-delle-culture-migranti-edizione-2008.html","title":{"rendered":"Salento Negroamaro, rassegna delle Culture migranti, edizione 2008"},"content":{"rendered":"<p class=\"MsoNormal\" style=\"margin-bottom: 0.0001pt; text-align: center; line-height: normal;\" align=\"center\"><strong><span style=\"font-size: 22pt; font-family: 'Verdana','sans-serif'; color: red;\">CASA DE LAS PALABRAS <\/span><\/strong><\/p>\n<p class=\"MsoNormal\" style=\"margin-bottom: 0.0001pt; text-align: center; line-height: normal;\" align=\"center\"><strong><span style=\"font-size: 22pt; font-family: 'Verdana','sans-serif'; color: red;\">Paesaggi monografici-letterari<\/span><\/strong><\/p>\n<p class=\"MsoNormal\" style=\"margin-bottom: 0.0001pt; text-align: center; line-height: normal;\" align=\"center\"><em><span style=\"font-size: 13.5pt; font-family: 'Verdana','sans-serif';\">Un contenitore di incontri, dibattiti, interviste e recital. Tra gli ospiti Eduardo Galeano, Antonio Petrocelli, Louis-Philippe Dalembert, Pedro Gomez, Fernando Rend\u00f3n. Saranno allestite anche le mostre su Bruce Chatwin, Jorge Luis Borges e Pablo Neruda<\/span><\/em><\/p>\n<p class=\"MsoNormal\" style=\"margin-bottom: 0.0001pt; text-align: center; line-height: normal;\" align=\"center\">&nbsp;<\/p>\n<p class=\"MsoNormal\" style=\"margin-bottom: 0.0001pt; text-align: center; line-height: normal;\" align=\"center\">&nbsp;<\/p>\n<p class=\"MsoNormal\" style=\"margin-bottom: 0.0001pt; text-align: justify; line-height: normal;\"><span style=\"font-size: 12pt; font-family: 'Verdana','sans-serif';\">Da sabato 17 maggio a sabato 10 settembre Palazzo Legari, nel centro storico di <strong><span style=\"color: red;\">Alessano<\/span><\/strong>, verr\u00e0 denominato <strong><span style=\"color: red;\">Casa de las Palabras<\/span><\/strong>. In occasione di <strong><span style=\"color: red;\">Salento Negroamaro<\/span><\/strong> il palazzo rinascimentale del piccolo comune salentino si trasformer\u00e0 infatti in un contenitore di incontri, dibattiti, interviste, mostre, recital. Questa ottava edizione della rassegna delle culture migranti della <strong><span style=\"color: red;\">Provincia di Lecce<\/span><\/strong>, che si svolge nel Salento sino al 30 settembre, ha un&#8217;unica ed indiscussa protagonista: l&#8217;America Latina.<\/span><\/p>\n<p class=\"MsoNormal\" style=\"margin-bottom: 0.0001pt; text-align: justify; line-height: normal;\">&nbsp;<\/p>\n<p class=\"MsoNormal\" style=\"margin-bottom: 0.0001pt; text-align: justify; line-height: normal;\"><span style=\"font-size: 12pt; font-family: 'Verdana','sans-serif';\">Un contesto raffinato e curato ad hoc da Gianna Licchetta, in collaborazione con Barbara Baldaccini, Oscar Minutillo e il <strong>Comune di Alessano<\/strong> e con la produzione di AcdArtdiffusion.com, che sar\u00e0 anche dimora, all&#8217;interno delle sue splendide sale espositive, degli allestimenti monografico-letterari dedicati a tre vere e proprie icone della letteratura latinoamericana, divenuti indiscutibilmente patrimonio della cultura universale. La sezione incontri, a cura di Andrea Di Consoli e Carlo Bordini, con la collaborazione di Guadalupe Grande, ha l&#8217;obiettivo di far conoscere alcuni dei pi\u00f9 grandi autori della letteratura latinoamericana, e di testimoniare inoltre l&#8217;importanza della poesia e della narrativa in culture diverse dalle nostre, culture pi\u00f9 aperte alla comunicazione interpersonale e all&#8217;idea che la letteratura e l&#8217;arte possano contribuire a cambiare la vita umana.<\/span><\/p>\n<p class=\"MsoNormal\" style=\"margin-bottom: 0.0001pt; text-align: justify; line-height: normal;\">&nbsp;<\/p>\n<p class=\"MsoNormal\" style=\"margin-bottom: 0.0001pt; line-height: normal;\"><span style=\"font-size: 12pt; font-family: 'Verdana','sans-serif';\">Sabato 17 maggio alle ore 19.30 la Casa della Palabras aprir\u00e0 ufficialmente con l&#8217;inaugurazione delle mostre &#8220;La Patagonia di Bruce Chatwin&#8221;, &#8220;J. L. Borges attraverso le immagini&#8221; e &#8220;Pablo Neruda, passi in Italia&#8221;. Interverranno <strong><span style=\"color: red;\">Luigi Nicolardi<\/span><\/strong> (Sindaco di Alessano), <strong><span style=\"color: red;\">Cosimo Del Casale<\/span><\/strong> (Consigliere Comunale di Alessano), <strong><span style=\"color: red;\">Giovanni Pellegrino<\/span><\/strong> (Presidente della Provincia di Lecce), <strong><span style=\"color: red;\">Gianna Licchetta<\/span><\/strong> (Curatore &#8220;Territorios&#8221;-Salento Negroamaro 2008), <strong><span style=\"color: red;\">Patricia Rivadeneira<\/span><\/strong> e <strong><span style=\"color: red;\">Federica La Paglia<\/span><\/strong> (Curatrici mostra &#8220;Pablo Neruda, passi in Italia&#8221;). <\/span><\/p>\n<p class=\"MsoNormal\" style=\"margin-bottom: 0.0001pt; text-align: justify; line-height: normal;\">&nbsp;<\/p>\n<p class=\"MsoNormal\" style=\"margin-bottom: 0.0001pt; text-align: justify; line-height: normal;\"><span style=\"font-size: 12pt; font-family: 'Verdana','sans-serif';\">Dalle ore 20.45 <strong><span style=\"color: red;\">Antonio Petrocelli<\/span> <\/strong>attore fiorentino di origini lucane, presenter\u00e0 &#8220;Un caff\u00e8 non \u00e8 mai lontano&#8221;, recital su testi di poeti surrealisti spagnoli tradotti da Vittorio Bodini, il grande e mai dimenticato autore salentino. una prova d&#8217;attore che richiede grande virtuosismo ma che &#8220;non te lo fa pesare, mentre ti stupisce e ti conquista per la variet\u00e0, la genialit\u00e0, il perfetto dosaggio di eros e ironia&#8221;.<\/span><\/p>\n<p class=\"MsoNormal\" style=\"margin-bottom: 0.0001pt; text-align: justify; line-height: normal;\">&nbsp;<\/p>\n<p class=\"MsoNormal\" style=\"margin-bottom: 0.0001pt; text-align: justify; line-height: normal;\"><span style=\"font-size: 10pt; font-family: 'Verdana','sans-serif';\">Antonio Petrocelli \u00e8 un attore fiorentino di origini lucane, con alle spalle una consolidata carriera cinematografica che lo ha visto ricoprire ruoli importanti in pi\u00f9 di 50 film diretti dai principali registi italiani quali Nanni Moretti, Gabriele Salvatores, Marco Bellocchio, Liliana Cavani ed Enzo Monteleone. Petrocelli non \u00e8 solo un abile attore ma \u00e8 anche un ottimo autore. Dopo il successo del suo primo romanzo autobiografico &#8220;Volantini&#8221; infatti, ha nel cassetto un nuovo romanzo che indaga la condizione dell&#8217;attore e che dichiara apertamente il suo amore incondizionato per il cinema e per tutto ci\u00f2 che esso rappresenta. Insomma, Antonio Petrocelli ci sa fare. Come attore, come autore, come performer futurista durante i suoi recitals, come artista sincero, che sa trasmettere il senso del bello.<\/span><\/p>\n<p class=\"MsoNormal\" style=\"margin-bottom: 0.0001pt; text-align: justify; line-height: normal;\">&nbsp;<\/p>\n<p class=\"MsoNormal\" style=\"margin-bottom: 0.0001pt; text-align: justify; line-height: normal;\"><span style=\"font-size: 12pt; font-family: 'Verdana','sans-serif';\">A seguire spazio alla musica dell&#8217;argentina <strong><span style=\"color: red;\">Orquesta tipica el afronte<\/span><\/strong>, gruppo musicale di Buenos Aires composto da dieci giovani musicisti e una coppia di danzatori di tango. <\/span><\/p>\n<p class=\"MsoNormal\" style=\"margin-bottom: 0.0001pt; text-align: justify; line-height: normal;\">&nbsp;<\/p>\n<p class=\"MsoNormal\" style=\"margin-bottom: 0.0001pt; text-align: justify; line-height: normal;\"><span style=\"font-size: 10pt; font-family: 'Verdana','sans-serif';\">L&#8217;11 Dicembre del 2004 nella citt\u00e0 di Buenos Aires il violinista Gabriel Atum si riun\u00ec con dieci artisti tra musicisti e cantanti, con il fine di formare un&#8217;orchestra &#8220;tipica&#8221; di tango. In due mesi, formatosi il gruppo, gi\u00e0 contava sedici pezzi di tanghi classici in repertorio, seguendo lo stile proprio dell&#8217;orchestra tipica di Osvaldo Pugliese. Ad oggi la formazione \u00e8 composta da quattro fuelles (bandoneones), tre violini, un cello, un piano, un contrabbasso e un cantante. L&#8217;Orquestra Tipica El Afronte intende dare un impulso alla sua evoluzione musicale verso un suono nuovo, dal taglio aggressivo, mantenendo la struttura base e la caratteristica ballabile dell&#8217;orchestra tradizionale. L&#8217;obbiettivo \u00e8 quello di comporre pezzi e canzoni nuove di tanghi originali, alternando, quindi, al tango tradizionale i tanghi nuovi come: &#8220;Pueblada&#8221; e &#8220;Matilda Monogamia&#8221;. Cd pubblicati &#8220;Vivo en Radio National&#8221; &#8220;El Afronte en vivo&#8221; e &#8220;Tango al Palo&#8221;. Nel giugno del 2005 El Afronte partecip\u00f2 attivamente alla creazione della Union de Orquestras Tipicas. Oltre ai concerti in Argentina e Brasile, l&#8217;Orquestra ha partecipato al ciclo &#8220;Tango de Aca&#8217;&#8221; festival organizzato dal governo della citt\u00e0 autonoma di Buenos Aires, ed \u00e8 stata dichiarata dall&#8217;amministrazione pubblica di &#8220;interesse culturale&#8221;. L&#8217;attivit\u00e0 del gruppo prosegue anche nelle milonghe e nei clubs di tango.<\/span><\/p>\n<p class=\"MsoNormal\" style=\"margin-bottom: 0.0001pt; text-align: justify; line-height: normal;\">&nbsp;<\/p>\n<p class=\"MsoNormal\" style=\"margin-bottom: 0.0001pt; text-align: justify; line-height: normal;\"><span style=\"font-size: 12pt; font-family: 'Verdana','sans-serif';\">Nella Casa de las Palabras saranno tanti i nomi prestigiosi che si avvicenderanno: l&#8217;uruguayano <strong><span style=\"color: red;\">Eduardo Galeano<\/span><\/strong> (<strong><em>marted\u00ec 20 maggio<\/em><\/strong>), senza dubbio uno dei pi\u00f9 acclamati scrittori latinoamericani, tradotto in pi\u00f9 di 20 lingue, che si distingue per uno stile unico che mescola storia, realt\u00e0, finzione, giornalismo e analisi politica; il giornalista <strong><span style=\"color: red;\">Luca Mastrantonio<\/span> <\/strong><em>(mercoled\u00ec 21 maggio)<\/em> che presenter\u00e0 il libro &#8220;Hugo Chavez &#8211; Il Caudillo pop&#8221; pubblicato da Marsilio Editori; <strong><span style=\"color: red;\">Louis-Philippe Dalembert<\/span><\/strong> (sabato 24 maggio), grande viaggiatore e rappresentante della cultura haitiana; <strong><span style=\"color: red;\">Marcia Teophilo<\/span> <\/strong>(<em>sabato 31 maggio<\/em>) poetessa brasiliana pi\u00f9 volte candidata al Premio Nobel per la Letteratura<em>; <\/em><strong><span style=\"color: red;\">Pedro Gomez<\/span><\/strong> (<em>gioved\u00ec 5 e venerd\u00ec 6 giugno<\/em>) direttore della &#8220;Casa de Poes\u00eda Silva&#8221; a Bogot\u00e0, il tempio per eccellenza della poesia latino americana e il luogo fondamentale di accentramento artistico e di conservazione e diffusione della cultura poetica, <strong><span style=\"color: red;\">Fernando Rend\u00f3n<\/span><\/strong> (<em>domenica 8 giugno<\/em>) Direttore del Festival de Poesia di Medell\u00ecn che dal 1991 si impegna a far dialogare poeti e tradizione poetiche da tutto il mondo e che <em>&#8220;per aver mostrato come la creativit\u00e0, la bellezza, la libera espressione e il senso della comunit\u00e0, possano fiorire insieme e sconfiggere anche la paura e la violenza pi\u00f9 radicate&#8221;, <\/em>ha ricevuto nel 2006 il Premio Nobel Alternativo per la Pace; la scrittrice <strong><span style=\"color: red;\">Laura Pariani <\/span><\/strong>(<em>domenica 15 giugno<\/em>), da ritenersi una delle protagoniste pi\u00f9 significative della nostra narrativa italiana, ha dimostrato di possedere una rara sapienza di scrittura ed una grande capacit\u00e0 di orchestrare storie attraverso avvedute strategie linguistiche (<em>ingresso gratuito <\/em><\/span><em><span style=\"font-size: 12pt; font-family: 'Arial Unicode MS','sans-serif';\">\ufffd<\/span><\/em><em><span style=\"font-size: 12pt; font-family: 'Verdana','sans-serif';\"> inizio ore 21.00<\/span><\/em><span style=\"font-size: 12pt; font-family: 'Verdana','sans-serif';\">).<\/span><\/p>\n<p class=\"MsoNormal\" style=\"margin-bottom: 0.0001pt; text-align: justify; line-height: normal;\">&nbsp;<\/p>\n<p class=\"MsoNormal\" style=\"margin-bottom: 0.0001pt; text-align: justify; line-height: normal;\"><span style=\"font-size: 12pt; font-family: 'Verdana','sans-serif';\">Un contesto raffinato, impreziosito dall&#8217;allestimento di tre mostre monografico-letterarie che proporranno immagini inedite attorno alle straordinarie figure di Bruce Chatwin, Jorge Luis Borges e Pablo Neruda, vere e proprie icone della storia della letteratura Latinoamericana, da sempre amate dai lettori di tutto il mondo. Saranno allestite infatti le mostre <strong><span style=\"color: red;\">La Patagonia di Bruce Chatwin<\/span><\/strong> (Argentina) a cura dell&#8217;Istituto Italo-Latino Americano, scatti fotografici di Chatwin che documentano il suo viaggio nella terra eccentrica per eccellenza, <strong><span style=\"color: red;\">&#8220;J. L. Borges attraverso le immagini&#8221;<\/span> <\/strong><span style=\"color: black;\">a cura dell&#8217;Istituto Italo-Latino Americano <\/span>circa 100 fotogrammi, un collage illuminante sulla vita del massimo scrittore argentino. Un viaggio verso l&#8217;uomo Borges e il suo tempo, i suoi affetti, i suoi ricordi, ; <strong><span style=\"color: red;\">Pablo Neruda, passi in Italia<\/span> <\/strong>a cura di Patricia Rivadeneira e Federica La Paglia. In Italia la figura di Pablo Neruda \u00e8 sempre stata amata, sia per la forza e la profondit\u00e0 dei suoi versi, sia per il suo fondamentale legame col Paese, dove giunse esule nei primi anni Cinquanta. E proprio la storia di questo legame \u00e8 l&#8217;elemento centrale e la ragion d&#8217;essere della mostra ideata per festeggiare il centenario della nascita del poeta e cresciuta intorno alle testimonianze dei suoi molti amici italiani. (<em>ingresso gratuito <\/em><\/span><em><span style=\"font-size: 12pt; font-family: 'Arial Unicode MS','sans-serif';\">\ufffd<\/span><\/em><em><span style=\"font-size: 12pt; font-family: 'Verdana','sans-serif';\"> tutti i giorni dalle 8 alle 14, luned\u00ec e gioved\u00ec dalle 16\/19.30)<\/span><\/em><\/p>\n<p class=\"MsoNormal\" style=\"margin-bottom: 0.0001pt; text-align: justify; line-height: normal;\">&nbsp;<\/p>\n<p class=\"MsoNormal\" style=\"margin-bottom: 0.0001pt; text-align: justify; line-height: normal;\"><span style=\"font-size: 12pt; font-family: 'Verdana','sans-serif';\">Salento Negroamaro rientra nell&#8217;iniziativa &#8220;<strong><span style=\"color: red;\">Primavera nel Salento<\/span><\/strong>&#8221; pacchetto turistico coordinato dall&#8217;Azienda di Promozione Turistica della provincia di Lecce in collaborazione con la partnership istituzionale e privata, ormai consolidata, che offre agli ospiti l&#8217;opportunit\u00e0 di soggiornare in alberghi, town &amp; country house a prezzi promozionali, di fruire gratuitamente delle iniziative del programma di &#8220;Citt\u00e0 Aperte&#8221; e degli eventi di cinema, teatro, concerti, mostre e incontri della rassegna delle culture migranti.<\/span><\/p>\n<p class=\"MsoNormal\" style=\"margin-bottom: 0.0001pt; text-align: justify; line-height: normal;\">&nbsp;<\/p>\n<p class=\"MsoNormal\" style=\"margin-bottom: 0.0001pt; text-align: justify; line-height: normal;\">&nbsp;<\/p>\n<p class=\"MsoNormal\" style=\"margin: 0cm 28.3pt 0.0001pt 1cm; text-align: justify; line-height: normal;\"><strong><em><span style=\"font-size: 12pt; font-family: 'Verdana','sans-serif'; color: red;\">Territorios &#8211; Salento Negroamaro 2008<\/span><\/em><\/strong><em><span style=\"font-size: 12pt; font-family: 'Verdana','sans-serif';\"> \u00e8 promosso dalla Provincia di Lecce, con il sostegno di: IILA Istituto Italo-Latino Americano, Regione Puglia, Ministero dei Beni Culturali e Ministero dello Sviluppo Economico, Ambasciate di Colombia, Cile, Messico, Teatro Pubblico Pugliese, Monte dei Paschi di Siena, Gruppo Italgest; il patrocinio delle Rappresentanze diplomatiche latinoamericane in Italia; a cura di Gianna Licchetta e ADCartdiffusion.com, con la collaborazione di: CCTC UNESCO, CO.PE.A.M., Azienda di promozione turistica, Cantieri Koreja, Big Sur, Blutango, Movimento Turismo del Vino, Manifatture Knos; i Comuni di Alessano, Cannole, Cursi, Galatina, Leverano, Melendugno, Martano, <a href=\"https:\/\/www.torrevado.info\/news\/index.php\/otranto-la-vacanza-piu-ad-oriente-della-puglia\">Otranto<\/a>, San Cesario di Lecce, Vernole.<\/span><\/em><\/p>\n<p class=\"MsoNormal\" style=\"margin-bottom: 0.0001pt; line-height: normal;\">&nbsp;<\/p>\n","protected":false},"excerpt":{"rendered":"<p>CASA DE LAS PALABRAS Paesaggi monografici-letterari Un contenitore di incontri, dibattiti, interviste e recital. Tra gli ospiti Eduardo Galeano, Antonio Petrocelli, Louis-Philippe Dalembert, Pedro Gomez, Fernando Rend\u00f3n. Saranno allestite anche le mostre su Bruce Chatwin, Jorge Luis Borges e Pablo Neruda &nbsp; &nbsp; Da sabato 17 maggio a sabato 10 settembre Palazzo Legari, nel centro storico di Alessano, verr\u00e0 denominato Casa de las Palabras. In occasione di Salento Negroamaro il palazzo rinascimentale del piccolo comune salentino si trasformer\u00e0 infatti in [&hellip;]<\/p>\n","protected":false},"author":2,"featured_media":0,"comment_status":"closed","ping_status":"closed","sticky":false,"template":"","format":"standard","meta":{"footnotes":""},"categories":[14],"tags":[],"class_list":["post-392","post","type-post","status-publish","format-standard","hentry","category-salento"],"yoast_head":"<!-- This site is optimized with the Yoast SEO plugin v24.7 - https:\/\/yoast.com\/wordpress\/plugins\/seo\/ -->\r\n<title>Salento Negroamaro, rassegna delle Culture migranti, edizione 2008 - Eventi e Notizie del Salento<\/title>\r\n<meta name=\"robots\" content=\"index, follow, max-snippet:-1, max-image-preview:large, max-video-preview:-1\" \/>\r\n<link rel=\"canonical\" href=\"https:\/\/www.torrevado.info\/news\/index.php\/2008\/05\/salento-negroamaro-rassegna-delle-culture-migranti-edizione-2008.html\" \/>\r\n<meta property=\"og:locale\" content=\"it_IT\" \/>\r\n<meta property=\"og:type\" content=\"article\" \/>\r\n<meta property=\"og:title\" content=\"Salento Negroamaro, rassegna delle Culture migranti, edizione 2008 - Eventi e Notizie del Salento\" \/>\r\n<meta property=\"og:description\" content=\"CASA DE LAS PALABRAS Paesaggi monografici-letterari Un contenitore di incontri, dibattiti, interviste e recital. Tra gli ospiti Eduardo Galeano, Antonio Petrocelli, Louis-Philippe Dalembert, Pedro Gomez, Fernando Rend\u00f3n. Saranno allestite anche le mostre su Bruce Chatwin, Jorge Luis Borges e Pablo Neruda &nbsp; &nbsp; Da sabato 17 maggio a sabato 10 settembre Palazzo Legari, nel centro storico di Alessano, verr\u00e0 denominato Casa de las Palabras. In occasione di Salento Negroamaro il palazzo rinascimentale del piccolo comune salentino si trasformer\u00e0 infatti in [&hellip;]\" \/>\r\n<meta property=\"og:url\" content=\"https:\/\/www.torrevado.info\/news\/index.php\/2008\/05\/salento-negroamaro-rassegna-delle-culture-migranti-edizione-2008.html\" \/>\r\n<meta property=\"og:site_name\" content=\"Eventi e Notizie del Salento\" \/>\r\n<meta property=\"article:published_time\" content=\"2008-05-27T05:46:15+00:00\" \/>\r\n<meta property=\"article:modified_time\" content=\"2023-09-14T16:27:43+00:00\" \/>\r\n<meta name=\"author\" content=\"Anna Maria Ciardo\" \/>\r\n<meta name=\"twitter:card\" content=\"summary_large_image\" \/>\r\n<meta name=\"twitter:label1\" content=\"Scritto da\" \/>\n\t<meta name=\"twitter:data1\" content=\"Anna Maria Ciardo\" \/>\n\t<meta name=\"twitter:label2\" content=\"Tempo di lettura stimato\" \/>\n\t<meta name=\"twitter:data2\" content=\"7 minuti\" \/>\r\n<script type=\"application\/ld+json\" class=\"yoast-schema-graph\">{\"@context\":\"https:\/\/schema.org\",\"@graph\":[{\"@type\":\"WebPage\",\"@id\":\"https:\/\/www.torrevado.info\/news\/index.php\/2008\/05\/salento-negroamaro-rassegna-delle-culture-migranti-edizione-2008.html\",\"url\":\"https:\/\/www.torrevado.info\/news\/index.php\/2008\/05\/salento-negroamaro-rassegna-delle-culture-migranti-edizione-2008.html\",\"name\":\"Salento Negroamaro, rassegna delle Culture migranti, edizione 2008 - Eventi e Notizie del Salento\",\"isPartOf\":{\"@id\":\"https:\/\/www.torrevado.info\/news\/#website\"},\"datePublished\":\"2008-05-27T05:46:15+00:00\",\"dateModified\":\"2023-09-14T16:27:43+00:00\",\"author\":{\"@id\":\"https:\/\/www.torrevado.info\/news\/#\/schema\/person\/a9363953b66f43d14aee071a8faa0a3d\"},\"breadcrumb\":{\"@id\":\"https:\/\/www.torrevado.info\/news\/index.php\/2008\/05\/salento-negroamaro-rassegna-delle-culture-migranti-edizione-2008.html#breadcrumb\"},\"inLanguage\":\"it-IT\",\"potentialAction\":[{\"@type\":\"ReadAction\",\"target\":[\"https:\/\/www.torrevado.info\/news\/index.php\/2008\/05\/salento-negroamaro-rassegna-delle-culture-migranti-edizione-2008.html\"]}]},{\"@type\":\"BreadcrumbList\",\"@id\":\"https:\/\/www.torrevado.info\/news\/index.php\/2008\/05\/salento-negroamaro-rassegna-delle-culture-migranti-edizione-2008.html#breadcrumb\",\"itemListElement\":[{\"@type\":\"ListItem\",\"position\":1,\"name\":\"Home\",\"item\":\"https:\/\/www.torrevado.info\/news\"},{\"@type\":\"ListItem\",\"position\":2,\"name\":\"Salento Negroamaro, rassegna delle Culture migranti, edizione 2008\"}]},{\"@type\":\"WebSite\",\"@id\":\"https:\/\/www.torrevado.info\/news\/#website\",\"url\":\"https:\/\/www.torrevado.info\/news\/\",\"name\":\"Eventi e Notizie del Salento\",\"description\":\"\",\"potentialAction\":[{\"@type\":\"SearchAction\",\"target\":{\"@type\":\"EntryPoint\",\"urlTemplate\":\"https:\/\/www.torrevado.info\/news\/?s={search_term_string}\"},\"query-input\":{\"@type\":\"PropertyValueSpecification\",\"valueRequired\":true,\"valueName\":\"search_term_string\"}}],\"inLanguage\":\"it-IT\"},{\"@type\":\"Person\",\"@id\":\"https:\/\/www.torrevado.info\/news\/#\/schema\/person\/a9363953b66f43d14aee071a8faa0a3d\",\"name\":\"Anna Maria Ciardo\",\"sameAs\":[\"http:\/\/\"]}]}<\/script>\r\n<!-- \/ Yoast SEO plugin. -->","yoast_head_json":{"title":"Salento Negroamaro, rassegna delle Culture migranti, edizione 2008 - Eventi e Notizie del Salento","robots":{"index":"index","follow":"follow","max-snippet":"max-snippet:-1","max-image-preview":"max-image-preview:large","max-video-preview":"max-video-preview:-1"},"canonical":"https:\/\/www.torrevado.info\/news\/index.php\/2008\/05\/salento-negroamaro-rassegna-delle-culture-migranti-edizione-2008.html","og_locale":"it_IT","og_type":"article","og_title":"Salento Negroamaro, rassegna delle Culture migranti, edizione 2008 - Eventi e Notizie del Salento","og_description":"CASA DE LAS PALABRAS Paesaggi monografici-letterari Un contenitore di incontri, dibattiti, interviste e recital. Tra gli ospiti Eduardo Galeano, Antonio Petrocelli, Louis-Philippe Dalembert, Pedro Gomez, Fernando Rend\u00f3n. Saranno allestite anche le mostre su Bruce Chatwin, Jorge Luis Borges e Pablo Neruda &nbsp; &nbsp; Da sabato 17 maggio a sabato 10 settembre Palazzo Legari, nel centro storico di Alessano, verr\u00e0 denominato Casa de las Palabras. In occasione di Salento Negroamaro il palazzo rinascimentale del piccolo comune salentino si trasformer\u00e0 infatti in [&hellip;]","og_url":"https:\/\/www.torrevado.info\/news\/index.php\/2008\/05\/salento-negroamaro-rassegna-delle-culture-migranti-edizione-2008.html","og_site_name":"Eventi e Notizie del Salento","article_published_time":"2008-05-27T05:46:15+00:00","article_modified_time":"2023-09-14T16:27:43+00:00","author":"Anna Maria Ciardo","twitter_card":"summary_large_image","twitter_misc":{"Scritto da":"Anna Maria Ciardo","Tempo di lettura stimato":"7 minuti"},"schema":{"@context":"https:\/\/schema.org","@graph":[{"@type":"WebPage","@id":"https:\/\/www.torrevado.info\/news\/index.php\/2008\/05\/salento-negroamaro-rassegna-delle-culture-migranti-edizione-2008.html","url":"https:\/\/www.torrevado.info\/news\/index.php\/2008\/05\/salento-negroamaro-rassegna-delle-culture-migranti-edizione-2008.html","name":"Salento Negroamaro, rassegna delle Culture migranti, edizione 2008 - Eventi e Notizie del Salento","isPartOf":{"@id":"https:\/\/www.torrevado.info\/news\/#website"},"datePublished":"2008-05-27T05:46:15+00:00","dateModified":"2023-09-14T16:27:43+00:00","author":{"@id":"https:\/\/www.torrevado.info\/news\/#\/schema\/person\/a9363953b66f43d14aee071a8faa0a3d"},"breadcrumb":{"@id":"https:\/\/www.torrevado.info\/news\/index.php\/2008\/05\/salento-negroamaro-rassegna-delle-culture-migranti-edizione-2008.html#breadcrumb"},"inLanguage":"it-IT","potentialAction":[{"@type":"ReadAction","target":["https:\/\/www.torrevado.info\/news\/index.php\/2008\/05\/salento-negroamaro-rassegna-delle-culture-migranti-edizione-2008.html"]}]},{"@type":"BreadcrumbList","@id":"https:\/\/www.torrevado.info\/news\/index.php\/2008\/05\/salento-negroamaro-rassegna-delle-culture-migranti-edizione-2008.html#breadcrumb","itemListElement":[{"@type":"ListItem","position":1,"name":"Home","item":"https:\/\/www.torrevado.info\/news"},{"@type":"ListItem","position":2,"name":"Salento Negroamaro, rassegna delle Culture migranti, edizione 2008"}]},{"@type":"WebSite","@id":"https:\/\/www.torrevado.info\/news\/#website","url":"https:\/\/www.torrevado.info\/news\/","name":"Eventi e Notizie del Salento","description":"","potentialAction":[{"@type":"SearchAction","target":{"@type":"EntryPoint","urlTemplate":"https:\/\/www.torrevado.info\/news\/?s={search_term_string}"},"query-input":{"@type":"PropertyValueSpecification","valueRequired":true,"valueName":"search_term_string"}}],"inLanguage":"it-IT"},{"@type":"Person","@id":"https:\/\/www.torrevado.info\/news\/#\/schema\/person\/a9363953b66f43d14aee071a8faa0a3d","name":"Anna Maria Ciardo","sameAs":["http:\/\/"]}]}},"_links":{"self":[{"href":"https:\/\/www.torrevado.info\/news\/index.php\/wp-json\/wp\/v2\/posts\/392","targetHints":{"allow":["GET"]}}],"collection":[{"href":"https:\/\/www.torrevado.info\/news\/index.php\/wp-json\/wp\/v2\/posts"}],"about":[{"href":"https:\/\/www.torrevado.info\/news\/index.php\/wp-json\/wp\/v2\/types\/post"}],"author":[{"embeddable":true,"href":"https:\/\/www.torrevado.info\/news\/index.php\/wp-json\/wp\/v2\/users\/2"}],"replies":[{"embeddable":true,"href":"https:\/\/www.torrevado.info\/news\/index.php\/wp-json\/wp\/v2\/comments?post=392"}],"version-history":[{"count":1,"href":"https:\/\/www.torrevado.info\/news\/index.php\/wp-json\/wp\/v2\/posts\/392\/revisions"}],"predecessor-version":[{"id":3065,"href":"https:\/\/www.torrevado.info\/news\/index.php\/wp-json\/wp\/v2\/posts\/392\/revisions\/3065"}],"wp:attachment":[{"href":"https:\/\/www.torrevado.info\/news\/index.php\/wp-json\/wp\/v2\/media?parent=392"}],"wp:term":[{"taxonomy":"category","embeddable":true,"href":"https:\/\/www.torrevado.info\/news\/index.php\/wp-json\/wp\/v2\/categories?post=392"},{"taxonomy":"post_tag","embeddable":true,"href":"https:\/\/www.torrevado.info\/news\/index.php\/wp-json\/wp\/v2\/tags?post=392"}],"curies":[{"name":"wp","href":"https:\/\/api.w.org\/{rel}","templated":true}]}}