{"id":451,"date":"2008-08-23T12:25:49","date_gmt":"2008-08-23T11:25:49","guid":{"rendered":"http:\/\/www.torrevado.info\/news\/?p=451"},"modified":"2013-03-19T21:30:35","modified_gmt":"2013-03-19T20:30:35","slug":"campionato-assoluto-di-pesca-in-apnea-a-torre-vado","status":"publish","type":"post","link":"https:\/\/www.torrevado.info\/news\/index.php\/2008\/08\/campionato-assoluto-di-pesca-in-apnea-a-torre-vado.html","title":{"rendered":"Campionato Assoluto di Pesca in apnea a Torre Vado"},"content":{"rendered":"<p><strong>Campionato Italiano Assoluto di Pesca in Apnea<br \/>\nTorre Vado \u2013 Marina di Morciano di Leuca (LE) 4 \u2013 7 Settembre 2008<\/strong><\/p>\n<p><img loading=\"lazy\" decoding=\"async\" src=\"https:\/\/www.torrevado.info\/Foto\/mare\/polpo.jpg\" alt=\"\" width=\"450\" height=\"305\" \/><\/p>\n<p><strong><\/strong><br \/>\n<strong>PROGRAMMA <\/strong><\/p>\n<p><strong>Domenica 31 Agosto 2008<\/strong><br \/>\nOre 17:00\u00a0\u00a0 \u00a0Sorteggio e pubblicazione dei campi di gara presso \u201cHotel La Collinetta \u2013 Torre Vado\u201d<\/p>\n<p>Luned\u00ec 1, Marted\u00ec 2 e Mercoled\u00ec 3 Settembre 2008<br \/>\n(fino ore 18:00) Sopralluogo campi di gara<\/p>\n<p>Gioved\u00ec 4 Settembre 2008<br \/>\n(fino ore 14:00) Sopralluogo campi di gara<br \/>\nOre 16:00 Presentazione della Manifestazione, riunione preliminare con la Direzione di Gara, accredito atleti, controllo posizione federale, distribuzione materiale presso \u201c<strong>Hotel La Collinetta \u2013 Torre Vado\u201d<\/strong><br \/>\nOre 19:30 Aperitivo<\/p>\n<p>Venerd\u00ec 5 Settembre 2008<br \/>\nOre 06:00 Sveglia<br \/>\nOre 07:00 Colazione<br \/>\nOre 08:00 raduno concorrenti e partenza campo gara<br \/>\nOre 08:30 Inizio gara<br \/>\nOre 13:30 Termine gara<br \/>\nOre 14:30 Piatto caldo<br \/>\nOre 15:30 operazioni di pesatura<\/p>\n<p>Sabato 6 Settembre 2008<br \/>\nOre 06:00 Sveglia<br \/>\nOre 07:00 Colazione<br \/>\nOre 08:00 Raduno concorrenti e partenza campo gara<br \/>\nOre 08:30 Inizio gara<br \/>\nOre 13:30 termine gara<br \/>\nOre 14:30 Piatto caldo<br \/>\nOre 15:30 Operazioni di pesatura<br \/>\nOre 18:30 Cerimonia di Premiazione<br \/>\nOre 20:30 Cena di Gala (a richiesta)<\/p>\n<p>Domenica 7 Settembre 2008<br \/>\nEventuale giornata di recupero e\/o di partenza<\/p>\n<p>Dopo le prime due ore e trenta minuti di gara gli atleti avranno a disposizione 15 minuti per effettuare eventuali spostamenti con l\u2019imbarcazione sul campo di gara. Gli atleti che non intendono utilizzare l\u2019imbarcazione per gli spostamenti potranno continuare a pescare.<\/p>\n<p>BUONA PESCA?! O NON SI PUO&#8217; DIRE?<\/p>\n<p>Appuntamento a TORRE VADO, il mare pi\u00f9 pescoso del Salento in Puglia.<\/p>\n<p>Ecco l&#8217;elenco degli atleti partecipanti:<\/p>\n<p>2\u00a0\u00a0 \u00a0GIUSTINO BLASIO\u00a0\u00a0 \u00a0\u00a0\u00a0\u00a0\u00a0\u00a0\u00a0\u00a0 CIRCOLO SUBACQUEO APNEA TEAM ROMA<br \/>\n3\u00a0\u00a0 \u00a0BRUNO DE SILVESTRI\u00a0\u00a0 \u00a0A.S.D. CLUB SUB CAGLIARI<br \/>\n4\u00a0\u00a0 \u00a0STEFANO BELLANI\u00a0\u00a0 \u00a0\u00a0\u00a0\u00a0\u00a0\u00a0\u00a0\u00a0 CI. CA. SUB GUIDO GARIBALDI<br \/>\n5\u00a0\u00a0 \u00a0SEBASTIANO PISCI\u00a0\u00a0 \u00a0NORD PADANIA SUB<br \/>\n6\u00a0\u00a0 \u00a0CARLO INSERRA\u00a0\u00a0 \u00a0\u00a0\u00a0\u00a0\u00a0\u00a0\u00a0\u00a0 SPORTING CLUB AIRONE<br \/>\n7\u00a0\u00a0 \u00a0FRANCO VILLANI\u00a0\u00a0 \u00a0\u00a0\u00a0\u00a0\u00a0\u00a0\u00a0\u00a0 APNEA CLUB BRECIA<br \/>\n8\u00a0\u00a0 \u00a0ALESSIO GALLINUCCI\u00a0\u00a0 \u00a0A.S. MOJOLI SUB<br \/>\n9\u00a0\u00a0 \u00a0NICOLA RIOLO\u00a0\u00a0 \u00a0\u00a0\u00a0\u00a0\u00a0\u00a0\u00a0\u00a0 CAMMARATA MARE SUB<br \/>\n10\u00a0\u00a0 \u00a0ANGELO D\u2019ONOFRIO\u00a0\u00a0 \u00a0A.S. MOJOLI SUB<br \/>\n11\u00a0\u00a0 \u00a0RENATO SPERANDIO\u00a0\u00a0 \u00a0S.P.S. FOCE DEL MIGNONE A.S.D.<br \/>\n12\u00a0\u00a0 \u00a0ENRICO VOLPICELLI\u00a0\u00a0 \u00a0ARCO MUTO SUB ANZIO<br \/>\n13\u00a0\u00a0 \u00a0PAOLO CAPPUCCIATI\u00a0\u00a0 \u00a0G.S.D. OLIMPIA SUB<br \/>\n14\u00a0\u00a0 \u00a0ROBERTO PRAIOLA\u00a0\u00a0 \u00a0A.S.D. TOMASI SUB NETTUNO<br \/>\n15\u00a0\u00a0 \u00a0GIANMATTEO GROSSI\u00a0\u00a0 \u00a0DILETTANTI PESCA MARINETTA<br \/>\n16\u00a0\u00a0 \u00a0IGOR BISULLI\u00a0\u00a0 \u00a0\u00a0\u00a0\u00a0\u00a0\u00a0\u00a0\u00a0 CIRCOLO SUBACQUEO A. GHISLERI<br \/>\n17\u00a0\u00a0 \u00a0MAURIZIO RAMACCIOTTI\u00a0\u00a0 \u00a0CI.CA. SUB GUIDO GARIBALDI<br \/>\n18\u00a0\u00a0 \u00a0SALVATORE ETERNATO\u00a0\u00a0 \u00a0CIRCOLO SUBACQUEO APNEA TEAM ROMA<br \/>\n19\u00a0\u00a0 \u00a0MARIO DEGRASSI\u00a0\u00a0 \u00a0\u00a0\u00a0\u00a0\u00a0\u00a0\u00a0\u00a0 CIRCOLO TERGESTE PESCA SPORTIVA<br \/>\n20\u00a0\u00a0 \u00a0NICOLA SMERALDI\u00a0\u00a0 \u00a0\u00a0\u00a0\u00a0\u00a0\u00a0\u00a0\u00a0 CLUB SUB SESTRI LEVANTE<br \/>\n21\u00a0\u00a0 \u00a0ANDREA CALVINO\u00a0\u00a0 \u00a0\u00a0\u00a0\u00a0\u00a0\u00a0\u00a0\u00a0 A.S. MOJOLI SUB<br \/>\n22\u00a0\u00a0 \u00a0SANDRO MANCIA\u00a0\u00a0 \u00a0\u00a0\u00a0\u00a0\u00a0\u00a0\u00a0\u00a0 A.S. LIBERTAS SEA CLUB<br \/>\n23\u00a0\u00a0 \u00a0MASSIMO FAUCI\u00a0\u00a0 \u00a0\u00a0\u00a0\u00a0\u00a0\u00a0\u00a0\u00a0 CIRCOLO NAUTICO LA PIETRA<br \/>\n24\u00a0\u00a0 \u00a0CHRISTIAN MORTELLARO\u00a0\u00a0 \u00a0ASSOCIAZIONE LIBERTAS NUOTO SUB 2000<br \/>\n25\u00a0\u00a0 \u00a0MASSIMILIANO BARTELONI\u00a0\u00a0 \u00a0POLISPORTIVA G.S. ALBATROS<br \/>\n26\u00a0\u00a0 \u00a0DIEGO D\u2019ALESSANDRO\u00a0\u00a0 \u00a0L.N.I. SEZ. MOLA DI BARI<br \/>\n27\u00a0\u00a0 \u00a0GIOVANNI MANGANO\u00a0\u00a0 \u00a0CIRCOLO CACCIATORI SUBACQUEI<br \/>\n28\u00a0\u00a0 \u00a0FELICE CONCETTO\u00a0\u00a0 \u00a0\u00a0\u00a0\u00a0\u00a0\u00a0\u00a0\u00a0 ASSOCIAZIONE LIBERTAS NUOTO SUB 2000<br \/>\n29\u00a0\u00a0 \u00a0LUCA SEPE\u00a0\u00a0 \u00a0\u00a0\u00a0\u00a0\u00a0\u00a0\u00a0\u00a0 L.N.I. SEZ. POZZUOLI<br \/>\n30\u00a0\u00a0 \u00a0ANTONIO LOVICARIO\u00a0\u00a0 \u00a0AIR SUB APNEA TEAM<\/p>\n","protected":false},"excerpt":{"rendered":"<p>Campionato Italiano Assoluto di Pesca in Apnea Torre Vado \u2013 Marina di Morciano di Leuca (LE) 4 \u2013 7 Settembre 2008 PROGRAMMA Domenica 31 Agosto 2008 Ore 17:00\u00a0\u00a0 \u00a0Sorteggio e pubblicazione dei campi di gara presso \u201cHotel La Collinetta \u2013 Torre Vado\u201d Luned\u00ec 1, Marted\u00ec 2 e Mercoled\u00ec 3 Settembre 2008 (fino ore 18:00) Sopralluogo campi di gara Gioved\u00ec 4 Settembre 2008 (fino ore 14:00) Sopralluogo campi di gara Ore 16:00 Presentazione della Manifestazione, riunione preliminare con la Direzione di [&hellip;]<\/p>\n","protected":false},"author":2,"featured_media":0,"comment_status":"open","ping_status":"closed","sticky":false,"template":"","format":"standard","meta":{"footnotes":""},"categories":[150],"tags":[11],"class_list":["post-451","post","type-post","status-publish","format-standard","hentry","category-torre-vado-morciano-barbarano-torre-vado","tag-torre-vado"],"yoast_head":"<!-- This site is optimized with the Yoast SEO plugin v24.7 - https:\/\/yoast.com\/wordpress\/plugins\/seo\/ -->\r\n<title>Campionato Assoluto di Pesca in apnea a Torre Vado - Eventi e Notizie del Salento<\/title>\r\n<meta name=\"robots\" content=\"index, follow, max-snippet:-1, max-image-preview:large, max-video-preview:-1\" \/>\r\n<link rel=\"canonical\" href=\"https:\/\/www.torrevado.info\/news\/index.php\/2008\/08\/campionato-assoluto-di-pesca-in-apnea-a-torre-vado.html\" \/>\r\n<meta property=\"og:locale\" content=\"it_IT\" \/>\r\n<meta property=\"og:type\" content=\"article\" \/>\r\n<meta property=\"og:title\" content=\"Campionato Assoluto di Pesca in apnea a Torre Vado - Eventi e Notizie del Salento\" \/>\r\n<meta property=\"og:description\" content=\"Campionato Italiano Assoluto di Pesca in Apnea Torre Vado \u2013 Marina di Morciano di Leuca (LE) 4 \u2013 7 Settembre 2008 PROGRAMMA Domenica 31 Agosto 2008 Ore 17:00\u00a0\u00a0 \u00a0Sorteggio e pubblicazione dei campi di gara presso \u201cHotel La Collinetta \u2013 Torre Vado\u201d Luned\u00ec 1, Marted\u00ec 2 e Mercoled\u00ec 3 Settembre 2008 (fino ore 18:00) Sopralluogo campi di gara Gioved\u00ec 4 Settembre 2008 (fino ore 14:00) Sopralluogo campi di gara Ore 16:00 Presentazione della Manifestazione, riunione preliminare con la Direzione di [&hellip;]\" \/>\r\n<meta property=\"og:url\" content=\"https:\/\/www.torrevado.info\/news\/index.php\/2008\/08\/campionato-assoluto-di-pesca-in-apnea-a-torre-vado.html\" \/>\r\n<meta property=\"og:site_name\" content=\"Eventi e Notizie del Salento\" \/>\r\n<meta property=\"article:published_time\" content=\"2008-08-23T11:25:49+00:00\" \/>\r\n<meta property=\"article:modified_time\" content=\"2013-03-19T20:30:35+00:00\" \/>\r\n<meta property=\"og:image\" content=\"https:\/\/www.torrevado.info\/Foto\/mare\/polpo.jpg\" \/>\r\n<meta name=\"author\" content=\"Anna Maria Ciardo\" \/>\r\n<meta name=\"twitter:card\" content=\"summary_large_image\" \/>\r\n<meta name=\"twitter:label1\" content=\"Scritto da\" \/>\n\t<meta name=\"twitter:data1\" content=\"Anna Maria Ciardo\" \/>\n\t<meta name=\"twitter:label2\" content=\"Tempo di lettura stimato\" \/>\n\t<meta name=\"twitter:data2\" content=\"2 minuti\" \/>\r\n<script type=\"application\/ld+json\" class=\"yoast-schema-graph\">{\"@context\":\"https:\/\/schema.org\",\"@graph\":[{\"@type\":\"WebPage\",\"@id\":\"https:\/\/www.torrevado.info\/news\/index.php\/2008\/08\/campionato-assoluto-di-pesca-in-apnea-a-torre-vado.html\",\"url\":\"https:\/\/www.torrevado.info\/news\/index.php\/2008\/08\/campionato-assoluto-di-pesca-in-apnea-a-torre-vado.html\",\"name\":\"Campionato Assoluto di Pesca in apnea a Torre Vado - Eventi e Notizie del Salento\",\"isPartOf\":{\"@id\":\"https:\/\/www.torrevado.info\/news\/#website\"},\"primaryImageOfPage\":{\"@id\":\"https:\/\/www.torrevado.info\/news\/index.php\/2008\/08\/campionato-assoluto-di-pesca-in-apnea-a-torre-vado.html#primaryimage\"},\"image\":{\"@id\":\"https:\/\/www.torrevado.info\/news\/index.php\/2008\/08\/campionato-assoluto-di-pesca-in-apnea-a-torre-vado.html#primaryimage\"},\"thumbnailUrl\":\"https:\/\/www.torrevado.info\/Foto\/mare\/polpo.jpg\",\"datePublished\":\"2008-08-23T11:25:49+00:00\",\"dateModified\":\"2013-03-19T20:30:35+00:00\",\"author\":{\"@id\":\"https:\/\/www.torrevado.info\/news\/#\/schema\/person\/a9363953b66f43d14aee071a8faa0a3d\"},\"breadcrumb\":{\"@id\":\"https:\/\/www.torrevado.info\/news\/index.php\/2008\/08\/campionato-assoluto-di-pesca-in-apnea-a-torre-vado.html#breadcrumb\"},\"inLanguage\":\"it-IT\",\"potentialAction\":[{\"@type\":\"ReadAction\",\"target\":[\"https:\/\/www.torrevado.info\/news\/index.php\/2008\/08\/campionato-assoluto-di-pesca-in-apnea-a-torre-vado.html\"]}]},{\"@type\":\"ImageObject\",\"inLanguage\":\"it-IT\",\"@id\":\"https:\/\/www.torrevado.info\/news\/index.php\/2008\/08\/campionato-assoluto-di-pesca-in-apnea-a-torre-vado.html#primaryimage\",\"url\":\"https:\/\/www.torrevado.info\/Foto\/mare\/polpo.jpg\",\"contentUrl\":\"https:\/\/www.torrevado.info\/Foto\/mare\/polpo.jpg\"},{\"@type\":\"BreadcrumbList\",\"@id\":\"https:\/\/www.torrevado.info\/news\/index.php\/2008\/08\/campionato-assoluto-di-pesca-in-apnea-a-torre-vado.html#breadcrumb\",\"itemListElement\":[{\"@type\":\"ListItem\",\"position\":1,\"name\":\"Home\",\"item\":\"https:\/\/www.torrevado.info\/news\"},{\"@type\":\"ListItem\",\"position\":2,\"name\":\"Campionato Assoluto di Pesca in apnea a Torre Vado\"}]},{\"@type\":\"WebSite\",\"@id\":\"https:\/\/www.torrevado.info\/news\/#website\",\"url\":\"https:\/\/www.torrevado.info\/news\/\",\"name\":\"Eventi e Notizie del Salento\",\"description\":\"\",\"potentialAction\":[{\"@type\":\"SearchAction\",\"target\":{\"@type\":\"EntryPoint\",\"urlTemplate\":\"https:\/\/www.torrevado.info\/news\/?s={search_term_string}\"},\"query-input\":{\"@type\":\"PropertyValueSpecification\",\"valueRequired\":true,\"valueName\":\"search_term_string\"}}],\"inLanguage\":\"it-IT\"},{\"@type\":\"Person\",\"@id\":\"https:\/\/www.torrevado.info\/news\/#\/schema\/person\/a9363953b66f43d14aee071a8faa0a3d\",\"name\":\"Anna Maria Ciardo\",\"sameAs\":[\"http:\/\/\"]}]}<\/script>\r\n<!-- \/ Yoast SEO plugin. -->","yoast_head_json":{"title":"Campionato Assoluto di Pesca in apnea a Torre Vado - Eventi e Notizie del Salento","robots":{"index":"index","follow":"follow","max-snippet":"max-snippet:-1","max-image-preview":"max-image-preview:large","max-video-preview":"max-video-preview:-1"},"canonical":"https:\/\/www.torrevado.info\/news\/index.php\/2008\/08\/campionato-assoluto-di-pesca-in-apnea-a-torre-vado.html","og_locale":"it_IT","og_type":"article","og_title":"Campionato Assoluto di Pesca in apnea a Torre Vado - Eventi e Notizie del Salento","og_description":"Campionato Italiano Assoluto di Pesca in Apnea Torre Vado \u2013 Marina di Morciano di Leuca (LE) 4 \u2013 7 Settembre 2008 PROGRAMMA Domenica 31 Agosto 2008 Ore 17:00\u00a0\u00a0 \u00a0Sorteggio e pubblicazione dei campi di gara presso \u201cHotel La Collinetta \u2013 Torre Vado\u201d Luned\u00ec 1, Marted\u00ec 2 e Mercoled\u00ec 3 Settembre 2008 (fino ore 18:00) Sopralluogo campi di gara Gioved\u00ec 4 Settembre 2008 (fino ore 14:00) Sopralluogo campi di gara Ore 16:00 Presentazione della Manifestazione, riunione preliminare con la Direzione di [&hellip;]","og_url":"https:\/\/www.torrevado.info\/news\/index.php\/2008\/08\/campionato-assoluto-di-pesca-in-apnea-a-torre-vado.html","og_site_name":"Eventi e Notizie del Salento","article_published_time":"2008-08-23T11:25:49+00:00","article_modified_time":"2013-03-19T20:30:35+00:00","og_image":[{"url":"https:\/\/www.torrevado.info\/Foto\/mare\/polpo.jpg","type":"","width":"","height":""}],"author":"Anna Maria Ciardo","twitter_card":"summary_large_image","twitter_misc":{"Scritto da":"Anna Maria Ciardo","Tempo di lettura stimato":"2 minuti"},"schema":{"@context":"https:\/\/schema.org","@graph":[{"@type":"WebPage","@id":"https:\/\/www.torrevado.info\/news\/index.php\/2008\/08\/campionato-assoluto-di-pesca-in-apnea-a-torre-vado.html","url":"https:\/\/www.torrevado.info\/news\/index.php\/2008\/08\/campionato-assoluto-di-pesca-in-apnea-a-torre-vado.html","name":"Campionato Assoluto di Pesca in apnea a Torre Vado - Eventi e Notizie del Salento","isPartOf":{"@id":"https:\/\/www.torrevado.info\/news\/#website"},"primaryImageOfPage":{"@id":"https:\/\/www.torrevado.info\/news\/index.php\/2008\/08\/campionato-assoluto-di-pesca-in-apnea-a-torre-vado.html#primaryimage"},"image":{"@id":"https:\/\/www.torrevado.info\/news\/index.php\/2008\/08\/campionato-assoluto-di-pesca-in-apnea-a-torre-vado.html#primaryimage"},"thumbnailUrl":"https:\/\/www.torrevado.info\/Foto\/mare\/polpo.jpg","datePublished":"2008-08-23T11:25:49+00:00","dateModified":"2013-03-19T20:30:35+00:00","author":{"@id":"https:\/\/www.torrevado.info\/news\/#\/schema\/person\/a9363953b66f43d14aee071a8faa0a3d"},"breadcrumb":{"@id":"https:\/\/www.torrevado.info\/news\/index.php\/2008\/08\/campionato-assoluto-di-pesca-in-apnea-a-torre-vado.html#breadcrumb"},"inLanguage":"it-IT","potentialAction":[{"@type":"ReadAction","target":["https:\/\/www.torrevado.info\/news\/index.php\/2008\/08\/campionato-assoluto-di-pesca-in-apnea-a-torre-vado.html"]}]},{"@type":"ImageObject","inLanguage":"it-IT","@id":"https:\/\/www.torrevado.info\/news\/index.php\/2008\/08\/campionato-assoluto-di-pesca-in-apnea-a-torre-vado.html#primaryimage","url":"https:\/\/www.torrevado.info\/Foto\/mare\/polpo.jpg","contentUrl":"https:\/\/www.torrevado.info\/Foto\/mare\/polpo.jpg"},{"@type":"BreadcrumbList","@id":"https:\/\/www.torrevado.info\/news\/index.php\/2008\/08\/campionato-assoluto-di-pesca-in-apnea-a-torre-vado.html#breadcrumb","itemListElement":[{"@type":"ListItem","position":1,"name":"Home","item":"https:\/\/www.torrevado.info\/news"},{"@type":"ListItem","position":2,"name":"Campionato Assoluto di Pesca in apnea a Torre Vado"}]},{"@type":"WebSite","@id":"https:\/\/www.torrevado.info\/news\/#website","url":"https:\/\/www.torrevado.info\/news\/","name":"Eventi e Notizie del Salento","description":"","potentialAction":[{"@type":"SearchAction","target":{"@type":"EntryPoint","urlTemplate":"https:\/\/www.torrevado.info\/news\/?s={search_term_string}"},"query-input":{"@type":"PropertyValueSpecification","valueRequired":true,"valueName":"search_term_string"}}],"inLanguage":"it-IT"},{"@type":"Person","@id":"https:\/\/www.torrevado.info\/news\/#\/schema\/person\/a9363953b66f43d14aee071a8faa0a3d","name":"Anna Maria Ciardo","sameAs":["http:\/\/"]}]}},"_links":{"self":[{"href":"https:\/\/www.torrevado.info\/news\/index.php\/wp-json\/wp\/v2\/posts\/451","targetHints":{"allow":["GET"]}}],"collection":[{"href":"https:\/\/www.torrevado.info\/news\/index.php\/wp-json\/wp\/v2\/posts"}],"about":[{"href":"https:\/\/www.torrevado.info\/news\/index.php\/wp-json\/wp\/v2\/types\/post"}],"author":[{"embeddable":true,"href":"https:\/\/www.torrevado.info\/news\/index.php\/wp-json\/wp\/v2\/users\/2"}],"replies":[{"embeddable":true,"href":"https:\/\/www.torrevado.info\/news\/index.php\/wp-json\/wp\/v2\/comments?post=451"}],"version-history":[{"count":0,"href":"https:\/\/www.torrevado.info\/news\/index.php\/wp-json\/wp\/v2\/posts\/451\/revisions"}],"wp:attachment":[{"href":"https:\/\/www.torrevado.info\/news\/index.php\/wp-json\/wp\/v2\/media?parent=451"}],"wp:term":[{"taxonomy":"category","embeddable":true,"href":"https:\/\/www.torrevado.info\/news\/index.php\/wp-json\/wp\/v2\/categories?post=451"},{"taxonomy":"post_tag","embeddable":true,"href":"https:\/\/www.torrevado.info\/news\/index.php\/wp-json\/wp\/v2\/tags?post=451"}],"curies":[{"name":"wp","href":"https:\/\/api.w.org\/{rel}","templated":true}]}}