{"id":835,"date":"2010-05-26T09:25:50","date_gmt":"2010-05-26T08:25:50","guid":{"rendered":"http:\/\/www.torrevado.info\/news\/?p=835"},"modified":"2023-12-11T17:13:07","modified_gmt":"2023-12-11T16:13:07","slug":"il-relitto-di-torre-vado-tevfik-kaptan","status":"publish","type":"post","link":"https:\/\/www.torrevado.info\/news\/index.php\/2010\/05\/il-relitto-di-torre-vado-tevfik-kaptan.html","title":{"rendered":"Il relitto di Torre Vado Tevfik Kaptan"},"content":{"rendered":"\n<p><strong>Il relitto di Torre Vado<\/strong><\/p>\n\n\n\n<p>Il mare non era particolarmente mosso la sera del 28 giugno 2007. La nave turca Tevfik Kaptan I era partita dal porto di Ortona (Chieti) e diretta in Algeria con un carico di mille tonnellate di filo di ferro in matasse.<br \/>Mentre navigava a poche miglia dalla costa di Torre Vado, il carico di ferro spostandosi provoc\u00f2 l\u2019inclinazione dello scafo, sul fianco sinistro. Di l\u00ec a qualche ora pi\u00f9 tardi, la nave affond\u00f2 adagiandosi in assetto di navigazione su un fondale di ventidue metri.<\/p>\n\n\n\n<p><img decoding=\"async\" class=\"ngg-singlepic ngg-center\" src=\"https:\/\/www.torrevado.info\/news\/wp-content\/gallery\/relitto-torre-vado\/relitto-torre-vado003.jpg\" alt=\"relitto-torre-vado003\"\/><br \/>Grazie al tempestivo intervento dei Carabinieri e della Guardia di Finanza, il timore per una possibile catastrofe ecologica fu evitato. Furono dispiegate moltissime unit\u00e0 di soccorso e le operazioni di recupero degli idrocarburi e oli presenti sulla nave, e tutte le quelle necessarie per la bonifica della stessa, furono completate in pochi giorni. In ultimo fu reciso l\u2019albero della nave che arrivando a soli ottanta centimetri dalla superficie, avrebbe potuto&nbsp; rappresentare un pericolo per la navigazione.<\/p>\n\n\n\n<p>Il 6 luglio 2007 il relitto era pronto per la sua nuova vita.<br \/>Da allora i sessantacinque metri di lunghezza della nave hanno iniziato ad accogliere tutte le forme di vita sedentarie trasportate dalle correnti, pi\u00f9 le innumerevoli specie ittiche che nella complessa struttura trovavano validissimo rifugio.<\/p>\n\n\n\n<p>Ora il relitto \u00e8 una palestra perfetta in tutti i suoi aspetti: il tragitto per arrivarci \u00e8 brevissimo, con gli indiscutibili vantaggi che questo pu\u00f2 comportare, specialmente quando il mare \u00e8 mosso, c\u2019\u00e8 vento e fa freddo. La profondit\u00e0 massima di soli 22 metri&nbsp; \u00e8 ideale per principianti e per gli esperti che, magari d\u2019inverno, vogliono restare in forma. Le strutture sono molto sicure, prive di lenze, reti e pericoli del genere.&nbsp; I pesci pelagici sono gi\u00e0 accorsi intorno allo scafo. Banchi di castagnole, boghe, mennole e zerri sono sempre presenti e sono arrivate anche le prime cernie dorate.<\/p>\n\n\n\n<p>La visione pi\u00f9 suggestiva del relitto \u00e8 la prua vista dal fondo: la nave appare in tutta la sua imponenza.<\/p>\n\n\n\n<figure class=\"wp-block-embed is-type-video is-provider-youtube wp-block-embed-youtube wp-embed-aspect-16-9 wp-has-aspect-ratio\"><div class=\"wp-block-embed__wrapper\">\n<p class=\"embed-responsive embed-responsive-16by9\"><iframe loading=\"lazy\" class=\"embed-responsive-item\"  title=\"Diving Service - Torre Vado (LE) - Tevfik Kaptan I\" width=\"500\" height=\"281\" src=\"https:\/\/www.youtube.com\/embed\/N8hlaQuDg40?feature=oembed\" frameborder=\"0\" allow=\"accelerometer; autoplay; clipboard-write; encrypted-media; gyroscope; picture-in-picture; web-share\" referrerpolicy=\"strict-origin-when-cross-origin\" allowfullscreen><\/iframe><\/p>\n<\/div><\/figure>\n\n\n\n<p>&nbsp;<\/p>\n\n\n\n<figure class=\"wp-block-gallery has-nested-images columns-default is-cropped wp-block-gallery-1 is-layout-flex wp-block-gallery-is-layout-flex\">\n<figure class=\"wp-block-image size-large\"><a href=\"https:\/\/www.torrevado.info\/news\/wp-content\/uploads\/2010\/05\/relitto-torre-vado011.jpg\" data-rel=\"lightbox-gallery-uXdrllml\" data-rl_title=\"\" data-rl_caption=\"\" title=\"\"><img loading=\"lazy\" decoding=\"async\" width=\"600\" height=\"450\" data-id=\"846\" src=\"https:\/\/www.torrevado.info\/news\/wp-content\/uploads\/2010\/05\/relitto-torre-vado011.jpg\" alt=\"\" class=\"wp-image-846\"\/><\/a><\/figure>\n\n\n\n<figure class=\"wp-block-image size-large\"><a href=\"https:\/\/www.torrevado.info\/news\/wp-content\/uploads\/2017\/07\/linea-blu-torrevado-pescoluse-leuca7.jpg\" data-rel=\"lightbox-gallery-uXdrllml\" data-rl_title=\"Linea Blu 2017 Torre Vado Relitto Marcello Ferrari\" data-rl_caption=\"\" title=\"Linea Blu 2017 Torre Vado Relitto Marcello Ferrari\"><img loading=\"lazy\" decoding=\"async\" width=\"800\" height=\"445\" data-id=\"2208\" src=\"https:\/\/www.torrevado.info\/news\/wp-content\/uploads\/2017\/07\/linea-blu-torrevado-pescoluse-leuca7.jpg\" alt=\"Linea Blu 2017 Torre Vado Relitto Marcello Ferrari\" class=\"wp-image-2208\" srcset=\"https:\/\/www.torrevado.info\/news\/wp-content\/uploads\/2017\/07\/linea-blu-torrevado-pescoluse-leuca7.jpg 800w, https:\/\/www.torrevado.info\/news\/wp-content\/uploads\/2017\/07\/linea-blu-torrevado-pescoluse-leuca7-300x167.jpg 300w, https:\/\/www.torrevado.info\/news\/wp-content\/uploads\/2017\/07\/linea-blu-torrevado-pescoluse-leuca7-768x427.jpg 768w\" sizes=\"auto, (max-width: 800px) 100vw, 800px\" \/><\/a><\/figure>\n\n\n\n<figure class=\"wp-block-image size-large\"><a href=\"https:\/\/www.torrevado.info\/news\/wp-content\/uploads\/2017\/07\/linea-blu-torrevado-pescoluse-leuca8.jpg\" data-rel=\"lightbox-gallery-uXdrllml\" data-rl_title=\"Linea Blu 2017 Torre Vado Relitto\" data-rl_caption=\"\" title=\"Linea Blu 2017 Torre Vado Relitto\"><img loading=\"lazy\" decoding=\"async\" width=\"800\" height=\"449\" data-id=\"2207\" src=\"https:\/\/www.torrevado.info\/news\/wp-content\/uploads\/2017\/07\/linea-blu-torrevado-pescoluse-leuca8.jpg\" alt=\"Linea Blu 2017 Torre Vado Relitto\" class=\"wp-image-2207\" srcset=\"https:\/\/www.torrevado.info\/news\/wp-content\/uploads\/2017\/07\/linea-blu-torrevado-pescoluse-leuca8.jpg 800w, https:\/\/www.torrevado.info\/news\/wp-content\/uploads\/2017\/07\/linea-blu-torrevado-pescoluse-leuca8-300x168.jpg 300w, https:\/\/www.torrevado.info\/news\/wp-content\/uploads\/2017\/07\/linea-blu-torrevado-pescoluse-leuca8-768x431.jpg 768w\" sizes=\"auto, (max-width: 800px) 100vw, 800px\" \/><\/a><\/figure>\n\n\n\n<figure class=\"wp-block-image size-large\"><a href=\"https:\/\/www.torrevado.info\/news\/wp-content\/uploads\/2010\/05\/relitto-torre-vado013.jpg\" data-rel=\"lightbox-gallery-uXdrllml\" data-rl_title=\"\" data-rl_caption=\"\" title=\"\"><img loading=\"lazy\" decoding=\"async\" width=\"430\" height=\"600\" data-id=\"848\" src=\"https:\/\/www.torrevado.info\/news\/wp-content\/uploads\/2010\/05\/relitto-torre-vado013.jpg\" alt=\"\" class=\"wp-image-848\"\/><\/a><\/figure>\n\n\n\n<figure class=\"wp-block-image size-large\"><a href=\"https:\/\/www.torrevado.info\/news\/wp-content\/uploads\/2010\/05\/relitto-torre-vado012.jpg\" data-rel=\"lightbox-gallery-uXdrllml\" data-rl_title=\"\" data-rl_caption=\"\" title=\"\"><img loading=\"lazy\" decoding=\"async\" width=\"472\" height=\"600\" data-id=\"847\" src=\"https:\/\/www.torrevado.info\/news\/wp-content\/uploads\/2010\/05\/relitto-torre-vado012.jpg\" alt=\"\" class=\"wp-image-847\"\/><\/a><\/figure>\n\n\n\n<figure class=\"wp-block-image size-large\"><a href=\"https:\/\/www.torrevado.info\/news\/wp-content\/uploads\/2010\/05\/relitto-torre-vado010.jpg\" data-rel=\"lightbox-gallery-uXdrllml\" data-rl_title=\"\" data-rl_caption=\"\" title=\"\"><img loading=\"lazy\" decoding=\"async\" width=\"450\" height=\"600\" data-id=\"845\" src=\"https:\/\/www.torrevado.info\/news\/wp-content\/uploads\/2010\/05\/relitto-torre-vado010.jpg\" alt=\"\" class=\"wp-image-845\"\/><\/a><\/figure>\n\n\n\n<figure class=\"wp-block-image size-large\"><a href=\"https:\/\/www.torrevado.info\/news\/wp-content\/uploads\/2010\/05\/relitto-torre-vado009.jpg\" data-rel=\"lightbox-gallery-uXdrllml\" data-rl_title=\"\" data-rl_caption=\"\" title=\"\"><img loading=\"lazy\" decoding=\"async\" width=\"401\" height=\"600\" data-id=\"844\" src=\"https:\/\/www.torrevado.info\/news\/wp-content\/uploads\/2010\/05\/relitto-torre-vado009.jpg\" alt=\"\" class=\"wp-image-844\"\/><\/a><\/figure>\n\n\n\n<figure class=\"wp-block-image size-large\"><a href=\"https:\/\/www.torrevado.info\/news\/wp-content\/uploads\/2010\/05\/relitto-torre-vado008.jpg\" data-rel=\"lightbox-gallery-uXdrllml\" data-rl_title=\"\" data-rl_caption=\"\" title=\"\"><img loading=\"lazy\" decoding=\"async\" width=\"401\" height=\"600\" data-id=\"843\" src=\"https:\/\/www.torrevado.info\/news\/wp-content\/uploads\/2010\/05\/relitto-torre-vado008.jpg\" alt=\"\" class=\"wp-image-843\"\/><\/a><\/figure>\n\n\n\n<figure class=\"wp-block-image size-large\"><a href=\"https:\/\/www.torrevado.info\/news\/wp-content\/uploads\/2010\/05\/relitto-torre-vado007.jpg\" data-rel=\"lightbox-gallery-uXdrllml\" data-rl_title=\"\" data-rl_caption=\"\" title=\"\"><img loading=\"lazy\" decoding=\"async\" width=\"599\" height=\"401\" data-id=\"842\" src=\"https:\/\/www.torrevado.info\/news\/wp-content\/uploads\/2010\/05\/relitto-torre-vado007.jpg\" alt=\"\" class=\"wp-image-842\"\/><\/a><\/figure>\n\n\n\n<figure class=\"wp-block-image size-large\"><a href=\"https:\/\/www.torrevado.info\/news\/wp-content\/uploads\/2010\/05\/relitto-torre-vado006.jpg\" data-rel=\"lightbox-gallery-uXdrllml\" data-rl_title=\"\" data-rl_caption=\"\" title=\"\"><img loading=\"lazy\" decoding=\"async\" width=\"401\" height=\"600\" data-id=\"841\" src=\"https:\/\/www.torrevado.info\/news\/wp-content\/uploads\/2010\/05\/relitto-torre-vado006.jpg\" alt=\"\" class=\"wp-image-841\"\/><\/a><\/figure>\n\n\n\n<figure class=\"wp-block-image size-large\"><a href=\"https:\/\/www.torrevado.info\/news\/wp-content\/uploads\/2010\/05\/relitto-torre-vado005.jpg\" data-rel=\"lightbox-gallery-uXdrllml\" data-rl_title=\"\" data-rl_caption=\"\" title=\"\"><img loading=\"lazy\" decoding=\"async\" width=\"401\" height=\"600\" data-id=\"840\" src=\"https:\/\/www.torrevado.info\/news\/wp-content\/uploads\/2010\/05\/relitto-torre-vado005.jpg\" alt=\"\" class=\"wp-image-840\"\/><\/a><\/figure>\n\n\n\n<figure class=\"wp-block-image size-large\"><a href=\"https:\/\/www.torrevado.info\/news\/wp-content\/uploads\/2010\/05\/relitto-torre-vado004.jpg\" data-rel=\"lightbox-gallery-uXdrllml\" data-rl_title=\"\" data-rl_caption=\"\" title=\"\"><img loading=\"lazy\" decoding=\"async\" width=\"401\" height=\"600\" data-id=\"839\" src=\"https:\/\/www.torrevado.info\/news\/wp-content\/uploads\/2010\/05\/relitto-torre-vado004.jpg\" alt=\"\" class=\"wp-image-839\"\/><\/a><\/figure>\n\n\n\n<figure class=\"wp-block-image size-large\"><a href=\"https:\/\/www.torrevado.info\/news\/wp-content\/uploads\/2010\/05\/relitto-torre-vado003.jpg\" data-rel=\"lightbox-gallery-uXdrllml\" data-rl_title=\"\" data-rl_caption=\"\" title=\"\"><img loading=\"lazy\" decoding=\"async\" width=\"401\" height=\"600\" data-id=\"838\" src=\"https:\/\/www.torrevado.info\/news\/wp-content\/uploads\/2010\/05\/relitto-torre-vado003.jpg\" alt=\"\" class=\"wp-image-838\"\/><\/a><\/figure>\n\n\n\n<figure class=\"wp-block-image size-large\"><a href=\"https:\/\/www.torrevado.info\/news\/wp-content\/uploads\/2010\/05\/relitto-torre-vado002.jpg\" data-rel=\"lightbox-gallery-uXdrllml\" data-rl_title=\"\" data-rl_caption=\"\" title=\"\"><img loading=\"lazy\" decoding=\"async\" width=\"599\" height=\"401\" data-id=\"837\" src=\"https:\/\/www.torrevado.info\/news\/wp-content\/uploads\/2010\/05\/relitto-torre-vado002.jpg\" alt=\"\" class=\"wp-image-837\"\/><\/a><\/figure>\n<\/figure>\n","protected":false},"excerpt":{"rendered":"<p>Il relitto di Torre Vado Il mare non era particolarmente mosso la sera del 28 giugno 2007. La nave turca Tevfik Kaptan I era partita dal porto di Ortona (Chieti) e diretta in Algeria con un carico di mille tonnellate di filo di ferro in matasse.Mentre navigava a poche miglia dalla costa di Torre Vado, il carico di ferro spostandosi provoc\u00f2 l\u2019inclinazione dello scafo, sul fianco sinistro. Di l\u00ec a qualche ora pi\u00f9 tardi, la nave affond\u00f2 adagiandosi in assetto [&hellip;]<\/p>\n","protected":false},"author":1,"featured_media":0,"comment_status":"open","ping_status":"closed","sticky":false,"template":"","format":"standard","meta":{"footnotes":""},"categories":[150],"tags":[],"class_list":["post-835","post","type-post","status-publish","format-standard","hentry","category-torre-vado-morciano-barbarano-torre-vado"],"yoast_head":"<!-- This site is optimized with the Yoast SEO plugin v24.7 - https:\/\/yoast.com\/wordpress\/plugins\/seo\/ -->\r\n<title>Il relitto di Torre Vado Tevfik Kaptan<\/title>\r\n<meta name=\"description\" content=\"La visione pi\u00f9 suggestiva del relitto \u00e8 la prua vista dal fondo: la nave appare in tutta la sua imponenza, cos\u00ec perfetta e in assetto di navigazione, ancora priva di ruggine e di incrostazioni; quasi tutto \u00e8 rimasto come quella sera del 28 giugno\u2026 la macchina da scrivere del comandante, gli appunti per il carteggio, la strumentazione di bordo.\" \/>\r\n<meta name=\"robots\" content=\"index, follow, max-snippet:-1, max-image-preview:large, max-video-preview:-1\" \/>\r\n<link rel=\"canonical\" href=\"https:\/\/www.torrevado.info\/news\/index.php\/2010\/05\/il-relitto-di-torre-vado-tevfik-kaptan.html\" \/>\r\n<meta property=\"og:locale\" content=\"it_IT\" \/>\r\n<meta property=\"og:type\" content=\"article\" \/>\r\n<meta property=\"og:title\" content=\"Il relitto di Torre Vado Tevfik Kaptan\" \/>\r\n<meta property=\"og:description\" content=\"La visione pi\u00f9 suggestiva del relitto \u00e8 la prua vista dal fondo: la nave appare in tutta la sua imponenza, cos\u00ec perfetta e in assetto di navigazione, ancora priva di ruggine e di incrostazioni; quasi tutto \u00e8 rimasto come quella sera del 28 giugno\u2026 la macchina da scrivere del comandante, gli appunti per il carteggio, la strumentazione di bordo.\" \/>\r\n<meta property=\"og:url\" content=\"https:\/\/www.torrevado.info\/news\/index.php\/2010\/05\/il-relitto-di-torre-vado-tevfik-kaptan.html\" \/>\r\n<meta property=\"og:site_name\" content=\"Eventi e Notizie del Salento\" \/>\r\n<meta property=\"article:published_time\" content=\"2010-05-26T08:25:50+00:00\" \/>\r\n<meta property=\"article:modified_time\" content=\"2023-12-11T16:13:07+00:00\" \/>\r\n<meta property=\"og:image\" content=\"https:\/\/www.torrevado.info\/news\/wp-content\/gallery\/relitto-torre-vado\/relitto-torre-vado003.jpg\" \/>\r\n<meta name=\"author\" content=\"Pantaleo\" \/>\r\n<meta name=\"twitter:card\" content=\"summary_large_image\" \/>\r\n<meta name=\"twitter:label1\" content=\"Scritto da\" \/>\n\t<meta name=\"twitter:data1\" content=\"Pantaleo\" \/>\n\t<meta name=\"twitter:label2\" content=\"Tempo di lettura stimato\" \/>\n\t<meta name=\"twitter:data2\" content=\"2 minuti\" \/>\r\n<script type=\"application\/ld+json\" class=\"yoast-schema-graph\">{\"@context\":\"https:\/\/schema.org\",\"@graph\":[{\"@type\":\"WebPage\",\"@id\":\"https:\/\/www.torrevado.info\/news\/index.php\/2010\/05\/il-relitto-di-torre-vado-tevfik-kaptan.html\",\"url\":\"https:\/\/www.torrevado.info\/news\/index.php\/2010\/05\/il-relitto-di-torre-vado-tevfik-kaptan.html\",\"name\":\"Il relitto di Torre Vado Tevfik Kaptan\",\"isPartOf\":{\"@id\":\"https:\/\/www.torrevado.info\/news\/#website\"},\"primaryImageOfPage\":{\"@id\":\"https:\/\/www.torrevado.info\/news\/index.php\/2010\/05\/il-relitto-di-torre-vado-tevfik-kaptan.html#primaryimage\"},\"image\":{\"@id\":\"https:\/\/www.torrevado.info\/news\/index.php\/2010\/05\/il-relitto-di-torre-vado-tevfik-kaptan.html#primaryimage\"},\"thumbnailUrl\":\"https:\/\/www.torrevado.info\/news\/wp-content\/gallery\/relitto-torre-vado\/relitto-torre-vado003.jpg\",\"datePublished\":\"2010-05-26T08:25:50+00:00\",\"dateModified\":\"2023-12-11T16:13:07+00:00\",\"author\":{\"@id\":\"https:\/\/www.torrevado.info\/news\/#\/schema\/person\/c93221d84694d6dea4b52ec83c18e78d\"},\"description\":\"La visione pi\u00f9 suggestiva del relitto \u00e8 la prua vista dal fondo: la nave appare in tutta la sua imponenza, cos\u00ec perfetta e in assetto di navigazione, ancora priva di ruggine e di incrostazioni; quasi tutto \u00e8 rimasto come quella sera del 28 giugno\u2026 la macchina da scrivere del comandante, gli appunti per il carteggio, la strumentazione di bordo.\",\"breadcrumb\":{\"@id\":\"https:\/\/www.torrevado.info\/news\/index.php\/2010\/05\/il-relitto-di-torre-vado-tevfik-kaptan.html#breadcrumb\"},\"inLanguage\":\"it-IT\",\"potentialAction\":[{\"@type\":\"ReadAction\",\"target\":[\"https:\/\/www.torrevado.info\/news\/index.php\/2010\/05\/il-relitto-di-torre-vado-tevfik-kaptan.html\"]}]},{\"@type\":\"ImageObject\",\"inLanguage\":\"it-IT\",\"@id\":\"https:\/\/www.torrevado.info\/news\/index.php\/2010\/05\/il-relitto-di-torre-vado-tevfik-kaptan.html#primaryimage\",\"url\":\"https:\/\/www.torrevado.info\/news\/wp-content\/gallery\/relitto-torre-vado\/relitto-torre-vado003.jpg\",\"contentUrl\":\"https:\/\/www.torrevado.info\/news\/wp-content\/gallery\/relitto-torre-vado\/relitto-torre-vado003.jpg\"},{\"@type\":\"BreadcrumbList\",\"@id\":\"https:\/\/www.torrevado.info\/news\/index.php\/2010\/05\/il-relitto-di-torre-vado-tevfik-kaptan.html#breadcrumb\",\"itemListElement\":[{\"@type\":\"ListItem\",\"position\":1,\"name\":\"Home\",\"item\":\"https:\/\/www.torrevado.info\/news\"},{\"@type\":\"ListItem\",\"position\":2,\"name\":\"Il relitto di Torre Vado Tevfik Kaptan\"}]},{\"@type\":\"WebSite\",\"@id\":\"https:\/\/www.torrevado.info\/news\/#website\",\"url\":\"https:\/\/www.torrevado.info\/news\/\",\"name\":\"Eventi e Notizie del Salento\",\"description\":\"\",\"potentialAction\":[{\"@type\":\"SearchAction\",\"target\":{\"@type\":\"EntryPoint\",\"urlTemplate\":\"https:\/\/www.torrevado.info\/news\/?s={search_term_string}\"},\"query-input\":{\"@type\":\"PropertyValueSpecification\",\"valueRequired\":true,\"valueName\":\"search_term_string\"}}],\"inLanguage\":\"it-IT\"},{\"@type\":\"Person\",\"@id\":\"https:\/\/www.torrevado.info\/news\/#\/schema\/person\/c93221d84694d6dea4b52ec83c18e78d\",\"name\":\"Pantaleo\"}]}<\/script>\r\n<!-- \/ Yoast SEO plugin. -->","yoast_head_json":{"title":"Il relitto di Torre Vado Tevfik Kaptan","description":"La visione pi\u00f9 suggestiva del relitto \u00e8 la prua vista dal fondo: la nave appare in tutta la sua imponenza, cos\u00ec perfetta e in assetto di navigazione, ancora priva di ruggine e di incrostazioni; quasi tutto \u00e8 rimasto come quella sera del 28 giugno\u2026 la macchina da scrivere del comandante, gli appunti per il carteggio, la strumentazione di bordo.","robots":{"index":"index","follow":"follow","max-snippet":"max-snippet:-1","max-image-preview":"max-image-preview:large","max-video-preview":"max-video-preview:-1"},"canonical":"https:\/\/www.torrevado.info\/news\/index.php\/2010\/05\/il-relitto-di-torre-vado-tevfik-kaptan.html","og_locale":"it_IT","og_type":"article","og_title":"Il relitto di Torre Vado Tevfik Kaptan","og_description":"La visione pi\u00f9 suggestiva del relitto \u00e8 la prua vista dal fondo: la nave appare in tutta la sua imponenza, cos\u00ec perfetta e in assetto di navigazione, ancora priva di ruggine e di incrostazioni; quasi tutto \u00e8 rimasto come quella sera del 28 giugno\u2026 la macchina da scrivere del comandante, gli appunti per il carteggio, la strumentazione di bordo.","og_url":"https:\/\/www.torrevado.info\/news\/index.php\/2010\/05\/il-relitto-di-torre-vado-tevfik-kaptan.html","og_site_name":"Eventi e Notizie del Salento","article_published_time":"2010-05-26T08:25:50+00:00","article_modified_time":"2023-12-11T16:13:07+00:00","og_image":[{"url":"https:\/\/www.torrevado.info\/news\/wp-content\/gallery\/relitto-torre-vado\/relitto-torre-vado003.jpg","type":"","width":"","height":""}],"author":"Pantaleo","twitter_card":"summary_large_image","twitter_misc":{"Scritto da":"Pantaleo","Tempo di lettura stimato":"2 minuti"},"schema":{"@context":"https:\/\/schema.org","@graph":[{"@type":"WebPage","@id":"https:\/\/www.torrevado.info\/news\/index.php\/2010\/05\/il-relitto-di-torre-vado-tevfik-kaptan.html","url":"https:\/\/www.torrevado.info\/news\/index.php\/2010\/05\/il-relitto-di-torre-vado-tevfik-kaptan.html","name":"Il relitto di Torre Vado Tevfik Kaptan","isPartOf":{"@id":"https:\/\/www.torrevado.info\/news\/#website"},"primaryImageOfPage":{"@id":"https:\/\/www.torrevado.info\/news\/index.php\/2010\/05\/il-relitto-di-torre-vado-tevfik-kaptan.html#primaryimage"},"image":{"@id":"https:\/\/www.torrevado.info\/news\/index.php\/2010\/05\/il-relitto-di-torre-vado-tevfik-kaptan.html#primaryimage"},"thumbnailUrl":"https:\/\/www.torrevado.info\/news\/wp-content\/gallery\/relitto-torre-vado\/relitto-torre-vado003.jpg","datePublished":"2010-05-26T08:25:50+00:00","dateModified":"2023-12-11T16:13:07+00:00","author":{"@id":"https:\/\/www.torrevado.info\/news\/#\/schema\/person\/c93221d84694d6dea4b52ec83c18e78d"},"description":"La visione pi\u00f9 suggestiva del relitto \u00e8 la prua vista dal fondo: la nave appare in tutta la sua imponenza, cos\u00ec perfetta e in assetto di navigazione, ancora priva di ruggine e di incrostazioni; quasi tutto \u00e8 rimasto come quella sera del 28 giugno\u2026 la macchina da scrivere del comandante, gli appunti per il carteggio, la strumentazione di bordo.","breadcrumb":{"@id":"https:\/\/www.torrevado.info\/news\/index.php\/2010\/05\/il-relitto-di-torre-vado-tevfik-kaptan.html#breadcrumb"},"inLanguage":"it-IT","potentialAction":[{"@type":"ReadAction","target":["https:\/\/www.torrevado.info\/news\/index.php\/2010\/05\/il-relitto-di-torre-vado-tevfik-kaptan.html"]}]},{"@type":"ImageObject","inLanguage":"it-IT","@id":"https:\/\/www.torrevado.info\/news\/index.php\/2010\/05\/il-relitto-di-torre-vado-tevfik-kaptan.html#primaryimage","url":"https:\/\/www.torrevado.info\/news\/wp-content\/gallery\/relitto-torre-vado\/relitto-torre-vado003.jpg","contentUrl":"https:\/\/www.torrevado.info\/news\/wp-content\/gallery\/relitto-torre-vado\/relitto-torre-vado003.jpg"},{"@type":"BreadcrumbList","@id":"https:\/\/www.torrevado.info\/news\/index.php\/2010\/05\/il-relitto-di-torre-vado-tevfik-kaptan.html#breadcrumb","itemListElement":[{"@type":"ListItem","position":1,"name":"Home","item":"https:\/\/www.torrevado.info\/news"},{"@type":"ListItem","position":2,"name":"Il relitto di Torre Vado Tevfik Kaptan"}]},{"@type":"WebSite","@id":"https:\/\/www.torrevado.info\/news\/#website","url":"https:\/\/www.torrevado.info\/news\/","name":"Eventi e Notizie del Salento","description":"","potentialAction":[{"@type":"SearchAction","target":{"@type":"EntryPoint","urlTemplate":"https:\/\/www.torrevado.info\/news\/?s={search_term_string}"},"query-input":{"@type":"PropertyValueSpecification","valueRequired":true,"valueName":"search_term_string"}}],"inLanguage":"it-IT"},{"@type":"Person","@id":"https:\/\/www.torrevado.info\/news\/#\/schema\/person\/c93221d84694d6dea4b52ec83c18e78d","name":"Pantaleo"}]}},"_links":{"self":[{"href":"https:\/\/www.torrevado.info\/news\/index.php\/wp-json\/wp\/v2\/posts\/835","targetHints":{"allow":["GET"]}}],"collection":[{"href":"https:\/\/www.torrevado.info\/news\/index.php\/wp-json\/wp\/v2\/posts"}],"about":[{"href":"https:\/\/www.torrevado.info\/news\/index.php\/wp-json\/wp\/v2\/types\/post"}],"author":[{"embeddable":true,"href":"https:\/\/www.torrevado.info\/news\/index.php\/wp-json\/wp\/v2\/users\/1"}],"replies":[{"embeddable":true,"href":"https:\/\/www.torrevado.info\/news\/index.php\/wp-json\/wp\/v2\/comments?post=835"}],"version-history":[{"count":5,"href":"https:\/\/www.torrevado.info\/news\/index.php\/wp-json\/wp\/v2\/posts\/835\/revisions"}],"predecessor-version":[{"id":3250,"href":"https:\/\/www.torrevado.info\/news\/index.php\/wp-json\/wp\/v2\/posts\/835\/revisions\/3250"}],"wp:attachment":[{"href":"https:\/\/www.torrevado.info\/news\/index.php\/wp-json\/wp\/v2\/media?parent=835"}],"wp:term":[{"taxonomy":"category","embeddable":true,"href":"https:\/\/www.torrevado.info\/news\/index.php\/wp-json\/wp\/v2\/categories?post=835"},{"taxonomy":"post_tag","embeddable":true,"href":"https:\/\/www.torrevado.info\/news\/index.php\/wp-json\/wp\/v2\/tags?post=835"}],"curies":[{"name":"wp","href":"https:\/\/api.w.org\/{rel}","templated":true}]}}